{"id":7636,"date":"2016-04-15T13:48:54","date_gmt":"2016-04-15T16:48:54","guid":{"rendered":"http:\/\/blog.cancaonova.com\/bh\/?p=7636"},"modified":"2016-04-15T13:54:00","modified_gmt":"2016-04-15T16:54:00","slug":"convite-do-padre-adriano","status":"publish","type":"post","link":"https:\/\/blog.cancaonova.com\/belohorizonte\/convite-do-padre-adriano\/","title":{"rendered":"Padre Adriano Zandon\u00e1 tem um convite para voc\u00ea!"},"content":{"rendered":"<div class=\"pf-content\"><p>Entre os dias 30 de abril a 01 de maio a<a href=\"http:\/\/blog.cancaonova.com\/bh\/frente-de-missao\/quem-somos\/\"> Can\u00e7\u00e3o Nova Minas<\/a> e a Forania S\u00e3o Paulo da Cruz promovem o Encontro de <a href=\"https:\/\/www.google.com\/url?q=http:\/\/formacao.cancaonova.com\/espiritualidade\/cura-interior\/&amp;sa=U&amp;ved=0ahUKEwit8Lbq2YbMAhUJpx4KHcj_AkIQFggHMAE&amp;client=internal-uds-cse&amp;usg=AFQjCNEUSrokhtMRuzphsmB1rY4SoRxguA\" target=\"_blank\">Cura Interior<\/a> na Escola Municipal Professora Isaura Santos, no bairro Barreiro de Cima, em Belo Horizonte (MG). O evento conta com a participa\u00e7\u00e3o dos mission\u00e1rios da Comunidade Can\u00e7\u00e3o Nova<a href=\"https:\/\/twitter.com\/peadrianozcn\" target=\"_blank\">padre Adriano Zandon\u00e1<\/a> e <a href=\"https:\/\/twitter.com\/judepaulacn\" target=\"_blank\">Juliana de Paula<\/a> e ainda com a Marilza Valentim, pregadora da <a href=\"https:\/\/www.google.com\/url?q=http:\/\/wiki.cancaonova.com\/index.php\/Renova%25C3%25A7%25C3%25A3o_Carism%25C3%25A1tica&amp;sa=U&amp;ved=0ahUKEwjfqs-Z2obMAhWI2R4KHbmcC0IQFggIMAE&amp;client=internal-uds-cse&amp;usg=AFQjCNFSctYn_tHoxb4KPdiXhhEzPl5Qrw\" target=\"_blank\">Renova\u00e7\u00e3o Carism\u00e1tica Cat\u00f3lica <\/a>(RCC \u2013 BH).<\/p>\n<p><a href=\"http:\/\/bit.ly\/encontro-pe-adriano-zandona\"><img loading=\"lazy\" decoding=\"async\" class=\"size-full wp-image-7642 alignleft\" src=\"http:\/\/blog.cancaonova.com\/bh\/files\/2016\/04\/proximo-evento1.jpg\" alt=\"proximo evento\" width=\"254\" height=\"160\" \/><\/a><strong>Confira o convite:<\/strong><br \/>\n<iframe loading=\"lazy\" width=\"350\" height=\"50\" src=\"https:\/\/fast.player.liquidplatform.com\/pApiv2\/embed\/4b315cccb0551df0ffa7621dce36a0ec\/d9649f51f5d6a2f2e7b6b56ca9711f13\" scrolling=\"no\" frameborder=\"0\"><\/iframe><\/p>\n<p>&nbsp;<\/p>\n<\/div>","protected":false},"excerpt":{"rendered":"<p>Entre os dias 30 de abril a 01 de maio a Can\u00e7\u00e3o Nova Minas e a Forania S\u00e3o Paulo da Cruz promovem o Encontro de Cura Interior na Escola Municipal Professora Isaura Santos, no bairro Barreiro de Cima, em Belo&#8230;<\/p>\n","protected":false},"author":1081,"featured_media":0,"comment_status":"open","ping_status":"open","sticky":false,"template":"","format":"standard","meta":{"_mi_skip_tracking":false,"_monsterinsights_sitenote_active":false,"_monsterinsights_sitenote_note":"","_monsterinsights_sitenote_category":0,"footnotes":""},"categories":[12431],"tags":[],"_links":{"self":[{"href":"https:\/\/blog.cancaonova.com\/belohorizonte\/wp-json\/wp\/v2\/posts\/7636"}],"collection":[{"href":"https:\/\/blog.cancaonova.com\/belohorizonte\/wp-json\/wp\/v2\/posts"}],"about":[{"href":"https:\/\/blog.cancaonova.com\/belohorizonte\/wp-json\/wp\/v2\/types\/post"}],"author":[{"embeddable":true,"href":"https:\/\/blog.cancaonova.com\/belohorizonte\/wp-json\/wp\/v2\/users\/1081"}],"replies":[{"embeddable":true,"href":"https:\/\/blog.cancaonova.com\/belohorizonte\/wp-json\/wp\/v2\/comments?post=7636"}],"version-history":[{"count":6,"href":"https:\/\/blog.cancaonova.com\/belohorizonte\/wp-json\/wp\/v2\/posts\/7636\/revisions"}],"predecessor-version":[{"id":7644,"href":"https:\/\/blog.cancaonova.com\/belohorizonte\/wp-json\/wp\/v2\/posts\/7636\/revisions\/7644"}],"wp:attachment":[{"href":"https:\/\/blog.cancaonova.com\/belohorizonte\/wp-json\/wp\/v2\/media?parent=7636"}],"wp:term":[{"taxonomy":"category","embeddable":true,"href":"https:\/\/blog.cancaonova.com\/belohorizonte\/wp-json\/wp\/v2\/categories?post=7636"},{"taxonomy":"post_tag","embeddable":true,"href":"https:\/\/blog.cancaonova.com\/belohorizonte\/wp-json\/wp\/v2\/tags?post=7636"}],"curies":[{"name":"wp","href":"https:\/\/api.w.org\/{rel}","templated":true}]}}