{"id":7683,"date":"2016-04-26T21:28:36","date_gmt":"2016-04-27T00:28:36","guid":{"rendered":"http:\/\/blog.cancaonova.com\/bh\/?p=7683"},"modified":"2016-04-26T21:29:18","modified_gmt":"2016-04-27T00:29:18","slug":"7683-2","status":"publish","type":"post","link":"https:\/\/blog.cancaonova.com\/belohorizonte\/7683-2\/","title":{"rendered":"\u00c1UDIO: Semin\u00e1rio de Vida no Esp\u00edrito | \"Pecado\""},"content":{"rendered":"<div class=\"pf-content\"><p>A Can\u00e7\u00e3o Nova Minas promove entre os dias 12 de abril a 7 de junho o Semin\u00e1rio de Vida no Esp\u00edrito. Numa s\u00e9rie de\u00a0nove ter\u00e7as-feiras seguidas, os encontros iniciar\u00e3o sempre \u00e0s 19h30 na sede da comunidade na Avenida Izabel Bueno, 400 no bairro Jaragu\u00e1, em Belo Horizonte (MG).<\/p>\n<p>A terceira\u00a0prega\u00e7\u00e3o do Semin\u00e1rio do Esp\u00edrito Santo foi com Reinaldo Esteves sobre &#8220;Pecado&#8221;,ou\u00e7a:<\/p>\n<iframe loading=\"lazy\" width=\"100%\" height=\"120\" src=\"https:\/\/www.mixcloud.com\/widget\/iframe\/?feed=https%3A%2F%2Fwww.mixcloud.com%2FCancaoNovaMinas%2Fprega%25C3%25A7%25C3%25A3o-pecado-_-reinaldo-cn%2F&hide_cover=1&light=1\" frameborder=\"0\"><\/iframe>\n<\/div>","protected":false},"excerpt":{"rendered":"<p>A Can\u00e7\u00e3o Nova Minas promove entre os dias 12 de abril a 7 de junho o Semin\u00e1rio de Vida no Esp\u00edrito. Numa s\u00e9rie de\u00a0nove ter\u00e7as-feiras seguidas, os encontros iniciar\u00e3o sempre \u00e0s 19h30 na sede da comunidade na Avenida Izabel Bueno,&#8230;<\/p>\n","protected":false},"author":1081,"featured_media":0,"comment_status":"open","ping_status":"open","sticky":false,"template":"","format":"standard","meta":{"_mi_skip_tracking":false,"_monsterinsights_sitenote_active":false,"_monsterinsights_sitenote_note":"","_monsterinsights_sitenote_category":0,"footnotes":""},"categories":[12431],"tags":[],"_links":{"self":[{"href":"https:\/\/blog.cancaonova.com\/belohorizonte\/wp-json\/wp\/v2\/posts\/7683"}],"collection":[{"href":"https:\/\/blog.cancaonova.com\/belohorizonte\/wp-json\/wp\/v2\/posts"}],"about":[{"href":"https:\/\/blog.cancaonova.com\/belohorizonte\/wp-json\/wp\/v2\/types\/post"}],"author":[{"embeddable":true,"href":"https:\/\/blog.cancaonova.com\/belohorizonte\/wp-json\/wp\/v2\/users\/1081"}],"replies":[{"embeddable":true,"href":"https:\/\/blog.cancaonova.com\/belohorizonte\/wp-json\/wp\/v2\/comments?post=7683"}],"version-history":[{"count":2,"href":"https:\/\/blog.cancaonova.com\/belohorizonte\/wp-json\/wp\/v2\/posts\/7683\/revisions"}],"predecessor-version":[{"id":7685,"href":"https:\/\/blog.cancaonova.com\/belohorizonte\/wp-json\/wp\/v2\/posts\/7683\/revisions\/7685"}],"wp:attachment":[{"href":"https:\/\/blog.cancaonova.com\/belohorizonte\/wp-json\/wp\/v2\/media?parent=7683"}],"wp:term":[{"taxonomy":"category","embeddable":true,"href":"https:\/\/blog.cancaonova.com\/belohorizonte\/wp-json\/wp\/v2\/categories?post=7683"},{"taxonomy":"post_tag","embeddable":true,"href":"https:\/\/blog.cancaonova.com\/belohorizonte\/wp-json\/wp\/v2\/tags?post=7683"}],"curies":[{"name":"wp","href":"https:\/\/api.w.org\/{rel}","templated":true}]}}