{"id":7727,"date":"2016-05-12T21:36:51","date_gmt":"2016-05-13T00:36:51","guid":{"rendered":"http:\/\/blog.cancaonova.com\/bh\/?p=7727"},"modified":"2016-05-12T21:36:51","modified_gmt":"2016-05-13T00:36:51","slug":"audio-pedi-o-espirito-santo-homilia","status":"publish","type":"post","link":"https:\/\/blog.cancaonova.com\/belohorizonte\/audio-pedi-o-espirito-santo-homilia\/","title":{"rendered":"\u00c1UDIO: \"Pedi o Esp\u00edrito Santo\" | Homilia"},"content":{"rendered":"<div class=\"pf-content\"><p>Nesta quinta-feira, dia 12 de maio, padre Ademir Costa presidiu a Santa Missa do Clube da Evangeliza\u00e7\u00e3o na Can\u00e7\u00e3o Nova Minas.<\/p>\n<p>Confira como foi a homilia, na \u00edntegra:<\/p>\n<iframe loading=\"lazy\" width=\"100%\" height=\"120\" src=\"https:\/\/www.mixcloud.com\/widget\/iframe\/?feed=https%3A%2F%2Fwww.mixcloud.com%2FCancaoNovaMinas%2Fhom-pe-ademir-120516%2F&hide_cover=1&light=1\" frameborder=\"0\"><\/iframe>\n<\/div>","protected":false},"excerpt":{"rendered":"<p>Nesta quinta-feira, dia 12 de maio, padre Ademir Costa presidiu a Santa Missa do Clube da Evangeliza\u00e7\u00e3o na Can\u00e7\u00e3o Nova Minas. Confira como foi a homilia, na \u00edntegra:<\/p>\n","protected":false},"author":1081,"featured_media":0,"comment_status":"open","ping_status":"open","sticky":false,"template":"","format":"standard","meta":{"_mi_skip_tracking":false,"_monsterinsights_sitenote_active":false,"_monsterinsights_sitenote_note":"","_monsterinsights_sitenote_category":0,"footnotes":""},"categories":[12431,9291],"tags":[],"_links":{"self":[{"href":"https:\/\/blog.cancaonova.com\/belohorizonte\/wp-json\/wp\/v2\/posts\/7727"}],"collection":[{"href":"https:\/\/blog.cancaonova.com\/belohorizonte\/wp-json\/wp\/v2\/posts"}],"about":[{"href":"https:\/\/blog.cancaonova.com\/belohorizonte\/wp-json\/wp\/v2\/types\/post"}],"author":[{"embeddable":true,"href":"https:\/\/blog.cancaonova.com\/belohorizonte\/wp-json\/wp\/v2\/users\/1081"}],"replies":[{"embeddable":true,"href":"https:\/\/blog.cancaonova.com\/belohorizonte\/wp-json\/wp\/v2\/comments?post=7727"}],"version-history":[{"count":1,"href":"https:\/\/blog.cancaonova.com\/belohorizonte\/wp-json\/wp\/v2\/posts\/7727\/revisions"}],"predecessor-version":[{"id":7728,"href":"https:\/\/blog.cancaonova.com\/belohorizonte\/wp-json\/wp\/v2\/posts\/7727\/revisions\/7728"}],"wp:attachment":[{"href":"https:\/\/blog.cancaonova.com\/belohorizonte\/wp-json\/wp\/v2\/media?parent=7727"}],"wp:term":[{"taxonomy":"category","embeddable":true,"href":"https:\/\/blog.cancaonova.com\/belohorizonte\/wp-json\/wp\/v2\/categories?post=7727"},{"taxonomy":"post_tag","embeddable":true,"href":"https:\/\/blog.cancaonova.com\/belohorizonte\/wp-json\/wp\/v2\/tags?post=7727"}],"curies":[{"name":"wp","href":"https:\/\/api.w.org\/{rel}","templated":true}]}}