{"id":7794,"date":"2016-06-10T15:16:53","date_gmt":"2016-06-10T18:16:53","guid":{"rendered":"http:\/\/blog.cancaonova.com\/bh\/?p=7794"},"modified":"2016-06-10T15:16:53","modified_gmt":"2016-06-10T18:16:53","slug":"por-que-pedir-perdao-homilia","status":"publish","type":"post","link":"https:\/\/blog.cancaonova.com\/belohorizonte\/por-que-pedir-perdao-homilia\/","title":{"rendered":"Por que pedir perd\u00e3o? |Homilia"},"content":{"rendered":"<div class=\"pf-content\"><p>Na homilia desta quinta, dia 09, padre Ademir falou a respeito da import\u00e2ncia de se buscar a reconcilia\u00e7\u00e3o.<\/p>\n<p><img loading=\"lazy\" decoding=\"async\" class=\"aligncenter size-thumbnail wp-image-7795\" src=\"http:\/\/blog.cancaonova.com\/bh\/files\/2016\/06\/02-400x209.png\" alt=\"02\" width=\"400\" height=\"209\" srcset=\"https:\/\/blog.cancaonova.com\/belohorizonte\/files\/2016\/06\/02-400x209.png 400w, https:\/\/blog.cancaonova.com\/belohorizonte\/files\/2016\/06\/02-768x402.png 768w, https:\/\/blog.cancaonova.com\/belohorizonte\/files\/2016\/06\/02.png 1200w\" sizes=\"(max-width: 400px) 100vw, 400px\" \/><\/p>\n<p><strong>Ou\u00e7a, na \u00edntegra:<\/strong><br \/>\n<iframe loading=\"lazy\" width=\"100%\" height=\"120\" src=\"https:\/\/www.mixcloud.com\/widget\/iframe\/?feed=https%3A%2F%2Fwww.mixcloud.com%2FCancaoNovaMinas%2Fpor-que-pedir-perd%25C3%25A3o-homilia%2F&hide_cover=1&light=1\" frameborder=\"0\"><\/iframe><\/p>\n<p>&nbsp;<\/p>\n<\/div>","protected":false},"excerpt":{"rendered":"<p>Na homilia desta quinta, dia 09, padre Ademir falou a respeito da import\u00e2ncia de se buscar a reconcilia\u00e7\u00e3o. Ou\u00e7a, na \u00edntegra: &nbsp;<\/p>\n","protected":false},"author":1081,"featured_media":0,"comment_status":"open","ping_status":"open","sticky":false,"template":"","format":"standard","meta":{"_mi_skip_tracking":false,"_monsterinsights_sitenote_active":false,"_monsterinsights_sitenote_note":"","_monsterinsights_sitenote_category":0,"footnotes":""},"categories":[12431,9291],"tags":[],"_links":{"self":[{"href":"https:\/\/blog.cancaonova.com\/belohorizonte\/wp-json\/wp\/v2\/posts\/7794"}],"collection":[{"href":"https:\/\/blog.cancaonova.com\/belohorizonte\/wp-json\/wp\/v2\/posts"}],"about":[{"href":"https:\/\/blog.cancaonova.com\/belohorizonte\/wp-json\/wp\/v2\/types\/post"}],"author":[{"embeddable":true,"href":"https:\/\/blog.cancaonova.com\/belohorizonte\/wp-json\/wp\/v2\/users\/1081"}],"replies":[{"embeddable":true,"href":"https:\/\/blog.cancaonova.com\/belohorizonte\/wp-json\/wp\/v2\/comments?post=7794"}],"version-history":[{"count":1,"href":"https:\/\/blog.cancaonova.com\/belohorizonte\/wp-json\/wp\/v2\/posts\/7794\/revisions"}],"predecessor-version":[{"id":7796,"href":"https:\/\/blog.cancaonova.com\/belohorizonte\/wp-json\/wp\/v2\/posts\/7794\/revisions\/7796"}],"wp:attachment":[{"href":"https:\/\/blog.cancaonova.com\/belohorizonte\/wp-json\/wp\/v2\/media?parent=7794"}],"wp:term":[{"taxonomy":"category","embeddable":true,"href":"https:\/\/blog.cancaonova.com\/belohorizonte\/wp-json\/wp\/v2\/categories?post=7794"},{"taxonomy":"post_tag","embeddable":true,"href":"https:\/\/blog.cancaonova.com\/belohorizonte\/wp-json\/wp\/v2\/tags?post=7794"}],"curies":[{"name":"wp","href":"https:\/\/api.w.org\/{rel}","templated":true}]}}