{"id":7797,"date":"2016-06-13T09:00:43","date_gmt":"2016-06-13T12:00:43","guid":{"rendered":"http:\/\/blog.cancaonova.com\/bh\/?p=7797"},"modified":"2016-06-10T16:42:47","modified_gmt":"2016-06-10T19:42:47","slug":"seminario-de-dons-na-cancao-nova","status":"publish","type":"post","link":"https:\/\/blog.cancaonova.com\/belohorizonte\/seminario-de-dons-na-cancao-nova\/","title":{"rendered":"Semin\u00e1rio de Dons na Can\u00e7\u00e3o Nova"},"content":{"rendered":"<div class=\"pf-content\"><p><strong>A Can\u00e7\u00e3o Nova Minas realiza todas \u00e0s ter\u00e7as-feiras a partir do dia 14 de junho o Semin\u00e1rio de Dons e Carismas<\/strong><\/p>\n<p>Com o objetivo de levar os participantes a vivenciar os dons efusos atrav\u00e9s das sete semanas de semin\u00e1rio, a Can\u00e7\u00e3o Nova Minas convidou alguns pregadores que estar\u00e3o ministrando, \u00e0s ter\u00e7as-feiras, 19h30, na sede da comunidade, localizada na Avenida Isabel Bueno, 400 no bairro Jaragu\u00e1, em Belo Horizonte (MG).<\/p>\n<p><img loading=\"lazy\" decoding=\"async\" class=\"aligncenter size-full wp-image-7798\" src=\"http:\/\/blog.cancaonova.com\/bh\/files\/2016\/06\/02-1.png\" alt=\"02\" width=\"600\" height=\"400\" srcset=\"https:\/\/blog.cancaonova.com\/belohorizonte\/files\/2016\/06\/02-1.png 600w, https:\/\/blog.cancaonova.com\/belohorizonte\/files\/2016\/06\/02-1-400x267.png 400w\" sizes=\"(max-width: 600px) 100vw, 600px\" \/><\/p>\n<p><a href=\"http:\/\/bit.ly\/seminario-espirito-2016\"><strong>:: Semin\u00e1rio de Vida no Esp\u00edrito<\/strong><\/a><\/p>\n<p>O <a href=\"http:\/\/wiki.cancaonova.com\/index.php\/Esp%C3%ADrito_Santo\">Esp\u00edrito Santo<\/a> \u00e9 o dom por excel\u00eancia. \u00c9 a Ele que devemos aspirar mais do que os dons, como diz Santo Agostinho \u201cn\u00e3o vossos dons, Senhor, mas V\u00f3s\u201d. Como primeiro dom de Cristo \u00e0 sua Igreja, \u00e9 o Dom que encerra em si todos os outros dons.<\/p>\n<p>Os <a href=\"http:\/\/wiki.cancaonova.com\/index.php\/Carisma\">carismas <\/a>s\u00e3o gra\u00e7as, isto \u00e9, s\u00e3o manifesta\u00e7\u00f5es de Deus em n\u00f3s; s\u00e3o a\u00e7\u00e3o criadora de Deus presente e atuante no homem. S\u00e3o dados a n\u00f3s como dons gratuitos, n\u00e3o dependendo de m\u00e9ritos nem esfor\u00e7os humanos, como dons espirituais, que prov\u00eam do Esp\u00edrito Santo, que consistem em um poder, capacidade para realizar algo, e cuja finalidade \u00e9 um servi\u00e7o em favor da comunidade crist\u00e3.<\/p>\n<p>Os <a href=\"http:\/\/padrejonas.cancaonova.com\/mensagem-do-dia\/o-que-fazer-para-receber-os-dons-do-espirito-santo\/\">dons <\/a>em si n\u00e3o aumentam a santidade, podendo levar a ela e devem; n\u00e3o devemos nos impacientar quando seus efeitos n\u00e3o s\u00e3o t\u00e3o imediatos quanto gostar\u00edamos que fossem. Podemos aperfei\u00e7oar os dons, exercitando-os sempre que poss\u00edvel e necess\u00e1rio e ampliando nossa compreens\u00e3o, quer pelo estudo, quanto pela ora\u00e7\u00e3o.<\/p>\n<p><a href=\"http:\/\/blog.cancaonova.com\/bh\/agenda-de-eventos\/\"><img loading=\"lazy\" decoding=\"async\" class=\"aligncenter wp-image-7762 size-thumbnail\" src=\"http:\/\/blog.cancaonova.com\/bh\/files\/2016\/05\/agenda-4-400x129.png\" alt=\"agenda\" width=\"400\" height=\"129\" srcset=\"https:\/\/blog.cancaonova.com\/belohorizonte\/files\/2016\/05\/agenda-4-400x129.png 400w, https:\/\/blog.cancaonova.com\/belohorizonte\/files\/2016\/05\/agenda-4-768x248.png 768w, https:\/\/blog.cancaonova.com\/belohorizonte\/files\/2016\/05\/agenda-4.png 1200w\" sizes=\"(max-width: 400px) 100vw, 400px\" \/><\/a><\/p>\n<\/div>","protected":false},"excerpt":{"rendered":"<p>A Can\u00e7\u00e3o Nova Minas realiza todas \u00e0s ter\u00e7as-feiras a partir do dia 14 de junho o Semin\u00e1rio de Dons e Carismas Com o objetivo de levar os participantes a vivenciar os dons efusos atrav\u00e9s das sete semanas de semin\u00e1rio, a&#8230;<\/p>\n","protected":false},"author":1081,"featured_media":0,"comment_status":"open","ping_status":"open","sticky":false,"template":"","format":"standard","meta":{"_mi_skip_tracking":false,"_monsterinsights_sitenote_active":false,"_monsterinsights_sitenote_note":"","_monsterinsights_sitenote_category":0,"footnotes":""},"categories":[681],"tags":[],"_links":{"self":[{"href":"https:\/\/blog.cancaonova.com\/belohorizonte\/wp-json\/wp\/v2\/posts\/7797"}],"collection":[{"href":"https:\/\/blog.cancaonova.com\/belohorizonte\/wp-json\/wp\/v2\/posts"}],"about":[{"href":"https:\/\/blog.cancaonova.com\/belohorizonte\/wp-json\/wp\/v2\/types\/post"}],"author":[{"embeddable":true,"href":"https:\/\/blog.cancaonova.com\/belohorizonte\/wp-json\/wp\/v2\/users\/1081"}],"replies":[{"embeddable":true,"href":"https:\/\/blog.cancaonova.com\/belohorizonte\/wp-json\/wp\/v2\/comments?post=7797"}],"version-history":[{"count":2,"href":"https:\/\/blog.cancaonova.com\/belohorizonte\/wp-json\/wp\/v2\/posts\/7797\/revisions"}],"predecessor-version":[{"id":7801,"href":"https:\/\/blog.cancaonova.com\/belohorizonte\/wp-json\/wp\/v2\/posts\/7797\/revisions\/7801"}],"wp:attachment":[{"href":"https:\/\/blog.cancaonova.com\/belohorizonte\/wp-json\/wp\/v2\/media?parent=7797"}],"wp:term":[{"taxonomy":"category","embeddable":true,"href":"https:\/\/blog.cancaonova.com\/belohorizonte\/wp-json\/wp\/v2\/categories?post=7797"},{"taxonomy":"post_tag","embeddable":true,"href":"https:\/\/blog.cancaonova.com\/belohorizonte\/wp-json\/wp\/v2\/tags?post=7797"}],"curies":[{"name":"wp","href":"https:\/\/api.w.org\/{rel}","templated":true}]}}