{"id":7823,"date":"2016-06-12T11:50:48","date_gmt":"2016-06-12T14:50:48","guid":{"rendered":"http:\/\/blog.cancaonova.com\/bh\/?p=7823"},"modified":"2016-06-12T12:14:11","modified_gmt":"2016-06-12T15:14:11","slug":"pregacao-da-verinha-agora-meus-olhos-te-viram","status":"publish","type":"post","link":"https:\/\/blog.cancaonova.com\/belohorizonte\/pregacao-da-verinha-agora-meus-olhos-te-viram\/","title":{"rendered":"Prega\u00e7\u00e3o da Verinha:\u00a0\u201cAgora meus olhos te viram.\u201d"},"content":{"rendered":"<div class=\"pf-content\"><p style=\"text-align: center\"><span style=\"font-weight: 400\">&#8220;J\u00f3 respondeu ao Senhor nestes termos: Sei que podes tudo, que nada te \u00e9 muito dif\u00edcil.<\/span><span style=\"font-weight: 400\"><br \/>\n<\/span><span style=\"font-weight: 400\">Quem \u00e9 que obscurece assim a Provid\u00eancia com discursos inintelig\u00edveis? <\/span><span style=\"font-weight: 400\"><br \/>\n<\/span><span style=\"font-weight: 400\">\u00c9 por isso que falei, sem compreend\u00ea-las, maravilhas que me superam e que n\u00e3o conhe\u00e7o.<\/span><span style=\"font-weight: 400\"><br \/>\n<\/span><span style=\"font-weight: 400\">Escuta-me, deixa-me falar: vou interrogar-te, tu me responder\u00e1s.<\/span><span style=\"font-weight: 400\"><br \/>\n<\/span><span style=\"font-weight: 400\">Meus ouvidos tinham escutado falar de ti,<\/span><b> mas agora meus olhos te viram.<\/b><span style=\"font-weight: 400\"><br \/>\n<\/span><span style=\"font-weight: 400\">\u00c9 por isso que me retrato, e arrependo-me no p\u00f3 e na cinza.\u201d (Jo 42,1-6)<\/span><\/p>\n<p>&nbsp;<\/p>\n<p><span style=\"font-weight: 400\"><img loading=\"lazy\" decoding=\"async\" class=\"alignright size-thumbnail wp-image-7826\" src=\"http:\/\/blog.cancaonova.com\/bh\/files\/2016\/06\/06-1-400x400.jpg\" alt=\"06\" width=\"400\" height=\"400\" srcset=\"https:\/\/blog.cancaonova.com\/belohorizonte\/files\/2016\/06\/06-1-400x400.jpg 400w, https:\/\/blog.cancaonova.com\/belohorizonte\/files\/2016\/06\/06-1-768x768.jpg 768w, https:\/\/blog.cancaonova.com\/belohorizonte\/files\/2016\/06\/06-1-150x150.jpg 150w, https:\/\/blog.cancaonova.com\/belohorizonte\/files\/2016\/06\/06-1.jpg 960w\" sizes=\"(max-width: 400px) 100vw, 400px\" \/>Essas palavras s\u00e3o como que o testamento de J\u00f3, da experi\u00eancia que ele faz de Deus.<\/span><\/p>\n<p><span style=\"font-weight: 400\">O livro de J\u00f3 conta a experiencia de um homem que era justo diante de Deus, que vivia em plena conformidade aos planos de Deus.\u00a0<\/span><span style=\"font-weight: 400\">Justi\u00e7a significa devolver o que \u00e9 de direito de algu\u00e9m, se falarmos de justi\u00e7a com rela\u00e7\u00e3o a Deus \u00e9 devolver a Deus o que \u00e9 de direito Dele, \u00e9 de direito dar a Deus aquilo que somos \u00a0porque n\u00f3s somos dele, sa\u00edmos Dele e para ele voltaremos<\/span><\/p>\n<p><span style=\"font-weight: 400\">Ent\u00e3o, J\u00f3 era um homem justo. A Palavra diz que o dem\u00f4nio foi visitar Deus e Deus disse \u00e1 ele: \u201cVistes o meu filho J\u00f3? Vistes a sua justi\u00e7a? Que ele \u00e9 de fato um homem de Deus?\u201d E o dem\u00f4nio diz \u00e0 Ele: \u201cRetira dele tudo que ele tem que eu quero ver se ele continuar\u00e1 sendo um homem justo.\u201d Ent\u00e3o Deus d\u00e1 permiss\u00e3o para o dem\u00f4nio e J\u00f3 acaba perdendo tudo e mesmo perdendo tudo, J\u00f3 n\u00e3o deixa de ser um homem de Deus, n\u00e3o deixa de ser justo. E ent\u00e3o o dem\u00f4nio foi e falou pra Deus: \u201cQuero ver se o Senhor atacar a vida dele se ele continuar\u00e1 fiel.\u201d e Deus permitiu, ent\u00e3o J\u00f3 foi atingido de lepra e teve que escutar dos amigos: \u201cVoc\u00ea est\u00e1 assim porque pecou, o Senhor te amaldi\u00e7oou.\u201d Ent\u00e3o J\u00f3 come\u00e7a a questionar Deus.<\/span><\/p>\n<p><span style=\"font-weight: 400\">Por isso ele disse: \u201ce falei, sem compreend\u00ea-las, maravilhas que me superam e que n\u00e3o conhe\u00e7o.\u201d<\/span><\/p>\n<p><span style=\"font-weight: 400\">\u00c0s vezes na nossa experiencia, a gente vai assumindo um conceito sobre Deus n\u00e3o da experi\u00eancia que a gente faz de fato de quem \u00e9 Deus, mas das coisas que a gente ouve. E<\/span><span style=\"font-weight: 400\">\u00a0no final dessa experi\u00eancia dolorosa, J\u00f3 pode compreende de fato quem \u00e9 Deus. Ele \u00e9 o Senhor, Ele tem o controle de todas as coisas em suas m\u00e3os.<\/span><\/p>\n<p><span style=\"font-weight: 400\">Por isso J\u00f3 come\u00e7a o testamento dele dizendo: \u201cSei que podes tudo e que nada lhe \u00e9 imposs\u00edvel.\u201d A experi\u00eancia que J\u00f3 faz \u00e9 de que Deus est\u00e1 muito acima e que de fato o sofrimento n\u00e3o \u00e9 uma obra querida por Deus. Se Deus quisesse o sofrimento da gente, ent\u00e3o Ele cai em contradi\u00e7\u00e3o \u00e0quilo que ele \u00e9 por ess\u00eancia: Deus \u00e9 amor.<\/span><\/p>\n<p><span style=\"font-weight: 400\">N\u00f3s precisamos entender que o sofrimento \u00e9 inerente a nossa vida, uma vez que o pecado entrou no mundo. Quando Deus pensou no homem ele n\u00e3o pensou que a gente iria viver da forma como vivemos hoje. A Igreja nos ensina que Deus criou o Homem em estado de justi\u00e7a original, o Homem podia ver \u00e0 Deus face a face, o Homem era \u00edntimo de Deus e isso est\u00e1 expresso em G\u00eaneses quando diz que Deus estava caminhando ao lado do Homem no para\u00edso, ent\u00e3o J\u00f3 faz a compreens\u00e3o, porque a concep\u00e7\u00e3o daquele \u00e9poca era que se algu\u00e9m ficasse doente, era um castigo de Deus.<\/span><\/p>\n<p><span style=\"font-weight: 400\">\u00c9 por isso que esse livro vem pra mostrar que o fato de eu sofrer ou passar por alguma experi\u00eancia dolorosa, n\u00e3o \u00e9 um castigo de Deus. Se fosse assim, poder\u00edamos nos perguntar \u201cQue Deus \u00e9 esse?\u201d Poder\u00edamos falar que \u00e9 um Deus de Amor? N\u00e3o!<\/span><\/p>\n<p><!--more Continue lendo--><\/p>\n<p><span style=\"font-weight: 400\">Deus est\u00e1 al\u00e9m disso! Uma vez que o pecado entrou no mundo \u00e9 inevit\u00e1vel o sofrimento. Todas as coisas que v\u00e3o acontecendo tem sua origem no pecado, mas n\u00e3o \u00e9 por isso que Deus permite o sofrimento como castigo.<\/span><\/p>\n<p><span style=\"font-weight: 400\">A gente n\u00e3o consegue crescer se n\u00e3o experimentamos essa tens\u00e3o interior e a gente n\u00e3o pode achar que tudo ent\u00e3o \u00e9 castigo e J\u00f3 entendeu isso, que o des\u00edgnio de Deus, que a vontade de Deus est\u00e1 al\u00e9m. Deus tem o controle da nossa vida em suas m\u00e3os, nada lhe escapa e aqui entra uma experi\u00eancia bonita que J\u00f3 vai fazer de Deus, no momento em que ele come\u00e7a a interrogar o Senhor, ele come\u00e7a a fazer a compreens\u00e3o de que a imagem que ele tem de Deus \u00e9 uma imagem errada. Independente do que me aconteceu, nada foge do controle de Deus, nossa vida est\u00e1 no controle de Deus. \u201cSei que podes tudo e que nada te \u00e9 imposs\u00edvel.\u201d<\/span><\/p>\n<p><img loading=\"lazy\" decoding=\"async\" class=\"aligncenter size-large wp-image-7828\" src=\"http:\/\/blog.cancaonova.com\/bh\/files\/2016\/06\/05-1-600x300.jpg\" alt=\"05\" width=\"600\" height=\"300\" srcset=\"https:\/\/blog.cancaonova.com\/belohorizonte\/files\/2016\/06\/05-1-600x300.jpg 600w, https:\/\/blog.cancaonova.com\/belohorizonte\/files\/2016\/06\/05-1-300x150.jpg 300w, https:\/\/blog.cancaonova.com\/belohorizonte\/files\/2016\/06\/05-1-150x75.jpg 150w\" sizes=\"(max-width: 600px) 100vw, 600px\" \/><\/p>\n<p><span style=\"font-weight: 400\">Se sabemos que \u00e9 de justi\u00e7a, os direitos que Ele tem sobre n\u00f3s, \u00e9 justo que Ele realize seus projetos sobre a minha vida.<\/span><span style=\"font-weight: 400\">Mas a partir dessa concep\u00e7\u00e3o qual a rela\u00e7\u00e3o que eu tenho estabelecido com o Senhor? <\/span><\/p>\n<p><span style=\"font-weight: 400\">A partir daqui, ser\u00e1 que meu relacionamento com Deus \u00e9 uma rela\u00e7\u00e3o de troca? \u00a0\u201cSenhor eu rezo, vou \u00e0 missa, me penitencio&#8230; agora o senhor pode fazer isso.\u201d<\/span><\/p>\n<p><span style=\"font-weight: 400\">Qual rela\u00e7\u00e3o eu tenho vivido com o Senhor? Ou a rela\u00e7\u00e3o q tenho estabelecido com Deus \u00e9 essa: \u201cO Senhor pode fazer comigo o que o Senhor quiser.\u201d<\/span><\/p>\n<p><span style=\"font-weight: 400\">Proclamar: agora meus olhos te viram, eu vi o Senhor. N\u00e3o o Senhor que pode e deve fazer o que eu quero, o que eu acho que eu preciso, mas o Senhor, o Deus que me deu a vida, que me deu a exist\u00eancia, que me salvou, o Senhor que merece de fato ter direitos sobre a minha vida. Ele \u00e9 o Senhor!<\/span><\/p>\n<p><span style=\"font-weight: 400\">E voc\u00ea pode estar se perguntando: Mas como lidar com o sofrimento? Como enfrentar essas situa\u00e7\u00f5es t\u00e3o dif\u00edceis e que todos n\u00f3s passamos?<br \/>\n<\/span><span style=\"font-weight: 400\">A gente n\u00e3o tem direito nem de comparar nossos sentimentos aos dos outros, ningu\u00e9m pensa ou sente como n\u00f3s. O que \u00e9 pequeno pra mim, pode n\u00e3o ser para o outro. Talvez aquela dor que pra mim \u00e9 f\u00e1cil de enfrentar para o outro n\u00e3o \u00e9. Cada um sofre de um jeito, cada um \u00e9 um, eu n\u00e3o tenho o direito de julgar, de querer medir ou comparar a minha dor com a dor do outro, n\u00e3o \u00e9 poss\u00edvel , por isso n\u00e3o cabe a n\u00f3s julgar.<\/span><\/p>\n<p><span style=\"font-weight: 400\">\u00c0s vezes, na experi\u00eancia fraterna, tem coisa que aos meus olhos \u00e9 t\u00e3o simples: \u201cMas fulano, isso \u00e9 t\u00e3o f\u00e1cil de fazer, porque ele n\u00e3o faz?\u201d Mas quando a gente se abre pra conhecer aquela pessoa, pra ouvir, a gente vai entender como \u00e9 dif\u00edcil para aquela pessoa. Se eu quero ser respeitada no meu sofrimento eu preciso respeitar tamb\u00e9m a dor do outro, o outro pode at\u00e9 se compadecer comigo, mas nunca vai sentir o que eu sinto.<\/span><\/p>\n<p><span style=\"font-weight: 400\">J\u00f3 faz a experi\u00eancia de que na dor que ele experimenta, ele se perde quando ele ao interrogar Deus, quis encostar Deus na parede e perguntar por que? J\u00e1 aconteceu isso com voc\u00ea? Diante de uma perda, de um sentimento, voc\u00ea j\u00e1 se perguntou: \u201cmas por que Senhor?\u201d Ser\u00e1 que teremos respostas para todos os sofrimentos pelos quais passamos? Ser\u00e1 que \u00e9 necess\u00e1rio ter essas respostas?<\/span><\/p>\n<p><span style=\"font-weight: 400\">Quando J\u00f3 termina o testamento dele, ele diz que n\u00e3o encontrou resposta para o sofrimento humano que ele passou, mas ele teve o entendimento que o Deus que Ele servia n\u00e3o era o Deus que castigava como queriam mostrar \u00e0 ele.<\/span><\/p>\n<p><span style=\"font-weight: 400\">Quando J\u00f3 perguntou pra Deus: \u201cPara qu\u00ea Senhor? Qual o objetivo? O proposito?\u201d<\/span><\/p>\n<p><span style=\"font-weight: 400\">Se tem uma coisa que Deus faz, \u00e9 respeitar a nossa liberdade e as escolhas que n\u00f3s fazemos, houve uma permiss\u00e3o, n\u00e3o \u00e9 que Deus queira, Ele permite pra que de um mal, n\u00e3o aconte\u00e7a um mal maior.<\/span><\/p>\n<p><span style=\"font-weight: 400\">Onde eu encontro Deus nessa experiencia?<\/span><\/p>\n<p><span style=\"font-weight: 400\">A experi\u00eancia de proclamar: \u201cAgora meus olhos te viram.\u201d \u00c9 a experiencia de algu\u00e9m que de fato se encontrou com o Senhor.<\/span><\/p>\n<p><span style=\"font-weight: 400\">J\u00f3 tem essa oportunidade de quebrar os paradigmas, porque o paradigma daquela \u00e9poca era esse: pessoa ficou doente, sofreu, \u00e9 castigo de Deus.\u00a0<\/span><span style=\"font-weight: 400\">E quantos de n\u00f3s n\u00e3o trazemos essa concep\u00e7\u00e3o de que Deus castiga?<br \/>\n<\/span><span style=\"font-weight: 400\">Um Deus que contradiz a Palavra de que h\u00e1 mais alegria no c\u00e9u por um pecador que se arrepende ou de um pastor que deixa as 99 ovelhas para buscar uma ovelha perdida que \u00a0ele nem sabe onde est\u00e1 ou o Deus daquela par\u00e1bola que se compara \u00e0quela mulher que perdeu uma moeda e faz festa quando encontra.<br \/>\n<\/span><span style=\"font-weight: 400\">S\u00e3o paradigmas que contradizem como Deus \u00e9, a forma como Ele nos ama ou as vezes pra justificar uma perda, a gente diz assim: \u201cDeus sabe o que faz.\u201d Todos n\u00f3s estamos caminhando pra morte, uma boa morte \u00e9 fruto de uma experi\u00eancia de quem soube viver bem, mas a gente prefere culpar Deus. \u201cDeus sabe o que faz.\u201d A Palavra nos ensina que Deus n\u00e3o se compraz com a morte, Ele \u00e9 o Deus da vida. Deus n\u00e3o quer a morte, Ele n\u00e3o se alegra com o sofrimento, mas o sofrimento \u00e9 inerente e uma vez que ele \u00e9 inerente, Deus vem em nosso aux\u00edlio.<\/span><\/p>\n<p><span style=\"font-weight: 400\">Chiara Lubich presenciou a segunda guerra e viu os sofrimentos, morte e destrui\u00e7\u00e3o provocado por aquela guerra. E nesse cotexto, ela se encontra com a Palavra que diz: \u201cQue todos sejam um.\u201d e ent\u00e3o ela entende que a guerra, a divis\u00e3o \u00e9 aus\u00eancia de Deus, que quando n\u00e3o acontece a unidade \u00e9 porque Ele est\u00e1 abandonado. Ent\u00e3o ela funda o movimento dos Focolares que prega que a unidade \u00e9 o amor. E ela vai dizer: \u201cAgora meus olhos te viram.\u201d E quando acontece situa\u00e7\u00f5es de sofrimento, dores, pobreza, ela vai dizer: \u201cDeus est\u00e1 abandonado, preciso despos\u00e1-lo.\u201d<\/span><\/p>\n<p><span style=\"font-weight: 400\">Monsenhor Jonas quando estava no quarto per\u00edodo de Teologia, foi acometido por uma doen\u00e7a e por isso, quase foi impedido de se ordenar, por causa dessa doen\u00e7a, ele foi afastado, \u00a0enviado para Lorena para se cuidar e l\u00e1 ele ficou sabendo de uma Mari\u00e1polis (encontros realizados pelo movimento dos Focolares) que estava acontecendo e ele pediu permiss\u00e3o para participar e foi. L\u00e1 escutou uma prega\u00e7\u00e3o sobre a presen\u00e7a de Deus no sofrimento gerado pela doen\u00e7a. Ele, l\u00e1 aprendeu que a doen\u00e7a n\u00e3o \u00e9 querida por Deus, mas uma vez que ela vem Ele n\u00e3o nos abandona, e que numa situa\u00e7\u00e3o dessa Deus realiza algo maior e cada vez que Ele se questionava o porque dessa doen\u00e7a no final dos seus estudos ele ficava pior, depois dessa experi\u00eancia na Mari\u00e1polis, no quarto dele sozinho, ele abre o Evangelho e vem a pergunta \u201cE para v\u00f3s, quem dizeis que eu sou?\u201d E interpelado por essa pergunta Ele se encontra com Jesus e a partir desse encontro com Jesus, ele come\u00e7a a rezar diferente, come\u00e7a a melhorar, a conseguir melhorar nos estudos e \u00e9 ordenado e ele testemunha para n\u00f3s: \u201cFui encontrar a Deus somente no meu quarto ano de Teologia\u201d, e diz: \u201cEu ouvia falar de Deus, at\u00e9 me atrevia a falar Dele, mas eu n\u00e3o O conhecia. Depois Ele teve a experi\u00eancia com o batismo no Esp\u00edrito Santo e entende que falar de Deus, s\u00f3 pela a\u00e7\u00e3o do Espirito Santo.<\/span><\/p>\n<p><span style=\"font-weight: 400\">E hoje o senhor nos pergunta: \u201cQual a experi\u00eancia real que eu tenho de Deus?\u201d<\/span><\/p>\n<p><span style=\"font-weight: 400\">Proclamar: \u201cAgora meus olhos te viram.\u201d \u00c9 fruto da experi\u00eancia de algu\u00e9m que consegue na oficina da vida, no ordin\u00e1rio da vida, proclamar que o Senhor est\u00e1 aqui.&#8221;\u00a0<\/span>Na sua vida, onde voc\u00ea pode dizer: \u201cO Senhor est\u00e1 aqui, eu encontrei com ele.&#8221;?<br \/>\n<span style=\"font-weight: 400\">Quem faz essa experiencia pode dizer: \u00a0\u201cNunca mais eu abandono o Senhor.\u201d<br \/>\n<\/span><span style=\"font-weight: 400\">Quem faz essa experi\u00eancia, experimenta o fogo dentro de si pra tornar Jesus conhecido e amado. Tem um fogo dentro da gente que a gente quer tornar Jesus conhecido de todas as formas. Onde quer que a gente esteja, \u00e9 imposs\u00edvel n\u00e3o testemunhar o que Ele nos fez. <\/span><\/p>\n<p><span style=\"font-weight: 400\">Ser\u00e1 que dentro de voc\u00ea existe esse fogo? Essa \u00e2nsia de querer tornar Jesus conhecido e amado? Porque o fruto da experi\u00eancia desse encontro \u00e9 o fruto de uma mudan\u00e7a radical de vida. Porque a\u00ed n\u00e3o vamos mais querer desagrad\u00e1-lo, ofender seu cora\u00e7\u00e3o, ent\u00e3o come\u00e7amos a lutar para que nossas atitudes e palavras possam proporcionar alegria ao Senhor, a gente quer que todas as nossas a\u00e7\u00f5es possam alegrar o cora\u00e7\u00e3o de Deus. A gente faz aquela experi\u00eancia de poder dizer assim: \u201cT\u00e1 dif\u00edcil, mas o que o Senhor quer fazer comigo nessa situa\u00e7\u00e3o?\u201d<\/span><\/p>\n<p><span style=\"font-weight: 400\">A gente trava uma luta pra ser melhor, n\u00e3o por n\u00f3s, mas pelo Senhor, para que Ele seja glorificado e depois, o segundo passo \u00e9 esse: a gente quer que aqueles que est\u00e3o \u00e0 nossa volta, n\u00e3o passem sem fazer a experi\u00eancia do amor de Deus. Existe um desejo louco de comunic\u00e1-lo.<\/span><\/p>\n<p><span style=\"font-weight: 400\">Paulo de perseguidor e se tornou pregador. Chiara Lubich j\u00e1 tem seu processo de beatifica\u00e7\u00e3o aberto. S\u00e3o Jo\u00e3o Paulo II, o que aquele homem foi? Papa Francisco, como Ele tem sido? E n\u00f3s\u2026 onde estamos? Eu, na minha pequenez, vou fazer a diferen\u00e7a, onde estou. Vou fazer a diferen\u00e7a porque vou ter a coragem de n\u00e3o parar no \u201cPor que?\u201d, porque se eu paro no \u201cPor que?\u201d daquilo que acontece, eu tiro o controle de Deus na minha vida. \u201cSei que podes tudo, que nada te \u00e9 muito dif\u00edcil. Quem \u00e9 que obscurece assim a Provid\u00eancia com discursos inintelig\u00edveis? \u00c9 por isso que falei, sem compreend\u00ea-las, maravilhas que me superam e que n\u00e3o conhe\u00e7o. Escuta-me, deixa-me falar: vou interrogar-te, tu me responder\u00e1s. Meus ouvidos tinham escutado falar de ti,<\/span><b> mas agora meus olhos te viram.<\/b><span style=\"font-weight: 400\"> \u00c9 por isso que me retrato, e arrependo-me no p\u00f3 e na cinza.\u201d (Jo 42,1-6)<\/span><\/p>\n<p><span style=\"font-weight: 400\">Porque eu me encontrei com o Senhor, por causa disso eu s\u00f3 posso dar a Ele o que lhe \u00e9 de direito: toda a minha vida, minha hist\u00f3ria, meu passado, meu presente, porque eu sei quem \u00e9 o Senhor, mesmo que eu n\u00e3o sinta, n\u00e3o seja curada, n\u00e3o seja liberta, ainda, mesmo assim, eu estou aqui Senhor, n\u00e3o vou largar o Senhor, porque eu sei quem \u00e9 o Senhor.<\/span><\/p>\n<p><span style=\"font-weight: 400\">Qual \u00e9 a experiencia que hoje eu fa\u00e7o de Deus? Quem \u00e9 Deus para mim?\u00a0<\/span><span style=\"font-weight: 400\">Ser\u00e1 que eu posso dizer como J\u00f3: \u201cEu ouvia falar de Ti, mas hoje meus olhos te viram.\u201d?<\/span><\/p>\n<p><strong>Vera L\u00facia Reis<\/strong><br \/>\n<em>Mission\u00e1ria da Comunidade Can\u00e7\u00e3o Nova<\/em><br \/>\n<em>Encontro de Ora\u00e7\u00e3o na Can\u00e7\u00e3o Nova Minas<\/em><\/p>\n<\/div>","protected":false},"excerpt":{"rendered":"<p>&#8220;J\u00f3 respondeu ao Senhor nestes termos: Sei que podes tudo, que nada te \u00e9 muito dif\u00edcil. Quem \u00e9 que obscurece assim a Provid\u00eancia com discursos inintelig\u00edveis? \u00c9 por isso que falei, sem compreend\u00ea-las, maravilhas que me superam e que n\u00e3o&#8230;<\/p>\n","protected":false},"author":1081,"featured_media":0,"comment_status":"open","ping_status":"open","sticky":false,"template":"","format":"standard","meta":{"_mi_skip_tracking":false,"_monsterinsights_sitenote_active":false,"_monsterinsights_sitenote_note":"","_monsterinsights_sitenote_category":0,"footnotes":""},"categories":[681,17187],"tags":[],"_links":{"self":[{"href":"https:\/\/blog.cancaonova.com\/belohorizonte\/wp-json\/wp\/v2\/posts\/7823"}],"collection":[{"href":"https:\/\/blog.cancaonova.com\/belohorizonte\/wp-json\/wp\/v2\/posts"}],"about":[{"href":"https:\/\/blog.cancaonova.com\/belohorizonte\/wp-json\/wp\/v2\/types\/post"}],"author":[{"embeddable":true,"href":"https:\/\/blog.cancaonova.com\/belohorizonte\/wp-json\/wp\/v2\/users\/1081"}],"replies":[{"embeddable":true,"href":"https:\/\/blog.cancaonova.com\/belohorizonte\/wp-json\/wp\/v2\/comments?post=7823"}],"version-history":[{"count":3,"href":"https:\/\/blog.cancaonova.com\/belohorizonte\/wp-json\/wp\/v2\/posts\/7823\/revisions"}],"predecessor-version":[{"id":7829,"href":"https:\/\/blog.cancaonova.com\/belohorizonte\/wp-json\/wp\/v2\/posts\/7823\/revisions\/7829"}],"wp:attachment":[{"href":"https:\/\/blog.cancaonova.com\/belohorizonte\/wp-json\/wp\/v2\/media?parent=7823"}],"wp:term":[{"taxonomy":"category","embeddable":true,"href":"https:\/\/blog.cancaonova.com\/belohorizonte\/wp-json\/wp\/v2\/categories?post=7823"},{"taxonomy":"post_tag","embeddable":true,"href":"https:\/\/blog.cancaonova.com\/belohorizonte\/wp-json\/wp\/v2\/tags?post=7823"}],"curies":[{"name":"wp","href":"https:\/\/api.w.org\/{rel}","templated":true}]}}