{"id":7874,"date":"2016-07-04T11:45:46","date_gmt":"2016-07-04T14:45:46","guid":{"rendered":"http:\/\/blog.cancaonova.com\/bh\/?p=7874"},"modified":"2016-07-04T13:52:00","modified_gmt":"2016-07-04T16:52:00","slug":"o-vale-das-borboletas","status":"publish","type":"post","link":"https:\/\/blog.cancaonova.com\/belohorizonte\/o-vale-das-borboletas\/","title":{"rendered":"O Vale das Borboletas"},"content":{"rendered":"<div class=\"pf-content\"><p>No ano de 2005, ingressei na comunidade Cat\u00f3lica Can\u00e7\u00e3o Nova, deixei pai, m\u00e3e,namoro, fam\u00edlia, trabalho&#8230; E decidi dedicar minha vida inteira no trabalho de evangeliza\u00e7\u00e3o.<\/p>\n<p>Comecei assim o meu pr\u00e9\u00ad-discipulado como chamamos aqui na Can\u00e7\u00e3o Nova. Em 2006, fui com mais 31 irm\u00e3os para o discipulado, uma nova etapa da forma\u00e7\u00e3o inicial dentro desse carisma.<\/p>\n<div id=\"attachment_7875\" style=\"width: 410px\" class=\"wp-caption alignleft\"><img loading=\"lazy\" decoding=\"async\" aria-describedby=\"caption-attachment-7875\" class=\"wp-image-7875 size-medium\" src=\"http:\/\/blog.cancaonova.com\/bh\/files\/2016\/07\/023-400x300.jpg\" alt=\"023\" width=\"400\" height=\"300\" srcset=\"https:\/\/blog.cancaonova.com\/belohorizonte\/files\/2016\/07\/023-400x300.jpg 400w, https:\/\/blog.cancaonova.com\/belohorizonte\/files\/2016\/07\/023.jpg 675w\" sizes=\"(max-width: 400px) 100vw, 400px\" \/><p id=\"caption-attachment-7875\" class=\"wp-caption-text\">Turma do Discipulado do Marcelo com o fundador da Comunidade Can\u00e7\u00e3o Nova, monsenhor Jonas Abib<\/p><\/div>\n<p>Agora imaginem 32 pessoas, de varias regi\u00f5es do pa\u00eds (e alguns de outro pa\u00eds) convivendo. A diferen\u00e7a na cultura, na educa\u00e7\u00e3o, na alimenta\u00e7\u00e3o entre outros, era um desafio bem interessante.<\/p>\n<p>Essa casa de forma\u00e7\u00e3o est\u00e1 situada em Lavrinhas, interior de S\u00e3o Paulo, \u00e9 rodeada por uma pequena floresta, e em um determinado lugar, h\u00e1 um que quero destacar e que carinhosamente chamo de \u201cO vale das borboletas\u201d, pela quantidade que se pode verificar das mesmas e pela beleza que elas transmitem.<\/p>\n<p>Gostava muito de ir visit\u00e1-las, era incr\u00edvel! Ia\u00ad-se caminhando para o alto da floresta, era necess\u00e1rio um tempo de subida, passava\u00ad-se entre as \u00e1rvores, visualizava um pequeno rio que corria l\u00e1 em baixo e o som de suas \u00e1guas era algo maravilhoso. Andava\u00ad-se mais ou menos uns 15 minutos, e de repente, no que parecia ser uma curva em meio a caminhada, a gente se deparava com aquelas borboletas maravilhosas colorindo todo lugar.<\/p>\n<p>Imagino que antes dessas borboletas existiam ali muitas lagartas, e talvez por um tempo esse lugar fosse conhecido como o vale das lagartas, que aos poucos foram se modificando para o vale dos casulos, at\u00e9 chegarem ao fant\u00e1stico, estupendo, majestoso e entre tantos adjetivos se tornou o vale das borboletas. Lugar de ressurrei\u00e7\u00e3o para mim,\u00a0onde poderia ser eu mesmo, no meio de tanta beleza, podia tamb\u00e9m verificar o que era belo no meu interior, pois aquele ambiente tinha esse poder, e tamb\u00e9m de trazer o melhor de mim para fora.<!--more Leia mais--><\/p>\n<p>Por que estou falando sobre isso? Porque na realidade, tudo o que descrevi acima, diz respeito ao tempo que vivi dentro do meu discipulado. Na chegada me deparei com um verdadeiro vale de lagartas, ao mesmo tempo em que era tudo novo, tamb\u00e9m era estranho.<\/p>\n<p>A adapta\u00e7\u00e3o com o jeito de cada um, com suas diferen\u00e7as era algo aparentemente feio, desajeitado.<\/p>\n<p>Esse tempo foi passando e esse vale foi recebendo outro nome, O vale do casulo.Tempo de interioridade, de guardar em si o sagrado de cada irm\u00e3o. Tempo de metamorfose. E era ao mesmo tempo exigente prazeroso e responsabilizante.<\/p>\n<p>Exigente porque assim como a futura borboleta, que dentro do casulo concentra for\u00e7as e se prepara para revelar ao mundo sua beleza, e tamb\u00e9m al\u00e7ar voo, nossa forma\u00e7\u00e3o se dava de dentro para fora, e muitas vezes era dolorido porque quer\u00edamos logo ver o resultado que s\u00f3 iria aflorar mais a frente.<\/p>\n<p>Prazeroso, pois, o tempo de casulo, de interioridade \u00e9 um tempo de descoberta do outro, de suas qualidades e da beleza de reconhecer-\u00adse no irm\u00e3o. Prazeroso e n\u00e3o f\u00e1cil.<\/p>\n<p>Responsabilizante porque cativar, \u00e9 como disse certo principezinho \u201cNos tornamos eternamente respons\u00e1veis por aqueles que cativamos\u201d.<\/p>\n<div id=\"attachment_7876\" style=\"width: 610px\" class=\"wp-caption aligncenter\"><img loading=\"lazy\" decoding=\"async\" aria-describedby=\"caption-attachment-7876\" class=\"size-large wp-image-7876\" src=\"http:\/\/blog.cancaonova.com\/bh\/files\/2016\/07\/DSC_6177-600x300.jpg\" alt=\"Galeria\/cancaonova.com\" width=\"600\" height=\"300\" srcset=\"https:\/\/blog.cancaonova.com\/belohorizonte\/files\/2016\/07\/DSC_6177-600x300.jpg 600w, https:\/\/blog.cancaonova.com\/belohorizonte\/files\/2016\/07\/DSC_6177-300x150.jpg 300w, https:\/\/blog.cancaonova.com\/belohorizonte\/files\/2016\/07\/DSC_6177-150x75.jpg 150w\" sizes=\"(max-width: 600px) 100vw, 600px\" \/><p id=\"caption-attachment-7876\" class=\"wp-caption-text\">Galeria\/cancaonova.com<\/p><\/div>\n<p>Passaram\u00ad-se alguns anos, e realmente nos tornamos aquilo que nascemos pra ser. Uns al\u00e7aram voos geograficamente longes, mas sempre estar\u00e3o em nossos cora\u00e7\u00f5es. Outros descobriram que como borboleta era necess\u00e1rio expandir esse vale para outros territ\u00f3rios, mas continuam trazendo em si a marca da perten\u00e7a a esse vale. Enfim, posso afirmar que fomos n\u00e3o s\u00f3 criados no mesmo cacho como falamos aqui na Can\u00e7\u00e3o Nova, mas tamb\u00e9m modelados primeiro no mesmo grupo de lagartas, depois casulos, no qual, sem a beleza e a individualidade de cada borboleta, nunca conseguir\u00edamos construir na vida de cada um o vale das borboletas.<\/p>\n<p>Lugar de ressurrei\u00e7\u00e3o, de comunh\u00e3o de almas, de responsabilidade um pelo outro e acima de tudo de perten\u00e7a.<\/p>\n<p>Afinal, dentro dessa linda aventura e independente de qual longe estamos um do outro, quando nos encontramos, fica imposs\u00edvel n\u00e3o perceber, pois, ali se reconhece o vale das borboletas.<\/p>\n<p>Deus aben\u00e7oe!<\/p>\n<p><strong>Marcelo Moraes<\/strong><br \/>\nMission\u00e1rio da Comunidade Can\u00e7\u00e3o Nova<\/p>\n<\/div>","protected":false},"excerpt":{"rendered":"<p>No ano de 2005, ingressei na comunidade Cat\u00f3lica Can\u00e7\u00e3o Nova, deixei pai, m\u00e3e,namoro, fam\u00edlia, trabalho&#8230; E decidi dedicar minha vida inteira no trabalho de evangeliza\u00e7\u00e3o. Comecei assim o meu pr\u00e9\u00ad-discipulado como chamamos aqui na Can\u00e7\u00e3o Nova. Em 2006, fui com&#8230;<\/p>\n","protected":false},"author":1081,"featured_media":0,"comment_status":"open","ping_status":"open","sticky":false,"template":"","format":"standard","meta":{"_mi_skip_tracking":false,"_monsterinsights_sitenote_active":false,"_monsterinsights_sitenote_note":"","_monsterinsights_sitenote_category":0,"footnotes":""},"categories":[681],"tags":[],"_links":{"self":[{"href":"https:\/\/blog.cancaonova.com\/belohorizonte\/wp-json\/wp\/v2\/posts\/7874"}],"collection":[{"href":"https:\/\/blog.cancaonova.com\/belohorizonte\/wp-json\/wp\/v2\/posts"}],"about":[{"href":"https:\/\/blog.cancaonova.com\/belohorizonte\/wp-json\/wp\/v2\/types\/post"}],"author":[{"embeddable":true,"href":"https:\/\/blog.cancaonova.com\/belohorizonte\/wp-json\/wp\/v2\/users\/1081"}],"replies":[{"embeddable":true,"href":"https:\/\/blog.cancaonova.com\/belohorizonte\/wp-json\/wp\/v2\/comments?post=7874"}],"version-history":[{"count":3,"href":"https:\/\/blog.cancaonova.com\/belohorizonte\/wp-json\/wp\/v2\/posts\/7874\/revisions"}],"predecessor-version":[{"id":7879,"href":"https:\/\/blog.cancaonova.com\/belohorizonte\/wp-json\/wp\/v2\/posts\/7874\/revisions\/7879"}],"wp:attachment":[{"href":"https:\/\/blog.cancaonova.com\/belohorizonte\/wp-json\/wp\/v2\/media?parent=7874"}],"wp:term":[{"taxonomy":"category","embeddable":true,"href":"https:\/\/blog.cancaonova.com\/belohorizonte\/wp-json\/wp\/v2\/categories?post=7874"},{"taxonomy":"post_tag","embeddable":true,"href":"https:\/\/blog.cancaonova.com\/belohorizonte\/wp-json\/wp\/v2\/tags?post=7874"}],"curies":[{"name":"wp","href":"https:\/\/api.w.org\/{rel}","templated":true}]}}