{"id":7881,"date":"2016-07-05T08:15:24","date_gmt":"2016-07-05T11:15:24","guid":{"rendered":"http:\/\/blog.cancaonova.com\/bh\/?p=7881"},"modified":"2016-07-04T17:20:24","modified_gmt":"2016-07-04T20:20:24","slug":"como-fazer-de-uma-crianca-um-adulto-com-limites","status":"publish","type":"post","link":"https:\/\/blog.cancaonova.com\/belohorizonte\/como-fazer-de-uma-crianca-um-adulto-com-limites\/","title":{"rendered":"Como fazer de uma crian\u00e7a um adulto com limites"},"content":{"rendered":"<div class=\"pf-content\"><p>Voc\u00ea j\u00e1 parou para pensar que mesmo nascendo com 40 semanas de gesta\u00e7\u00e3o, ainda assim nascemos prematuros?<\/p>\n<div id=\"attachment_7882\" style=\"width: 610px\" class=\"wp-caption aligncenter\"><img loading=\"lazy\" decoding=\"async\" aria-describedby=\"caption-attachment-7882\" class=\"wp-image-7882 size-large\" src=\"http:\/\/blog.cancaonova.com\/bh\/files\/2016\/07\/Imagem-043-600x300.jpg\" alt=\"Imagem 043\" width=\"600\" height=\"300\" srcset=\"https:\/\/blog.cancaonova.com\/belohorizonte\/files\/2016\/07\/Imagem-043-600x300.jpg 600w, https:\/\/blog.cancaonova.com\/belohorizonte\/files\/2016\/07\/Imagem-043-300x150.jpg 300w, https:\/\/blog.cancaonova.com\/belohorizonte\/files\/2016\/07\/Imagem-043-150x75.jpg 150w\" sizes=\"(max-width: 600px) 100vw, 600px\" \/><p id=\"caption-attachment-7882\" class=\"wp-caption-text\">Galeria\/cancaonova.com<\/p><\/div>\n<p>Os mam\u00edferos logo que nascem j\u00e1 desenvolvem bem sua locomo\u00e7\u00e3o, alimenta\u00e7\u00e3o, sentidos, conv\u00edvio social e tudo mais, e n\u00f3s demoramos quase 12 meses para andar e falar. Alimentamos-nos de leite materno durante seis meses e ainda morremos de c\u00f3lica, pois nosso organismo est\u00e1 em desenvolvimento.<\/p>\n<p><a href=\"http:\/\/blog.cancaonova.com\/bh\/e-entao-eu-nasci\/\"><strong>:: E ent\u00e3o eu nasci!<\/strong><\/a><\/p>\n<p>A psicologia nos diz que ap\u00f3s o nascimento ainda continuamos uma vida extrauterina, de pleno desenvolvimento e dependente totalmente dos cuidados maternos para sua sobreviv\u00eancia durante os primeiros meses. A aus\u00eancia dos cuidados de necessidades b\u00e1sicas gera no indiv\u00edduo e em sua vida adulta, um sentimento de desamparo muito grande, como se fosse um sentimento de abandono.<!--more Leia mais--><\/p>\n<p>Por volta dos 18 meses \u00e0 crian\u00e7a come\u00e7a pedir o N\u00c3O! Explora todo o ambiente a sua volta, como um verdadeiro explorador. Nisto, ela \u201cinvade\u201d espa\u00e7os que n\u00e3o s\u00e3o seus, aventurando-se em situa\u00e7\u00f5es inacredit\u00e1veis, pedindo de forma inconsciente,limites! A crian\u00e7a n\u00e3o tem no\u00e7\u00e3o do certo ou errado, os pais fazem esse papel. A atividade tornar-se desgastante para os pais, com isso, acaba permitindo essa explora\u00e7\u00e3o de forma desordenada. A falta de limite nesta etapa e em outras que tamb\u00e9m trabalham a quest\u00e3o de limites, podem na vida adulta ser ingredientes de\u00a0uma vida desregrada, sem limites, sem no\u00e7\u00e3o do perigo real.<\/p>\n<p><a href=\"http:\/\/blog.cancaonova.com\/bh\/influencias-dos-meus-pais-em-minha-gestacao\/\"><strong>:: Influ\u00eancias dos meus pais em minha gesta\u00e7\u00e3o<\/strong><\/a><\/p>\n<p>\u00c9 importante ressaltar que a crian\u00e7a precisa de firmeza e coer\u00eancia nas corre\u00e7\u00f5es. Essa firmeza protege a crian\u00e7a de poss\u00edveis anarquias, tanto na inf\u00e2ncia quanto na vida adulta.<\/p>\n<p>Um adulto sem limites \u00e9 dif\u00edcil de conviver, n\u00e3o \u00e9 mesmo?!<\/p>\n<p>Na inf\u00e2ncia, a crian\u00e7a passa por tr\u00eas fases importantes:<\/p>\n<p>O <em>narcisismo<\/em>, que \u00e9 a fase que a crian\u00e7a se descobre e se apaixona pelo que \u00e9;<\/p>\n<p>O <em>ego\u00edsmo<\/em>, quando ela desenvolve um sentimento de posse, \u00e9 a fase do n\u00e3o, do meu, minha;<\/p>\n<p>O <em>egocentrismo<\/em>, quando inicia o processo do pensamento, vivendo a experi\u00eancia da<br \/>\nfantasia e do seu mundo a n\u00edvel mental.<\/p>\n<p>\u00c9 muito importante para a crian\u00e7a passar por estas etapas, sem ficar apegada a elas. Passando por ela em um crescente desenvolvimento, porque ficar preso a uma dessas etapas, por n\u00e3o ter vivido bem, \u00e9 como se levasse essa etapa dentro de uma mala preta para a vida adulta. Um exemplo de narcisista, s\u00e3o aqueles adultos que vivem para chamar a aten\u00e7\u00e3o para eles, seja pelo aspecto f\u00edsico, intelectual ou at\u00e9 mesmo pela sua boa capacidade de se comunicar. \u00c9 o famoso \u201cpav\u00e3o\u201d, da vida adulta.<\/p>\n<div id=\"attachment_7883\" style=\"width: 610px\" class=\"wp-caption aligncenter\"><img loading=\"lazy\" decoding=\"async\" aria-describedby=\"caption-attachment-7883\" class=\"size-large wp-image-7883\" src=\"http:\/\/blog.cancaonova.com\/bh\/files\/2016\/07\/Imagem-040-600x300.jpg\" alt=\"Galeria\/cancaonova.com\" width=\"600\" height=\"300\" srcset=\"https:\/\/blog.cancaonova.com\/belohorizonte\/files\/2016\/07\/Imagem-040-600x300.jpg 600w, https:\/\/blog.cancaonova.com\/belohorizonte\/files\/2016\/07\/Imagem-040-300x150.jpg 300w, https:\/\/blog.cancaonova.com\/belohorizonte\/files\/2016\/07\/Imagem-040-150x75.jpg 150w\" sizes=\"(max-width: 600px) 100vw, 600px\" \/><p id=\"caption-attachment-7883\" class=\"wp-caption-text\">Galeria\/cancaonova.com<\/p><\/div>\n<p>O adulto ego\u00edsta \u00e9 f\u00e1cil de ser reconhecido, pois seu sentimento de posse tanto para coisas quanto para pessoas \u00e9 sufocante. J\u00e1 o egoc\u00eantrico, s\u00e3o aqueles que vivem em torno de seus pensamentos, vivendo de forma intransigente e r\u00edgida. Acreditando que possuem a verdade e que os outros n\u00e3o s\u00e3o t\u00e3o bons quanto ele.<\/p>\n<p>Percebam que todos estes aspectos, podem se tornar patol\u00f3gicos, se n\u00e3o forem bem vividos na inf\u00e2ncia, potencializando um comportamento infantil na vida adulta.<\/p>\n<p>Espero despertar em voc\u00ea, grandes reflex\u00f5es a respeito de seu comportamento no momento que se encontra agora, seja adolescente, adulto ou idoso. Promovendo um encontro com o verdadeiro eu e assim assumir o que sou e o que precisa ser mudado.<\/p>\n<p>No pr\u00f3ximo post falaremos mais sobre a inf\u00e2ncia. At\u00e9 breve!<\/p>\n<p><strong>Aline Rodrigues<\/strong><br \/>\nComunidade Can\u00e7\u00e3o Nova<\/p>\n<p><strong>Leia mais:<\/strong><br \/>\n<a href=\"http:\/\/blog.cancaonova.com\/bh\/ate-que-ponto-meus-pais-me-influenciam\/\">:: At\u00e9 que ponto meus pais me influenciam?<br \/>\n:<\/a><a href=\"http:\/\/blog.cancaonova.com\/bh\/qual-a-influencia-dos-antepassados-em-minha-vida\/\">: Qual a influ\u00eancia dos meus antepassados em minha vida?<br \/>\n:<\/a><a href=\"http:\/\/blog.cancaonova.com\/bh\/conheco-o-meu-temperamento-e-agora\/\">:Conhe\u00e7o meu temperamento. E agora?<\/a><\/p>\n<p><a href=\"agenda\"><img loading=\"lazy\" decoding=\"async\" class=\"aligncenter size-medium wp-image-7884\" src=\"http:\/\/blog.cancaonova.com\/bh\/files\/2016\/07\/agenda-400x129.png\" alt=\"agenda\" width=\"400\" height=\"129\" srcset=\"https:\/\/blog.cancaonova.com\/belohorizonte\/files\/2016\/07\/agenda-400x129.png 400w, https:\/\/blog.cancaonova.com\/belohorizonte\/files\/2016\/07\/agenda-768x248.png 768w, https:\/\/blog.cancaonova.com\/belohorizonte\/files\/2016\/07\/agenda.png 1200w\" sizes=\"(max-width: 400px) 100vw, 400px\" \/><\/a><\/p>\n<\/div>","protected":false},"excerpt":{"rendered":"<p>Voc\u00ea j\u00e1 parou para pensar que mesmo nascendo com 40 semanas de gesta\u00e7\u00e3o, ainda assim nascemos prematuros? Os mam\u00edferos logo que nascem j\u00e1 desenvolvem bem sua locomo\u00e7\u00e3o, alimenta\u00e7\u00e3o, sentidos, conv\u00edvio social e tudo mais, e n\u00f3s demoramos quase 12 meses&#8230;<\/p>\n","protected":false},"author":1081,"featured_media":0,"comment_status":"open","ping_status":"open","sticky":false,"template":"","format":"standard","meta":{"_mi_skip_tracking":false,"_monsterinsights_sitenote_active":false,"_monsterinsights_sitenote_note":"","_monsterinsights_sitenote_category":0,"footnotes":""},"categories":[681,23],"tags":[],"_links":{"self":[{"href":"https:\/\/blog.cancaonova.com\/belohorizonte\/wp-json\/wp\/v2\/posts\/7881"}],"collection":[{"href":"https:\/\/blog.cancaonova.com\/belohorizonte\/wp-json\/wp\/v2\/posts"}],"about":[{"href":"https:\/\/blog.cancaonova.com\/belohorizonte\/wp-json\/wp\/v2\/types\/post"}],"author":[{"embeddable":true,"href":"https:\/\/blog.cancaonova.com\/belohorizonte\/wp-json\/wp\/v2\/users\/1081"}],"replies":[{"embeddable":true,"href":"https:\/\/blog.cancaonova.com\/belohorizonte\/wp-json\/wp\/v2\/comments?post=7881"}],"version-history":[{"count":1,"href":"https:\/\/blog.cancaonova.com\/belohorizonte\/wp-json\/wp\/v2\/posts\/7881\/revisions"}],"predecessor-version":[{"id":7885,"href":"https:\/\/blog.cancaonova.com\/belohorizonte\/wp-json\/wp\/v2\/posts\/7881\/revisions\/7885"}],"wp:attachment":[{"href":"https:\/\/blog.cancaonova.com\/belohorizonte\/wp-json\/wp\/v2\/media?parent=7881"}],"wp:term":[{"taxonomy":"category","embeddable":true,"href":"https:\/\/blog.cancaonova.com\/belohorizonte\/wp-json\/wp\/v2\/categories?post=7881"},{"taxonomy":"post_tag","embeddable":true,"href":"https:\/\/blog.cancaonova.com\/belohorizonte\/wp-json\/wp\/v2\/tags?post=7881"}],"curies":[{"name":"wp","href":"https:\/\/api.w.org\/{rel}","templated":true}]}}