{"id":7890,"date":"2016-07-06T11:23:42","date_gmt":"2016-07-06T14:23:42","guid":{"rendered":"http:\/\/blog.cancaonova.com\/bh\/?p=7890"},"modified":"2016-07-06T11:23:42","modified_gmt":"2016-07-06T14:23:42","slug":"como-superar-as-provacoes-na-familia","status":"publish","type":"post","link":"https:\/\/blog.cancaonova.com\/belohorizonte\/como-superar-as-provacoes-na-familia\/","title":{"rendered":"Como superar as prova\u00e7\u00f5es na fam\u00edlia"},"content":{"rendered":"<div class=\"pf-content\"><p>A <a href=\"http:\/\/formacao.cancaonova.com\/?s=familia\">fam\u00edlia <\/a>\u00e9 o ambiente mais favor\u00e1vel para as experi\u00eancias mais belas que vivemos. Em muitos casos, \u00e9 tamb\u00e9m o lugar em que mais se sofre, por sua vulnerabilidade aos problemas e desafios gerados pelas condi\u00e7\u00f5es da vida que a colocam \u00e0 prova, como, por exemplo, a pobreza. E n\u00f3s, crist\u00e3os, temos o dever de nos aproximarmos destas fam\u00edlias. Todos conhecemos um pai ou uma m\u00e3e que est\u00e3o desempregados, alguns de n\u00f3s moramos perto de bairros desfavorecidos, com problemas de habita\u00e7\u00e3o, transportes, falta de acesso a servi\u00e7os sociais, como sa\u00fade e escola. Quando a fam\u00edlia sofre, as rela\u00e7\u00f5es correm risco de se enfraquecerem.<\/p>\n<p><img loading=\"lazy\" decoding=\"async\" class=\"aligncenter size-full wp-image-7893\" src=\"http:\/\/blog.cancaonova.com\/bh\/files\/2016\/07\/materia.png\" alt=\"materia\" width=\"600\" height=\"300\" srcset=\"https:\/\/blog.cancaonova.com\/belohorizonte\/files\/2016\/07\/materia.png 600w, https:\/\/blog.cancaonova.com\/belohorizonte\/files\/2016\/07\/materia-400x200.png 400w, https:\/\/blog.cancaonova.com\/belohorizonte\/files\/2016\/07\/materia-300x150.png 300w, https:\/\/blog.cancaonova.com\/belohorizonte\/files\/2016\/07\/materia-150x75.png 150w\" sizes=\"(max-width: 600px) 100vw, 600px\" \/><\/p>\n<p>&nbsp;<\/p>\n<p><a href=\"http:\/\/bit.ly\/encontro-familias2\"><strong>:: Encontro para Fam\u00edlias em Belo Horizonte<\/strong><\/a><\/p>\n<p><em>Pensemos em tantas fam\u00edlias que povoam as periferias das megal\u00f3poles, mas tamb\u00e9m nas zonas rurais. Quanta mis\u00e9ria, quanta degrada\u00e7\u00e3o! E depois, para piorar a situa\u00e7\u00e3o, em alguns lugares chega tamb\u00e9m a guerra. A guerra \u00e9 sempre uma coisa terr\u00edvel. Essa tamb\u00e9m afeta especialmente as popula\u00e7\u00f5es civis, as fam\u00edlias. Realmente a guerra \u00e9 a \u201cm\u00e3e de todas as pobrezas\u201d, a guerra empobrece a fam\u00edlia, uma grande predadora de vidas, de almas e dos afetos mais sagrados e mais queridos.<span style=\"font-size: 11.6667px;line-height: 17.5px\">\u00a0(Papa Francisco)<\/span><\/em><!--more Leia mais--><\/p>\n<p>Nem mesmo as dificuldades s\u00e3o capazes de tirar o brilho da dignidade, com o qual tantas fam\u00edlias pobres procuram conduzir a sua vida cotidiana. A f\u00e9 dos humildes torna-se porta aberta para a ben\u00e7\u00e3o de Deus. Papa Francisco alerta que esta consci\u00eancia n\u00e3o deve justificar nossa indiferen\u00e7a, mas aumentar a nossa vergonha pelo fato de existir tanta pobreza!<\/p>\n<p><strong><a href=\"http:\/\/formacao.cancaonova.com\/espiritualidade\/oracao\/consagracao-da-familia-ao-sagrado-coracao\/\">:: Consagra\u00e7\u00e3o da fam\u00edlia ao Sagrado Cora\u00e7\u00e3o<\/a>\u00a0<\/strong><\/p>\n<p>O Santo Padre exalta o milagre que permite, mesmo na pobreza, a continua\u00e7\u00e3o e at\u00e9 mesmo a conserva\u00e7\u00e3o da fam\u00edlia e da especial humanidade das suas rela\u00e7\u00f5es. Esse fato irrita planejadores de bem-estar por considerarem que afetos e rela\u00e7\u00f5es familiares s\u00e3o derivados da qualidade de vida. \u201cDever\u00edamos nos ajoelhar diante dessas fam\u00edlias que s\u00e3o uma verdadeira escola da humanidade que salva a sociedade das barb\u00e1ries\u201d, explica o Papa, ao constatar essa maravilhosa manifesta\u00e7\u00e3o de Deus.<\/p>\n<p>A vida p\u00fablica tem a necessidade de uma reorganiza\u00e7\u00e3o dos la\u00e7os sociais a partir da \u201cluta contra a espiral perversa entre fam\u00edlia e pobreza, que nos leva ao abismo\u201d.<\/p>\n<p><strong>Rodrigo Luiz dos Santos<\/strong><br \/>\n(Artigo retirado do seu livro \u201c<a href=\"http:\/\/loja.cancaonova.com\/products\/33410-livro-papa-francisco-as-familias-os-segredos-para-a-conquista-de-um-lar-feliz\">Papa Francisco \u00e0s Fam\u00edlias<\/a>\u201d)<\/p>\n<p><strong>Rezemos por nossas fam\u00edlias:<\/strong><br \/>\n<em>Oh, Deus, que na Sagrada Fam\u00edlia nos deixastes um modelo perfeito de vida familiar vivida na f\u00e9 e na obedi\u00eancia de Vossa vontade. Ajudai-nos a ser exemplo de f\u00e9 e amor aos Vossos mandamentos. Socorrei-nos na nossa miss\u00e3o de transmitir a f\u00e9 aos nossos filhos. Abri seu cora\u00e7\u00e3o para que cres\u00e7a neles a semente da f\u00e9 que receberam no batismo. Fortalecei a f\u00e9 dos nossos jovens, para que cres\u00e7am no conhecimento de Jesus.<\/em><br \/>\n<em> Aumentai o amor e a fidelidade em todos os casais, especialmente naqueles que passam por momentos de sofrimento ou dificuldade. Unidos com Jos\u00e9 e Maria, pedimo-Vos por Jesus Cristo vosso Filho, nosso Senhor. Am\u00e9m.<\/em><\/p>\n<p><a href=\"http:\/\/bit.ly\/agendaminas\"><img loading=\"lazy\" decoding=\"async\" class=\"aligncenter wp-image-7884 size-thumbnail\" src=\"http:\/\/blog.cancaonova.com\/bh\/files\/2016\/07\/agenda-400x129.png\" alt=\"agenda\" width=\"400\" height=\"129\" srcset=\"https:\/\/blog.cancaonova.com\/belohorizonte\/files\/2016\/07\/agenda-400x129.png 400w, https:\/\/blog.cancaonova.com\/belohorizonte\/files\/2016\/07\/agenda-768x248.png 768w, https:\/\/blog.cancaonova.com\/belohorizonte\/files\/2016\/07\/agenda.png 1200w\" sizes=\"(max-width: 400px) 100vw, 400px\" \/><\/a><\/p>\n<\/div>","protected":false},"excerpt":{"rendered":"<p>A fam\u00edlia \u00e9 o ambiente mais favor\u00e1vel para as experi\u00eancias mais belas que vivemos. Em muitos casos, \u00e9 tamb\u00e9m o lugar em que mais se sofre, por sua vulnerabilidade aos problemas e desafios gerados pelas condi\u00e7\u00f5es da vida que a&#8230;<\/p>\n","protected":false},"author":1081,"featured_media":0,"comment_status":"open","ping_status":"open","sticky":false,"template":"","format":"standard","meta":{"_mi_skip_tracking":false,"_monsterinsights_sitenote_active":false,"_monsterinsights_sitenote_note":"","_monsterinsights_sitenote_category":0,"footnotes":""},"categories":[681,23],"tags":[],"_links":{"self":[{"href":"https:\/\/blog.cancaonova.com\/belohorizonte\/wp-json\/wp\/v2\/posts\/7890"}],"collection":[{"href":"https:\/\/blog.cancaonova.com\/belohorizonte\/wp-json\/wp\/v2\/posts"}],"about":[{"href":"https:\/\/blog.cancaonova.com\/belohorizonte\/wp-json\/wp\/v2\/types\/post"}],"author":[{"embeddable":true,"href":"https:\/\/blog.cancaonova.com\/belohorizonte\/wp-json\/wp\/v2\/users\/1081"}],"replies":[{"embeddable":true,"href":"https:\/\/blog.cancaonova.com\/belohorizonte\/wp-json\/wp\/v2\/comments?post=7890"}],"version-history":[{"count":1,"href":"https:\/\/blog.cancaonova.com\/belohorizonte\/wp-json\/wp\/v2\/posts\/7890\/revisions"}],"predecessor-version":[{"id":7894,"href":"https:\/\/blog.cancaonova.com\/belohorizonte\/wp-json\/wp\/v2\/posts\/7890\/revisions\/7894"}],"wp:attachment":[{"href":"https:\/\/blog.cancaonova.com\/belohorizonte\/wp-json\/wp\/v2\/media?parent=7890"}],"wp:term":[{"taxonomy":"category","embeddable":true,"href":"https:\/\/blog.cancaonova.com\/belohorizonte\/wp-json\/wp\/v2\/categories?post=7890"},{"taxonomy":"post_tag","embeddable":true,"href":"https:\/\/blog.cancaonova.com\/belohorizonte\/wp-json\/wp\/v2\/tags?post=7890"}],"curies":[{"name":"wp","href":"https:\/\/api.w.org\/{rel}","templated":true}]}}