{"id":7895,"date":"2016-07-07T11:34:23","date_gmt":"2016-07-07T14:34:23","guid":{"rendered":"http:\/\/blog.cancaonova.com\/bh\/?p=7895"},"modified":"2016-07-07T11:35:12","modified_gmt":"2016-07-07T14:35:12","slug":"cancao-nova-em-belo-horizonte","status":"publish","type":"post","link":"https:\/\/blog.cancaonova.com\/belohorizonte\/cancao-nova-em-belo-horizonte\/","title":{"rendered":"Can\u00e7\u00e3o Nova em Belo Horizonte"},"content":{"rendered":"<div class=\"pf-content\"><p>A <a href=\"http:\/\/comunidade.cancaonova.com\/\">Can\u00e7\u00e3o Nova<\/a> \u00e9 uma Obra de Deus suscitada no cora\u00e7\u00e3o do fundador da comunidade <a href=\"http:\/\/padrejonas.cancaonova.com\/\">monsenhor Jonas Abib<\/a>. Tem como miss\u00e3o a evangeliza\u00e7\u00e3o pelos meios de comunica\u00e7\u00e3o\u00a0e dos encontros de ora\u00e7\u00e3o. Muitos destes encontros acontecem em suas Frentes de Miss\u00e3o espalhadas pelo Brasil e outros pa\u00edses.<\/p>\n<p>Aqui em Minas Gerais, temos uma\u00a0Frente de Miss\u00e3o em Belo Horizonte localizada na Avenida Isabel Bueno, 400 no bairro Jaragu\u00e1. Voc\u00ea \u00e9 convidado a estar presente em nossos eventos e a ser um evangelizador conosco. Assuma a Can\u00e7\u00e3o Nova em sua vida e seja um instrumento de Deus na vida de tantas pessoas que precisam ser alcan\u00e7adas por Ele.<\/p>\n<p><strong>Fique por dentro das nossas pr\u00f3ximas atividades:<\/strong><br \/>\n<a href=\"http:\/\/bit.ly\/encontro-familias2\"><img loading=\"lazy\" decoding=\"async\" class=\"aligncenter wp-image-7897 size-thumbnail\" src=\"http:\/\/blog.cancaonova.com\/bh\/files\/2016\/07\/familias-400x266.jpg\" alt=\"familias\" width=\"400\" height=\"266\" \/><\/a><br \/>\n<a href=\"http:\/\/blog.cancaonova.com\/bh\/eventos\/bazar-da-providencia\/\"><img loading=\"lazy\" decoding=\"async\" class=\"aligncenter wp-image-7896 size-thumbnail\" src=\"http:\/\/blog.cancaonova.com\/bh\/files\/2016\/07\/02-400x400.png\" alt=\"02\" width=\"400\" height=\"400\" srcset=\"https:\/\/blog.cancaonova.com\/belohorizonte\/files\/2016\/07\/02-400x400.png 400w, https:\/\/blog.cancaonova.com\/belohorizonte\/files\/2016\/07\/02-768x768.png 768w, https:\/\/blog.cancaonova.com\/belohorizonte\/files\/2016\/07\/02-150x150.png 150w, https:\/\/blog.cancaonova.com\/belohorizonte\/files\/2016\/07\/02.png 900w\" sizes=\"(max-width: 400px) 100vw, 400px\" \/><\/a><br \/>\n<img loading=\"lazy\" decoding=\"async\" class=\"aligncenter size-thumbnail wp-image-7898\" src=\"http:\/\/blog.cancaonova.com\/bh\/files\/2016\/07\/agenda-atualizada-400x300.png\" alt=\"agenda-atualizada\" width=\"400\" height=\"300\" srcset=\"https:\/\/blog.cancaonova.com\/belohorizonte\/files\/2016\/07\/agenda-atualizada-400x300.png 400w, https:\/\/blog.cancaonova.com\/belohorizonte\/files\/2016\/07\/agenda-atualizada-768x576.png 768w, https:\/\/blog.cancaonova.com\/belohorizonte\/files\/2016\/07\/agenda-atualizada.png 1200w\" sizes=\"(max-width: 400px) 100vw, 400px\" \/><\/p>\n<p>Voc\u00ea tamb\u00e9m pode acessar aqui a nossa agenda completa:<\/p>\n<p><a href=\"http:\/\/blog.cancaonova.com\/bh\/agenda-de-eventos\/\"><img loading=\"lazy\" decoding=\"async\" class=\"aligncenter wp-image-7899 size-thumbnail\" src=\"http:\/\/blog.cancaonova.com\/bh\/files\/2016\/07\/agenda-1-400x129.png\" alt=\"agenda\" width=\"400\" height=\"129\" srcset=\"https:\/\/blog.cancaonova.com\/belohorizonte\/files\/2016\/07\/agenda-1-400x129.png 400w, https:\/\/blog.cancaonova.com\/belohorizonte\/files\/2016\/07\/agenda-1-768x248.png 768w, https:\/\/blog.cancaonova.com\/belohorizonte\/files\/2016\/07\/agenda-1.png 1200w\" sizes=\"(max-width: 400px) 100vw, 400px\" \/><\/a><\/p>\n<\/div>","protected":false},"excerpt":{"rendered":"<p>A Can\u00e7\u00e3o Nova \u00e9 uma Obra de Deus suscitada no cora\u00e7\u00e3o do fundador da comunidade monsenhor Jonas Abib. Tem como miss\u00e3o a evangeliza\u00e7\u00e3o pelos meios de comunica\u00e7\u00e3o\u00a0e dos encontros de ora\u00e7\u00e3o. Muitos destes encontros acontecem em suas Frentes de Miss\u00e3o&#8230;<\/p>\n","protected":false},"author":1081,"featured_media":0,"comment_status":"open","ping_status":"open","sticky":false,"template":"","format":"standard","meta":{"_mi_skip_tracking":false,"_monsterinsights_sitenote_active":false,"_monsterinsights_sitenote_note":"","_monsterinsights_sitenote_category":0,"footnotes":""},"categories":[681],"tags":[],"_links":{"self":[{"href":"https:\/\/blog.cancaonova.com\/belohorizonte\/wp-json\/wp\/v2\/posts\/7895"}],"collection":[{"href":"https:\/\/blog.cancaonova.com\/belohorizonte\/wp-json\/wp\/v2\/posts"}],"about":[{"href":"https:\/\/blog.cancaonova.com\/belohorizonte\/wp-json\/wp\/v2\/types\/post"}],"author":[{"embeddable":true,"href":"https:\/\/blog.cancaonova.com\/belohorizonte\/wp-json\/wp\/v2\/users\/1081"}],"replies":[{"embeddable":true,"href":"https:\/\/blog.cancaonova.com\/belohorizonte\/wp-json\/wp\/v2\/comments?post=7895"}],"version-history":[{"count":1,"href":"https:\/\/blog.cancaonova.com\/belohorizonte\/wp-json\/wp\/v2\/posts\/7895\/revisions"}],"predecessor-version":[{"id":7900,"href":"https:\/\/blog.cancaonova.com\/belohorizonte\/wp-json\/wp\/v2\/posts\/7895\/revisions\/7900"}],"wp:attachment":[{"href":"https:\/\/blog.cancaonova.com\/belohorizonte\/wp-json\/wp\/v2\/media?parent=7895"}],"wp:term":[{"taxonomy":"category","embeddable":true,"href":"https:\/\/blog.cancaonova.com\/belohorizonte\/wp-json\/wp\/v2\/categories?post=7895"},{"taxonomy":"post_tag","embeddable":true,"href":"https:\/\/blog.cancaonova.com\/belohorizonte\/wp-json\/wp\/v2\/tags?post=7895"}],"curies":[{"name":"wp","href":"https:\/\/api.w.org\/{rel}","templated":true}]}}