{"id":7966,"date":"2016-07-25T11:16:37","date_gmt":"2016-07-25T14:16:37","guid":{"rendered":"http:\/\/blog.cancaonova.com\/bh\/?p=7966"},"modified":"2016-07-25T11:16:37","modified_gmt":"2016-07-25T14:16:37","slug":"como-ler-a-biblia","status":"publish","type":"post","link":"https:\/\/blog.cancaonova.com\/belohorizonte\/como-ler-a-biblia\/","title":{"rendered":"Como ler a B\u00edblia?"},"content":{"rendered":"<div class=\"pf-content\"><p><strong>Parte I: A cria\u00e7\u00e3o como Palavra de Deus<\/strong><\/p>\n<p>Para a f\u00e9 crist\u00e3 a Palavra de Deus n\u00e3o se resume apenas as Sagradas Escrituras. A Palavra de Deus \u00e9 o Verbo de Deus que se fez carne e habitou entre n\u00f3s. O pr\u00f3logo do evangelho segundo Jo\u00e3o diz que \u201ctudo come\u00e7ou a existir por meio d\u2019Ele, e, sem Ele, nada foi criado\u201d (Jo 1,3), <em>\u201ctudo foi criado por ele e para ele\u201d<\/em> (1,15). A Palavra de Deus est\u00e1 na cria\u00e7\u00e3o, a cria\u00e7\u00e3o n\u00e3o \u00e9 a Palavra de Deus, mas est\u00e1 imbu\u00edda dela. Como diz o salmo: \u201cOs c\u00e9us proclamam a gl\u00f3ria do Senhor e o firmamento a obra de suas m\u00e3os\u201d (Sl 19,1).<\/p>\n<div id=\"attachment_7967\" style=\"width: 610px\" class=\"wp-caption aligncenter\"><img loading=\"lazy\" decoding=\"async\" aria-describedby=\"caption-attachment-7967\" class=\"wp-image-7967 size-large\" src=\"http:\/\/blog.cancaonova.com\/bh\/files\/2016\/07\/036-600x300.jpg\" alt=\"036\" width=\"600\" height=\"300\" srcset=\"https:\/\/blog.cancaonova.com\/belohorizonte\/files\/2016\/07\/036-600x300.jpg 600w, https:\/\/blog.cancaonova.com\/belohorizonte\/files\/2016\/07\/036-300x150.jpg 300w, https:\/\/blog.cancaonova.com\/belohorizonte\/files\/2016\/07\/036-150x75.jpg 150w\" sizes=\"(max-width: 600px) 100vw, 600px\" \/><p id=\"caption-attachment-7967\" class=\"wp-caption-text\">&#8220;Deus se revela na cria\u00e7\u00e3o e na hist\u00f3ria.&#8221; (Galeria\/cancaonova.com)<\/p><\/div>\n<p>Como a cria\u00e7\u00e3o revela Deus? A Sagrada Escritura nos convida a conhecer o Criador, observando a cria\u00e7\u00e3o (cf. Sb 13,5; Rm 1,19-20). Segundo Bento XVI,<em> \u201ca tradi\u00e7\u00e3o do pensamento crist\u00e3o soube aprofundar este elemento chave da sinfonia da Palavra, quando por exemplo, S\u00e3o Boaventura que, juntamente com a grande tradi\u00e7\u00e3o dos Padres Gregos, v\u00ea todas as possibilidades da cria\u00e7\u00e3o no Logos \u2013 afirma que \u2018cada criatura \u00e9 palavra de Deus, porque proclama Deus\u201d<\/em> (Verbum Domini, par\u00e1grafo 8). A palavra de Deus \u00e9 sua revela\u00e7\u00e3o. \u00c9 muito importante compreender o significado cat\u00f3lico desse termo e sua rela\u00e7\u00e3o com a cria\u00e7\u00e3o.<\/p>\n<p><a href=\"http:\/\/bit.ly\/avivamento-2016\"><strong>:: Avivamento em Belo Horizonte<\/strong><\/a><\/p>\n<p><strong>Deus se revela na cria\u00e7\u00e3o e na hist\u00f3ria.<\/strong> <strong>A Revela\u00e7\u00e3o de Deus na hist\u00f3ria \u00e9 chamada de hist\u00f3ria da salva\u00e7\u00e3o.<\/strong> O termo revela\u00e7\u00e3o vem de &#8216;<em>revelare&#8217;<\/em> em latim que significa desvelar, tirar o v\u00e9u, descobrir, tornar manifesto, p\u00fablico. Deus, estando oculto decide se apresentar \u00e0 humanidade (Mysterium Salutis I, 211), tornar-se conhecido, acess\u00edvel a cada um.<\/p>\n<p>Como Deus se revela?<!--more Continue lendo--><\/p>\n<p>A Igreja Cat\u00f3lica durante o Conc\u00edlio Vaticano I, refletiu sobre o tema e afirmou que Deus se revela de diversas formas. Ele se revela por vias sobrenaturais e naturais. Segundo o Conc\u00edlio, a revela\u00e7\u00e3o natural est\u00e1 na obra da cria\u00e7\u00e3o como disse o ap\u00f3stolo Paulo em Rm 1,20: <em>\u201cCom efeito, desde a cria\u00e7\u00e3o do mundo, as suas perfei\u00e7\u00f5es invis\u00edveis, eterno poder e divindade, s\u00e3o vis\u00edveis em suas obras, para a intelig\u00eancia\u201d<\/em>. Deus, em suas obras, se apresenta como fundamento e fim de todas as coisas (Misterium Salutis, 211).<\/p>\n<p>O conhecimento de Deus \u00e9 acess\u00edvel \u00e0 intelig\u00eancia. Ou seja, ao analisar a origem de todas as coisas, as formas de cada ser, \u00e9 poss\u00edvel perceber uma Intelig\u00eancia suprema, uma realidade viva, onipotente e eterna, a qual pode ser chamada de Deus, o Criador. A natureza n\u00e3o podendo dar origem a si mesma do nada \u00e9 criatura, necessitada de um Criador. A humanidade sendo imagem e semelhan\u00e7a de Deus o revela de forma muito superior \u00e0s demais criaturas. A raz\u00e3o, a liberdade, a vontade, a consci\u00eancia e outros atributos humanos s\u00e3o reflexos do Criador. Conhecer a si mesmo em sua ess\u00eancia, conhecer a ess\u00eancia do ser humano \u00e9 conhecer por analogia seu Criador. Al\u00e9m disso, dentro do ser humano existe uma lei natural, a qual manifesta \u00e0 consci\u00eancia os mandamentos de Deus.<\/p>\n<div id=\"attachment_7968\" style=\"width: 610px\" class=\"wp-caption aligncenter\"><img loading=\"lazy\" decoding=\"async\" aria-describedby=\"caption-attachment-7968\" class=\"wp-image-7968 size-large\" src=\"http:\/\/blog.cancaonova.com\/bh\/files\/2016\/07\/89-600x300.jpg\" alt=\"89\" width=\"600\" height=\"300\" srcset=\"https:\/\/blog.cancaonova.com\/belohorizonte\/files\/2016\/07\/89-600x300.jpg 600w, https:\/\/blog.cancaonova.com\/belohorizonte\/files\/2016\/07\/89-300x150.jpg 300w, https:\/\/blog.cancaonova.com\/belohorizonte\/files\/2016\/07\/89-150x75.jpg 150w\" sizes=\"(max-width: 600px) 100vw, 600px\" \/><p id=\"caption-attachment-7968\" class=\"wp-caption-text\">&#8220;A Palavra \u00e9 o meio utilizado por ele para falar de seu interior.&#8221; (Galeira\/cancaonova.com)<\/p><\/div>\n<p>Bento XVI afirmou: <em>\u201cContemplando o universo na perspectiva da hist\u00f3ria da salva\u00e7\u00e3o, somos levados a descobrir a posi\u00e7\u00e3o \u00fanica e singular que ocupa o homem na cria\u00e7\u00e3o: \u2018Deus criou o homem \u00e0 sua imagem, criou-o \u00e0 imagem de Deus; Ele os criou homem e mulher\u2019 (Gn 1,27). Isto permite-nos reconhecer plenamente os dons preciosos recebidos pelo Criador: o valor do pr\u00f3prio corpo, o dom da raz\u00e3o, da liberdade e da consci\u00eancia. Nisto encontramos tamb\u00e9m tudo aquilo que a tradi\u00e7\u00e3o filos\u00f3fica chama \u2018lei natural\u2019. Com efeito \u2018todo ser humano que atinge a consci\u00eancia e a responsabilidade experimenta um chamamento interior para realizar o bem\u2019 e, consequentemente, evitar o mal\u201d<\/em> (Verbum Domini, par\u00e1grafo 9).<\/p>\n<p>Contudo, embora a cria\u00e7\u00e3o apresente Deus, n\u00e3o o revela totalmente. Por isso, o Conc\u00edlio Vaticano I afirma que a revela\u00e7\u00e3o sobrenatural \u00e9 necess\u00e1ria para que as coisas divinas sejam conhecidas facilmente (DS 2005).<\/p>\n<p><a href=\"http:\/\/blog.cancaonova.com\/bh\/por-que-ler-a-biblia\/\"><strong>:: Por que ler a B\u00edblia?<\/strong><\/a><\/p>\n<p>A revela\u00e7\u00e3o sobrenatural n\u00e3o est\u00e1 nas criaturas em geral e nem no homem e n\u00e3o pode ser alcan\u00e7ada pela intelig\u00eancia humana. Trata-se de algo que ultrapassa a hist\u00f3ria, o tempo e o espa\u00e7o. A revela\u00e7\u00e3o sobrenatural \u00e9 a a\u00e7\u00e3o de Deus de dar-se a conhecer, \u00e9 o ato Dele dizer de si mesmo. Portanto,<strong> a Palavra \u00e9 o meio utilizado por ele para falar de seu interior.<\/strong> A cria\u00e7\u00e3o aponta quem \u00e9 Deus, a Revela\u00e7\u00e3o diz como ele \u00e9. Portanto, enquanto a revela\u00e7\u00e3o natural est\u00e1 em suas obras, a sobrenatural est\u00e1 em sua Palavra (Misterium Salutis, 213) condensada na pessoa de Jesus Cristo e apresentada nas Sagradas Escrituras.<\/p>\n<p>Amar cada detalhe da cria\u00e7\u00e3o, amar e contemplar sua beleza, sua ordem, sua harmonia nos permite contemplar a Deus. No Catecismo da Igreja est\u00e1 escrito: <em>\u201cCremos que o mundo procede da vontade livre de Deus, que quis fazer as criaturas participar de seu ser, de sua sabedoria e de sua bondade\u201d<\/em> (CIC, 295). A B\u00edblia deve ser lida como a fonte principal da Revela\u00e7\u00e3o divina, mas n\u00e3o como \u00fanica.<\/p>\n<p>No pr\u00f3ximo artigo, falarei sobre a revela\u00e7\u00e3o sobrenatural, como Deus se revela nas Sagradas Escrituras.<\/p>\n<p>At\u00e9 a pr\u00f3xima!<\/p>\n<p><strong>Prof. Leandro C\u00e9sar<br \/>\n<\/strong>Mestre em Sagrada Escritura<\/p>\n<p>e-mail: leandrocesarcn@gmail.com<br \/>\nBlog.: professorleandrocesar.blogspot.com<br \/>\nYoutube: Canal An\u00e1stasis<\/p>\n<p><strong>Fontes:<\/strong><br \/>\nBENTO XVI, papa. Exorta\u00e7\u00e3o apost\u00f3lica p\u00f3s-sinodal Verbum Domini. Ao episcopado, ao clero, \u00e0s pessoas consagradas e aos fi\u00e9is leigos. Sobre a Palavra de Deus na vida e na miss\u00e3o da Igreja. S\u00e3o Paulo: Paulinas, 2010.<br \/>\nCATECISMO DA IGREJA CAT\u00d3LICA. Edi\u00e7\u00e3o t\u00edpica vaticana. S\u00e3o Paulo: Edi\u00e7\u00f5es Loyola, 2000.<br \/>\nFEINER, Johanes \u2013 LOHRER, Magnus (dirigentes). Mysterium Salutis. Manual de Teologia como historia de la salvacion. Vol. 1. Madrid: Ediciones Cristiandad, 1969.<\/p>\n<p><strong>Leia mais:\u00a0<\/strong><br \/>\n<a href=\"http:\/\/blog.cancaonova.com\/bh\/atitudes-cristas-na-sociedade\/\">:: Atitudes crist\u00e3s na sociedade<br \/>\n:<\/a><a href=\"http:\/\/blog.cancaonova.com\/bh\/onde-estao-teus-sonhos\/\">:Onde est\u00e3o os teus sonhos?<br \/>\n:<\/a><a href=\"http:\/\/blog.cancaonova.com\/bh\/voce-e-uma-pessoa-desapegada\/\">: Voc\u00ea \u00e9 uma pessoa desapegada?<\/a><\/p>\n<p><a href=\"http:\/\/blog.cancaonova.com\/bh\/agenda-de-eventos\/\"><img loading=\"lazy\" decoding=\"async\" class=\"aligncenter wp-image-7931 size-thumbnail\" src=\"http:\/\/blog.cancaonova.com\/bh\/files\/2016\/07\/agenda-2-400x129.png\" alt=\"agenda\" width=\"400\" height=\"129\" srcset=\"https:\/\/blog.cancaonova.com\/belohorizonte\/files\/2016\/07\/agenda-2-400x129.png 400w, https:\/\/blog.cancaonova.com\/belohorizonte\/files\/2016\/07\/agenda-2-768x248.png 768w, https:\/\/blog.cancaonova.com\/belohorizonte\/files\/2016\/07\/agenda-2.png 1200w\" sizes=\"(max-width: 400px) 100vw, 400px\" \/><\/a><\/p>\n<\/div>","protected":false},"excerpt":{"rendered":"<p>Parte I: A cria\u00e7\u00e3o como Palavra de Deus Para a f\u00e9 crist\u00e3 a Palavra de Deus n\u00e3o se resume apenas as Sagradas Escrituras. A Palavra de Deus \u00e9 o Verbo de Deus que se fez carne e habitou entre n\u00f3s&#8230;.<\/p>\n","protected":false},"author":1081,"featured_media":0,"comment_status":"open","ping_status":"open","sticky":false,"template":"","format":"standard","meta":{"_mi_skip_tracking":false,"_monsterinsights_sitenote_active":false,"_monsterinsights_sitenote_note":"","_monsterinsights_sitenote_category":0,"footnotes":""},"categories":[681],"tags":[],"_links":{"self":[{"href":"https:\/\/blog.cancaonova.com\/belohorizonte\/wp-json\/wp\/v2\/posts\/7966"}],"collection":[{"href":"https:\/\/blog.cancaonova.com\/belohorizonte\/wp-json\/wp\/v2\/posts"}],"about":[{"href":"https:\/\/blog.cancaonova.com\/belohorizonte\/wp-json\/wp\/v2\/types\/post"}],"author":[{"embeddable":true,"href":"https:\/\/blog.cancaonova.com\/belohorizonte\/wp-json\/wp\/v2\/users\/1081"}],"replies":[{"embeddable":true,"href":"https:\/\/blog.cancaonova.com\/belohorizonte\/wp-json\/wp\/v2\/comments?post=7966"}],"version-history":[{"count":1,"href":"https:\/\/blog.cancaonova.com\/belohorizonte\/wp-json\/wp\/v2\/posts\/7966\/revisions"}],"predecessor-version":[{"id":7969,"href":"https:\/\/blog.cancaonova.com\/belohorizonte\/wp-json\/wp\/v2\/posts\/7966\/revisions\/7969"}],"wp:attachment":[{"href":"https:\/\/blog.cancaonova.com\/belohorizonte\/wp-json\/wp\/v2\/media?parent=7966"}],"wp:term":[{"taxonomy":"category","embeddable":true,"href":"https:\/\/blog.cancaonova.com\/belohorizonte\/wp-json\/wp\/v2\/categories?post=7966"},{"taxonomy":"post_tag","embeddable":true,"href":"https:\/\/blog.cancaonova.com\/belohorizonte\/wp-json\/wp\/v2\/tags?post=7966"}],"curies":[{"name":"wp","href":"https:\/\/api.w.org\/{rel}","templated":true}]}}