{"id":7971,"date":"2016-08-10T08:02:19","date_gmt":"2016-08-10T11:02:19","guid":{"rendered":"http:\/\/blog.cancaonova.com\/bh\/?p=7971"},"modified":"2016-07-25T17:02:49","modified_gmt":"2016-07-25T20:02:49","slug":"jesus-homem-ou-deus","status":"publish","type":"post","link":"https:\/\/blog.cancaonova.com\/belohorizonte\/jesus-homem-ou-deus\/","title":{"rendered":"Jesus: homem ou Deus?"},"content":{"rendered":"<div class=\"pf-content\"><p><strong>\u00a0As origens de Jesus no Evangelho de Jo\u00e3o<br \/>\n<\/strong><br \/>\nA f\u00e9 crist\u00e3 professa que Jesus existe desde toda a eternidade ao lado do Pai. Ele \u00e9 Deus, como o Pai \u00e9 Deus. Contudo, a uni\u00e3o entre os dois n\u00e3o os separa quanto \u00e0 divindade. N\u00e3o cremos em tr\u00eas deuses, mas em um s\u00f3 Deus formado por tr\u00eas pessoas divinas. Deus cria por meio de Jesus. A origem da vida est\u00e1 em Jesus, pois ele \u00e9 o portador da vida.<\/p>\n<div id=\"attachment_7972\" style=\"width: 610px\" class=\"wp-caption aligncenter\"><img loading=\"lazy\" decoding=\"async\" aria-describedby=\"caption-attachment-7972\" class=\"wp-image-7972 size-large\" src=\"http:\/\/blog.cancaonova.com\/bh\/files\/2016\/07\/Imagem-022-600x300.jpg\" alt=\"Imagem 022\" width=\"600\" height=\"300\" srcset=\"https:\/\/blog.cancaonova.com\/belohorizonte\/files\/2016\/07\/Imagem-022-600x300.jpg 600w, https:\/\/blog.cancaonova.com\/belohorizonte\/files\/2016\/07\/Imagem-022-300x150.jpg 300w, https:\/\/blog.cancaonova.com\/belohorizonte\/files\/2016\/07\/Imagem-022-150x75.jpg 150w\" sizes=\"(max-width: 600px) 100vw, 600px\" \/><p id=\"caption-attachment-7972\" class=\"wp-caption-text\">&#8220;Eu sou a luz do mundo&#8221; (Galeria\/cancaonova.com)<\/p><\/div>\n<p>No princ\u00edpio era o Verbo, e o Verbo estava junto de Deus e o Verbo era Deus. Ele estava no princ\u00edpio junto de Deus. Tudo foi feito por ele, e sem ele nada foi feito. Nele havia a vida, e a vida era a luz dos homens. A luz resplandece nas trevas, e as trevas n\u00e3o a compreenderam (Jo 1,1-5).<\/p>\n<p><strong>Por que o ap\u00f3stolo Jo\u00e3o afirmou que Jesus \u00e9 criador, eterno, o portador da vida e a luz? A afirma\u00e7\u00e3o de Jo\u00e3o tem origem nas pr\u00f3prias palavras de Jesus. Jo\u00e3o narrou certa vez:<\/strong><\/p>\n<p>Dirigiu-se Jesus para o monte das Oliveiras. Ao romper da manh\u00e3, voltou ao templo e todo o povo veio a ele. Assentou-se e come\u00e7ou a ensinar. Os escribas e os fariseus trouxeram-lhe uma mulher que fora apanhada em adult\u00e9rio. Puseram-na no meio da multid\u00e3o e disseram a Jesus: Mestre, agora mesmo esta mulher foi apanhada em adult\u00e9rio. Mois\u00e9s mandou-nos na lei que apedrej\u00e1ssemos tais mulheres. Que dizes tu a isso? Perguntavam-lhe isso, a fim de p\u00f4-lo \u00e0 prova e poderem acus\u00e1-lo. Jesus, por\u00e9m, se inclinou para a frente e escrevia com o dedo na terra. Como eles insistissem, ergueu-se e disse-lhes: Quem de v\u00f3s estiver sem pecado, seja o primeiro a lhe atirar uma pedra. Inclinando-se novamente, escrevia na terra. A essas palavras, sentindo-se acusados pela sua pr\u00f3pria consci\u00eancia, eles se foram retirando um por um, at\u00e9 o \u00faltimo, a come\u00e7ar pelos mais idosos, de sorte que Jesus ficou sozinho, com a mulher diante dele. Ent\u00e3o ele se ergueu e vendo ali apenas a mulher, perguntou-lhe: Mulher, onde est\u00e3o os que te acusavam? Ningu\u00e9m te condenou? Respondeu ela: Ningu\u00e9m, Senhor. Disse-lhe ent\u00e3o Jesus: Nem eu te condeno. Vai e n\u00e3o tornes a pecar (Jo 8,1-11).<\/p>\n<p><strong><a href=\"http:\/\/blog.cancaonova.com\/bh\/como-ler-a-biblia\/\">:: Como ler a B\u00edblia?<\/a>\u00a0<\/strong><!--more Continue lendo--><\/p>\n<p>Os escribas e os fariseus eram os mestres da Palavra de Deus\u00a0em Israel. Eles eram os especialistas no conhecimento das leis e dos ensinamentos b\u00edblicos. Eles levaram a Jesus uma mulher pega em adult\u00e9rio e disseram que segundo a lei de Mois\u00e9s ela deveria ser apedrejada. Os escritos de Mois\u00e9s representam a pr\u00f3pria Palavra de Deus dada ao povo judeu, portanto gozam da m\u00e1xima autoridade. Mois\u00e9s profetizou que apenas o Messias seria capaz de dar continuidade \u00e0 sua palavra: \u201cO Senhor, teu Deus, te suscitar\u00e1 dentre os teus irm\u00e3os um profeta como eu: \u00e9 a ele que devereis ouvir. Eu lhes suscitarei um profeta como tu dentre seus irm\u00e3os: p\u00f4r-lhe-ei minhas palavras na boca, e ele lhes far\u00e1 conhecer as minhas. ordens. Mas ao que recusar ouvir o que ele disser de minha parte, pedir-lhe-ei contas disso\u201d (Dt 18,15.18).<\/p>\n<p>Os escribas e os fariseus sabiam que Jesus estava sendo aclamado como o Messias por muitos. Por isso, como n\u00e3o acreditavam nele resolveram armar-lhe uma armadilha para conden\u00e1-lo. Jesus desconcertou os acusadores e ao perdoar a pecadora demonstrou que o mandamento \u201cn\u00e3o matar\u00e1s\u201d com ele n\u00e3o \u00e9 mudado, mas levado \u00e0 plenitude.<\/p>\n<p><a href=\"http:\/\/blog.cancaonova.com\/bh\/atitudes-cristas-na-sociedade\/\"><strong>:: Atitudes crist\u00e3s na sociedade<\/strong><\/a><\/p>\n<p>Jesus demonstrou por seus ensinamentos e atitudes que n\u00e3o veio para abolir a lei antiga, mas lev\u00e1-la a plenitude (cf. Mt 5,17-19). O salmista exclamou: \u201cL\u00e2mpada para meus passos \u00e9 a tua palavra e luz no meu caminho\u201d (Sl 119,105). Jesus demonstrou que a luz de sua palavra dita no passado por meio de Mois\u00e9s era a luz para iluminar os passos de Israel, mas que a sua palavra dita pessoalmente ilumina o mundo inteiro.<\/p>\n<div id=\"attachment_7973\" style=\"width: 610px\" class=\"wp-caption aligncenter\"><img loading=\"lazy\" decoding=\"async\" aria-describedby=\"caption-attachment-7973\" class=\"wp-image-7973 size-large\" src=\"http:\/\/blog.cancaonova.com\/bh\/files\/2016\/07\/Imagem-060-600x300.jpg\" alt=\"Imagem 060\" width=\"600\" height=\"300\" srcset=\"https:\/\/blog.cancaonova.com\/belohorizonte\/files\/2016\/07\/Imagem-060-600x300.jpg 600w, https:\/\/blog.cancaonova.com\/belohorizonte\/files\/2016\/07\/Imagem-060-300x150.jpg 300w, https:\/\/blog.cancaonova.com\/belohorizonte\/files\/2016\/07\/Imagem-060-150x75.jpg 150w\" sizes=\"(max-width: 600px) 100vw, 600px\" \/><p id=\"caption-attachment-7973\" class=\"wp-caption-text\">&#8220;A Palavra desejou conviver com os homens.&#8221; (Galeria\/cancaonova.com)<\/p><\/div>\n<p>Falou-lhes outra vez Jesus: &#8220;<strong>Eu sou a luz do mundo;<\/strong> aquele que me segue n\u00e3o andar\u00e1 em trevas, mas ter\u00e1 a luz da vida. A isso, os fariseus lhe disseram: Tu d\u00e1s testemunho de ti mesmo; teu testemunho n\u00e3o \u00e9 digno de f\u00e9. Respondeu-lhes Jesus: Embora eu d\u00ea testemunho de mim mesmo, o meu testemunho \u00e9 digno de f\u00e9, porque sei de onde vim e para onde vou; mas v\u00f3s n\u00e3o sabeis de onde venho nem para onde vou. V\u00f3s sois c\u00e1 de baixo, eu sou l\u00e1 de cima. V\u00f3s sois deste mundo, eu n\u00e3o sou deste mundo. Por isso vos disse: morrereis no vosso pecado; porque, se n\u00e3o crerdes o que eu sou, morrereis no vosso pecado. Quem \u00e9s tu?, perguntaram-lhe eles ent\u00e3o. Jesus respondeu: Exatamente o que eu vos declaro. Tenho muitas coisas a dizer e a julgar a vosso respeito, mas o que me enviou \u00e9 verdadeiro e o que dele ouvi eu o digo ao mundo (Jo 8,12-14;23-26).<\/p>\n<p><strong>Jesus disse que ele \u00e9 a luz do mundo.<\/strong> Muitos n\u00e3o creram nele naquele tempo e muitos tamb\u00e9m n\u00e3o creem nos dias de hoje. Todavia, quem o segue experimenta que n\u00e3o anda no escuro, mas sob uma luz que d\u00e1 vida. N\u00e3o se trata de teoria e sim, de experi\u00eancia. Os crist\u00e3os confiam na palavra de seu mestre, por isso afirmam que Jesus, a eterna luz, se encarnou, pois veio do alto. Trata-se de uma profiss\u00e3o de f\u00e9 que o proclama como o \u201ceu sou\u201d, ou seja, ele \u00e9 o \u201cDeus verdadeiro de Deus verdadeiro\u201d como afirma o credo Niceno-Constantinopolitano. Jesus era puro esp\u00edrito, antes de sua encarna\u00e7\u00e3o, mas assumindo a natureza humana, assumiu tudo o que somos sem deixar sua condi\u00e7\u00e3o eterna, ou seja, ele \u00e9 cem por cento Deus e cem por cento homem, exceto no pecado, pois n\u00e3o pode contradizer a si mesmo:<em> \u201cE a Palavra se fez carne e veio morar entre n\u00f3s. N\u00f3s vimos sua gl\u00f3ria, gl\u00f3ria que recebe do seu Pai como filho \u00fanico, cheio de gra\u00e7a e de verdade\u201d<\/em> (Jo 1,14).<\/p>\n<p><strong>A Palavra desejou conviver com os homens.<\/strong> O pr\u00f3ximo passo ser\u00e1 analisar como isso aconteceu de forma ordenada.<br \/>\nConvido voc\u00ea a acompanhar o estudo sobre as origens de Jesus no pr\u00f3ximo artigo, o qual tratar\u00e1 do tema segundo o evangelho de Lucas.<\/p>\n<p>At\u00e9 a pr\u00f3xima!<\/p>\n<p><strong>Prof. Ms. Leandro C\u00e9sar<\/strong><br \/>\nTe\u00f3logo formado pelo Studium Theologicum Jerosomilitanum \u2013 Jerusal\u00e9m, Israel<br \/>\nMestre em Teologia B\u00edblica pela Faculdade Jesu\u00edta de Filosofia e Teologia, Brasil<\/p>\n<p><strong>Leia mais:<\/strong><br \/>\n<a href=\"http:\/\/blog.cancaonova.com\/bh\/voce-e-uma-pessoa-desapegada\/\">:: Voc\u00ea \u00e9 uma pessoa desapegada?<\/a><br \/>\n<a href=\"http:\/\/blog.cancaonova.com\/bh\/onde-estao-teus-sonhos\/\">:: Onde est\u00e3o os teus sonhos?<\/a><br \/>\n<a href=\"http:\/\/blog.cancaonova.com\/bh\/por-que-ler-a-biblia\/\">:: Por que ler a B\u00edblia?<\/a><\/p>\n<\/div>","protected":false},"excerpt":{"rendered":"<p>\u00a0As origens de Jesus no Evangelho de Jo\u00e3o A f\u00e9 crist\u00e3 professa que Jesus existe desde toda a eternidade ao lado do Pai. Ele \u00e9 Deus, como o Pai \u00e9 Deus. Contudo, a uni\u00e3o entre os dois n\u00e3o os separa&#8230;<\/p>\n","protected":false},"author":1081,"featured_media":0,"comment_status":"open","ping_status":"open","sticky":false,"template":"","format":"standard","meta":{"_mi_skip_tracking":false,"_monsterinsights_sitenote_active":false,"_monsterinsights_sitenote_note":"","_monsterinsights_sitenote_category":0,"footnotes":""},"categories":[681],"tags":[],"_links":{"self":[{"href":"https:\/\/blog.cancaonova.com\/belohorizonte\/wp-json\/wp\/v2\/posts\/7971"}],"collection":[{"href":"https:\/\/blog.cancaonova.com\/belohorizonte\/wp-json\/wp\/v2\/posts"}],"about":[{"href":"https:\/\/blog.cancaonova.com\/belohorizonte\/wp-json\/wp\/v2\/types\/post"}],"author":[{"embeddable":true,"href":"https:\/\/blog.cancaonova.com\/belohorizonte\/wp-json\/wp\/v2\/users\/1081"}],"replies":[{"embeddable":true,"href":"https:\/\/blog.cancaonova.com\/belohorizonte\/wp-json\/wp\/v2\/comments?post=7971"}],"version-history":[{"count":1,"href":"https:\/\/blog.cancaonova.com\/belohorizonte\/wp-json\/wp\/v2\/posts\/7971\/revisions"}],"predecessor-version":[{"id":7974,"href":"https:\/\/blog.cancaonova.com\/belohorizonte\/wp-json\/wp\/v2\/posts\/7971\/revisions\/7974"}],"wp:attachment":[{"href":"https:\/\/blog.cancaonova.com\/belohorizonte\/wp-json\/wp\/v2\/media?parent=7971"}],"wp:term":[{"taxonomy":"category","embeddable":true,"href":"https:\/\/blog.cancaonova.com\/belohorizonte\/wp-json\/wp\/v2\/categories?post=7971"},{"taxonomy":"post_tag","embeddable":true,"href":"https:\/\/blog.cancaonova.com\/belohorizonte\/wp-json\/wp\/v2\/tags?post=7971"}],"curies":[{"name":"wp","href":"https:\/\/api.w.org\/{rel}","templated":true}]}}