{"id":7975,"date":"2016-09-01T08:04:55","date_gmt":"2016-09-01T11:04:55","guid":{"rendered":"http:\/\/blog.cancaonova.com\/bh\/?p=7975"},"modified":"2016-07-25T17:13:06","modified_gmt":"2016-07-25T20:13:06","slug":"a-experiencia-sobrenatural-da-palavra-de-deus","status":"publish","type":"post","link":"https:\/\/blog.cancaonova.com\/belohorizonte\/a-experiencia-sobrenatural-da-palavra-de-deus\/","title":{"rendered":"A experi\u00eancia sobrenatural da Palavra de Deus"},"content":{"rendered":"<div class=\"pf-content\"><p><strong>A experi\u00eancia sobrenatural da Palavra de Deus: O Pai fala e responde as nossas perguntas<br \/>\n<\/strong><br \/>\nSetembro \u00e9 o m\u00eas da b\u00edblia. A Igreja nasceu da Palavra de Deus, pois Jesus \u00e9 a Palavra que se fez carne e habitou entre n\u00f3s. Por isso, ela n\u00e3o apenas nasceu, mas nasce continuamente e vive da Palavra. O Papa Em\u00e9rito Bento XVI durante o \u00faltimo S\u00ednodo dedicado \u00e0 Palavra, em 2008 afirmou que muitos crist\u00e3os em nosso tempo tem encontrado uma sede pela experi\u00eancia mais \u00edntima com Deus por meio de sua Palavra. O S\u00ednodo daquele ano surgiu com a inten\u00e7\u00e3o de fomentar essa experi\u00eancia em toda a Igreja. O objetivo deste primeiro artigo da s\u00e9rie <em>\u201cA experi\u00eancia sobrenatural da Palavra de Deus\u201d<\/em> \u00e9 meditar um pouco sobre o encontro com a Palavra.<\/p>\n<div id=\"attachment_7976\" style=\"width: 610px\" class=\"wp-caption aligncenter\"><img loading=\"lazy\" decoding=\"async\" aria-describedby=\"caption-attachment-7976\" class=\"wp-image-7976 size-large\" src=\"http:\/\/blog.cancaonova.com\/bh\/files\/2016\/07\/Imagem-001-600x300.jpg\" alt=\"Imagem 001\" width=\"600\" height=\"300\" srcset=\"https:\/\/blog.cancaonova.com\/belohorizonte\/files\/2016\/07\/Imagem-001-600x300.jpg 600w, https:\/\/blog.cancaonova.com\/belohorizonte\/files\/2016\/07\/Imagem-001-300x150.jpg 300w, https:\/\/blog.cancaonova.com\/belohorizonte\/files\/2016\/07\/Imagem-001-150x75.jpg 150w\" sizes=\"(max-width: 600px) 100vw, 600px\" \/><p id=\"caption-attachment-7976\" class=\"wp-caption-text\">&#8220;Deus quer falar com voc\u00ea!&#8221; (Galeria\/cancaonova.com)<\/p><\/div>\n<p><strong><a href=\"http:\/\/blog.cancaonova.com\/bh\/como-ler-a-biblia\/\">:: Como ler a B\u00edblia?<\/a>\u00a0<\/strong><\/p>\n<p><strong>Desde os prim\u00f3rdios a Igreja ensina que Jesus \u00e9 a plenitude da Revela\u00e7\u00e3o de Deus \u00e0 humanidade. O<\/strong> filho de Deus nos revelou o Pai por meio de suas palavras, modo de agir e pelos atos de poder. De modo especial, cumpriu em si as profecias referentes \u00e0 vinda do Messias, sobretudo o an\u00fancio da morte e ressurrei\u00e7\u00e3o. Os relatos escritos no Antigo e no Novo testamento convergem para Jesus, dele d\u00e3o testemunho. O Antigo apresenta por antecipa\u00e7\u00e3o como ser\u00e1 a manifesta\u00e7\u00e3o do Filho de Deus e o Novo apresenta como \u00e9 o Filho de Deus e consequentemente, apresenta a rela\u00e7\u00e3o presente no interior da Trindade.<\/p>\n<p>Buscar o conhecimento da Palavra de Deus por meio da leitura, ora\u00e7\u00e3o e estudo \u00e9 buscar conhecer o pr\u00f3prio Deus. Pode comparar a Palavra como uma ponte que passa sobre um grande rio ligando duas cidades. Servindo-se de palavras de Santo Agostinho, pode-se referir a cidade de Deus e a cidade dos homens, ou seja, a Palavra \u00e9 como uma ponte que liga o homem \u00e0 Deus.<\/p>\n<p><strong>Imagine que Bento XVI disse a respeito do S\u00ednodo que os bispos do mundo inteiro se reuniram em Roma para redescobrir algo que para eles j\u00e1 era adquirido no dia a dia:\u00a0O fato de que Deus fale e responde \u00e0s nossas perguntas.<\/strong><\/p>\n<p><a href=\"http:\/\/blog.cancaonova.com\/bh\/por-que-ler-a-biblia\/\"><strong>:: Por que ler a B\u00edblia?<\/strong><\/a><\/p>\n<p>Talvez seu cora\u00e7\u00e3o esteja \u00e1rido como uma terra seca e sem vida. Com certeza, se est\u00e1 lendo esta medita\u00e7\u00e3o at\u00e9 o final \u00e9 sinal de que h\u00e1 uma sede de Deus, do conv\u00edvio com ele. Por isso, sou ousado em lhe exortar a dizer sim ao chamado que est\u00e1 em seu cora\u00e7\u00e3o. Busque a fonte, busque atravessar a ponte que nos liga a Deus por meio da leitura pessoal e comunit\u00e1ria da palavra. Deixe que o Esp\u00edrito Santo suscite atrav\u00e9s da ora\u00e7\u00e3o com a Palavra as diretrizes, as exorta\u00e7\u00f5es, os conselhos, as respostas que Deus tem para voc\u00ea para o tempo em que voc\u00ea se encontra.<\/p>\n<p>Deus quer falar com voc\u00ea!<\/p>\n<p>At\u00e9 a pr\u00f3xima<\/p>\n<p><strong>Prof. Leandro C\u00e9sar<br \/>\n<\/strong>Mestre em Sagrada Escritura<strong><br \/>\n<\/strong><br \/>\n<strong>Fonte:<\/strong><br \/>\nXII ASSEMBL\u00c9IA GERAL DO S\u00cdNODO DOS BISPOS.\u00a0Instrumentum laboris,\u00a027.<\/p>\n<p><img loading=\"lazy\" decoding=\"async\" class=\"aligncenter size-thumbnail wp-image-7931\" src=\"http:\/\/blog.cancaonova.com\/bh\/files\/2016\/07\/agenda-2-400x129.png\" alt=\"agenda\" width=\"400\" height=\"129\" srcset=\"https:\/\/blog.cancaonova.com\/belohorizonte\/files\/2016\/07\/agenda-2-400x129.png 400w, https:\/\/blog.cancaonova.com\/belohorizonte\/files\/2016\/07\/agenda-2-768x248.png 768w, https:\/\/blog.cancaonova.com\/belohorizonte\/files\/2016\/07\/agenda-2.png 1200w\" sizes=\"(max-width: 400px) 100vw, 400px\" \/><\/p>\n<\/div>","protected":false},"excerpt":{"rendered":"<p>A experi\u00eancia sobrenatural da Palavra de Deus: O Pai fala e responde as nossas perguntas Setembro \u00e9 o m\u00eas da b\u00edblia. A Igreja nasceu da Palavra de Deus, pois Jesus \u00e9 a Palavra que se fez carne e habitou entre&#8230;<\/p>\n","protected":false},"author":1081,"featured_media":0,"comment_status":"open","ping_status":"open","sticky":false,"template":"","format":"standard","meta":{"_mi_skip_tracking":false,"_monsterinsights_sitenote_active":false,"_monsterinsights_sitenote_note":"","_monsterinsights_sitenote_category":0,"footnotes":""},"categories":[681],"tags":[],"_links":{"self":[{"href":"https:\/\/blog.cancaonova.com\/belohorizonte\/wp-json\/wp\/v2\/posts\/7975"}],"collection":[{"href":"https:\/\/blog.cancaonova.com\/belohorizonte\/wp-json\/wp\/v2\/posts"}],"about":[{"href":"https:\/\/blog.cancaonova.com\/belohorizonte\/wp-json\/wp\/v2\/types\/post"}],"author":[{"embeddable":true,"href":"https:\/\/blog.cancaonova.com\/belohorizonte\/wp-json\/wp\/v2\/users\/1081"}],"replies":[{"embeddable":true,"href":"https:\/\/blog.cancaonova.com\/belohorizonte\/wp-json\/wp\/v2\/comments?post=7975"}],"version-history":[{"count":1,"href":"https:\/\/blog.cancaonova.com\/belohorizonte\/wp-json\/wp\/v2\/posts\/7975\/revisions"}],"predecessor-version":[{"id":7977,"href":"https:\/\/blog.cancaonova.com\/belohorizonte\/wp-json\/wp\/v2\/posts\/7975\/revisions\/7977"}],"wp:attachment":[{"href":"https:\/\/blog.cancaonova.com\/belohorizonte\/wp-json\/wp\/v2\/media?parent=7975"}],"wp:term":[{"taxonomy":"category","embeddable":true,"href":"https:\/\/blog.cancaonova.com\/belohorizonte\/wp-json\/wp\/v2\/categories?post=7975"},{"taxonomy":"post_tag","embeddable":true,"href":"https:\/\/blog.cancaonova.com\/belohorizonte\/wp-json\/wp\/v2\/tags?post=7975"}],"curies":[{"name":"wp","href":"https:\/\/api.w.org\/{rel}","templated":true}]}}