{"id":7978,"date":"2016-07-27T11:17:20","date_gmt":"2016-07-27T14:17:20","guid":{"rendered":"http:\/\/blog.cancaonova.com\/bh\/?p=7978"},"modified":"2016-07-27T11:17:20","modified_gmt":"2016-07-27T14:17:20","slug":"adolescencia-a-etapa-mais-dificil-da-vida","status":"publish","type":"post","link":"https:\/\/blog.cancaonova.com\/belohorizonte\/adolescencia-a-etapa-mais-dificil-da-vida\/","title":{"rendered":"Adolesc\u00eancia: a etapa mais dif\u00edcil da vida"},"content":{"rendered":"<div class=\"pf-content\"><p><strong>Podemos dizer que a adolesc\u00eancia \u00e9 a etapa mais dif\u00edcil da nossa vida, porque ela \u00e9 cheia de transi\u00e7\u00f5es<\/strong>. Por isso se chama adolesc\u00eancia, o que significa, <em>crescer, desenvolver- se<\/em>.<\/p>\n<p>Primeiro sa\u00edmos da inf\u00e2ncia, sem saber que sa\u00edmos dela. Voc\u00ea lembra o exato momento que deixou de ser <a href=\"http:\/\/blog.cancaonova.com\/bh\/como-fazer-de-uma-crianca-um-adulto-com-limites\/\">crian\u00e7a <\/a>e se tornou adolescente? Isso gera uma ang\u00fastia muito grande.<\/p>\n<div id=\"attachment_7981\" style=\"width: 610px\" class=\"wp-caption aligncenter\"><img loading=\"lazy\" decoding=\"async\" aria-describedby=\"caption-attachment-7981\" class=\"size-large wp-image-7981\" src=\"http:\/\/blog.cancaonova.com\/bh\/files\/2016\/07\/74-600x300.jpg\" alt=\"&quot;Cada uma vive essa transi\u00e7\u00e3o de uma forma diferente&quot; (Galeria\/cancaonova.com)\" width=\"600\" height=\"300\" srcset=\"https:\/\/blog.cancaonova.com\/belohorizonte\/files\/2016\/07\/74-600x300.jpg 600w, https:\/\/blog.cancaonova.com\/belohorizonte\/files\/2016\/07\/74-300x150.jpg 300w, https:\/\/blog.cancaonova.com\/belohorizonte\/files\/2016\/07\/74-150x75.jpg 150w\" sizes=\"(max-width: 600px) 100vw, 600px\" \/><p id=\"caption-attachment-7981\" class=\"wp-caption-text\">&#8220;Cada uma vive essa transi\u00e7\u00e3o de uma forma diferente&#8221; (Galeria\/cancaonova.com)<\/p><\/div>\n<p>A crian\u00e7a n\u00e3o sabe quando deve parar de brincar de boneca ou carrinho. Cada uma vive essa transi\u00e7\u00e3o de uma forma diferente, n\u00e3o existe receita de bolo. Umas abandonam os brinquedos rapidamente e j\u00e1 se identificam com esse mundo \u201cadulto\u201d e desejam <a href=\"http:\/\/blog.cancaonova.com\/bh\/7819-2\/\">namorar<\/a>, ficar s\u00f3 com os amigos, tem vergonha dos pais e tantas outras coisas. Outros, brincam escondido dos amigos, porque tem vergonha de gostar de seus brinquedos ainda. Um conflito que parece simples, mas mexe com a cabe\u00e7a das crian\u00e7as ou pr\u00e9-adolescentes, ou adolescentes? Ou jovens? N\u00e3o \u00e9 f\u00e1cil! Imagine, o adolescente pode ser identificado por todas estas formas que citei, e ao mesmo tempo, se sentirem sem identidade alguma.<\/p>\n<p><a href=\"http:\/\/blog.cancaonova.com\/bh\/influencias-dos-meus-pais-em-minha-gestacao\/\"><strong>:: Influ\u00eancias do meu em minha gesta\u00e7\u00e3o<\/strong><\/a><\/p>\n<p>Dentro da adolesc\u00eancia, existem tr\u00eas etapas: a etapa inicial, que antigamente era conhecida como puberdade. A segunda fase da adolesc\u00eancia \u00e9 conhecida como m\u00e9dia, ou propriamente dita, onde acontece a maior parte dos conflitos e das rebeldias. E a fase final da adolesc\u00eancia que se trata da transi\u00e7\u00e3o para vida adulta jovem.<\/p>\n<p><!--more Continue lendo--><\/p>\n<p>A primeira etapa, \u00e9 marcada pelas mudan\u00e7as f\u00edsica. As meninas vivem esta etapa, normalmente um ano antes que os meninos. Nela os seios das meninas desenvolvem, a maior parte delas vivem a experi\u00eancia da primeira menstrua\u00e7\u00e3o e assim j\u00e1 come\u00e7am a se diferenciar de forma definitiva o sexo feminino do masculino. Nos meninos, as espinhas aparecem, a voz come\u00e7a a engrossar e o in\u00edcio de um reconhecimento genital de forma viva e ativa. Tudo isso marca o t\u00e9rmino do corpo infantil. Nesta etapa \u00e9 comum surgir processos traum\u00e1ticos vinculados ao desenvolvimento precoce ou tardio do corpo. Torna-se importante a figura do amigo, e quando n\u00e3o se reconhece t\u00e3o semelhante \u00e0 autoexclus\u00e3o pode acontecer.<\/p>\n<p>Na segunda etapa, \u00e9 a fase que acontece o distanciamento afetivo da <a href=\"http:\/\/blog.cancaonova.com\/bh\/como-superar-as-provacoes-na-familia\/\">fam\u00edlia<\/a>. A fam\u00edlia deixa de ser o centro, na busca de uma identidade independente. Aqui o adolescente j\u00e1 n\u00e3o quer ser mais reconhecido como o filho da Maria ou a filha do Jos\u00e9. Nesta etapa, ele quer ser reconhecido por aquilo que \u00e9. Assim,<strong> se explica aqueles per\u00edodos que o adolescente defende ideologias, discutem pol\u00edtica e se tornam revolucion\u00e1rios, por conseguirem pensar de forma independente a seus pais.<\/strong><\/p>\n<div id=\"attachment_7982\" style=\"width: 610px\" class=\"wp-caption aligncenter\"><img loading=\"lazy\" decoding=\"async\" aria-describedby=\"caption-attachment-7982\" class=\"size-large wp-image-7982\" src=\"http:\/\/blog.cancaonova.com\/bh\/files\/2016\/07\/73-600x300.jpg\" alt=\"&quot;A adolesc\u00eancia \u00e9 rica em transforma\u00e7\u00f5es f\u00edsicas, intelectuais, emocionais e at\u00e9 dos pensamentos.&quot; (Galeria\/cancaonova.com)\" width=\"600\" height=\"300\" srcset=\"https:\/\/blog.cancaonova.com\/belohorizonte\/files\/2016\/07\/73-600x300.jpg 600w, https:\/\/blog.cancaonova.com\/belohorizonte\/files\/2016\/07\/73-300x150.jpg 300w, https:\/\/blog.cancaonova.com\/belohorizonte\/files\/2016\/07\/73-150x75.jpg 150w\" sizes=\"(max-width: 600px) 100vw, 600px\" \/><p id=\"caption-attachment-7982\" class=\"wp-caption-text\">&#8220;A adolesc\u00eancia \u00e9 rica em transforma\u00e7\u00f5es f\u00edsicas, intelectuais, emocionais e at\u00e9 dos pensamentos.&#8221; (Galeria\/cancaonova.com)<\/p><\/div>\n<p>Nesta etapa tamb\u00e9m acontece a forma\u00e7\u00e3o dos grupos de iguais. Lembra daquela \u00e9poca da escola do grupo de v\u00f4lei, do futebol, dos jogos no geral. Do grupo de jovens, daquela turma da rua, dos <em>dark<\/em>, os <em>Emo<\/em>, daquela turma da bebida, das noitadas, os hippies, a turma dos roqueiros, dos pagodeiros e tantos outros grupos. Estes grupos eram formados a partir de algo que todos os integrantes apresentavam. S\u00e3o os grupos que a psicologia identifica como grupo de iguais, no qual muitos na \u00e2nsia de ser diferente tornam-se iguais a tantos outros. Esse \u00e9 o mundo do adolescente!<\/p>\n<p><a href=\"http:\/\/blog.cancaonova.com\/bh\/ate-que-ponto-meus-pais-me-influenciam\/\"><strong>:: At\u00e9 que ponto meus pais me influenciam<\/strong><\/a><\/p>\n<p>Caminhando para a etapa final, o adolescente vive um dos maiores conflitos de sua vida. A escolha da <a href=\"http:\/\/blog.cancaonova.com\/bh\/atitudes-cristas-na-sociedade\/\">profiss\u00e3o<\/a>! Nesta etapa, onde tantas coisas est\u00e3o acontecendo, como a maioridade, a aquisi\u00e7\u00e3o da carteira de habilita\u00e7\u00e3o e outras coisas, ele tem que sozinho decidir sua profiss\u00e3o.Uma decis\u00e3o que determinar\u00e1 seu futuro, nas m\u00e3os de um adolescente que busca a identidade e independ\u00eancia. Muitos nesta etapa s\u00e3o influenciados pelos pais, seja para seguir carreira familiar ou porque os pais projetam a realiza\u00e7\u00e3o do pr\u00f3prio desejo nos filhos. Infelizmente aqui existe muita<a href=\"http:\/\/blog.cancaonova.com\/bh\/influencias-dos-meus-pais-em-minha-gestacao\/\"> influ\u00eancia dos pais<\/a>, e n\u00e3o deveria ter, afinal, quem vai trabalhar n\u00e3o ser\u00e1 ele e sim esse adolescente.<\/p>\n<p><strong>A adolesc\u00eancia \u00e9 rica em transforma\u00e7\u00f5es f\u00edsicas, intelectuais, emocionais e at\u00e9 dos pensamentos.<\/strong> N\u00e3o tenho como falar de tudo, mas creio que agora podemos olhar para os adolescentes de forma diferente, como seres humanos que passam por uma avalanche de transforma\u00e7\u00f5es, que nem sempre conseguem dar uma resposta positiva. E a sua? Como foi?<\/p>\n<p><strong>Aline Rodrigues<\/strong><br \/>\nPsic\u00f3loga e mission\u00e1ria da Comunidade Can\u00e7\u00e3o Nova<\/p>\n<p><strong>Leia mais:<\/strong><br \/>\n<a href=\"http:\/\/blog.cancaonova.com\/bh\/qual-a-influencia-dos-antepassados-em-minha-vida\/\">:: Qual a influ\u00eancia dos meus antepassados em minha vida?<\/a><br \/>\n<a href=\"http:\/\/blog.cancaonova.com\/bh\/conheco-o-meu-temperamento-e-agora\/\">:: Conhe\u00e7o meu temperamento. E agora?<\/a><br \/>\n<a href=\"http:\/\/blog.cancaonova.com\/bh\/autoestima-e-autonomia-na-infancia\/\">:: Autoestima e autonomia na inf\u00e2ncia<\/a><\/p>\n<p>&nbsp;<\/p>\n<\/div>","protected":false},"excerpt":{"rendered":"<p>Podemos dizer que a adolesc\u00eancia \u00e9 a etapa mais dif\u00edcil da nossa vida, porque ela \u00e9 cheia de transi\u00e7\u00f5es. Por isso se chama adolesc\u00eancia, o que significa, crescer, desenvolver- se. Primeiro sa\u00edmos da inf\u00e2ncia, sem saber que sa\u00edmos dela. Voc\u00ea&#8230;<\/p>\n","protected":false},"author":1081,"featured_media":0,"comment_status":"open","ping_status":"open","sticky":false,"template":"","format":"standard","meta":{"_mi_skip_tracking":false,"_monsterinsights_sitenote_active":false,"_monsterinsights_sitenote_note":"","_monsterinsights_sitenote_category":0,"footnotes":""},"categories":[681,23],"tags":[],"_links":{"self":[{"href":"https:\/\/blog.cancaonova.com\/belohorizonte\/wp-json\/wp\/v2\/posts\/7978"}],"collection":[{"href":"https:\/\/blog.cancaonova.com\/belohorizonte\/wp-json\/wp\/v2\/posts"}],"about":[{"href":"https:\/\/blog.cancaonova.com\/belohorizonte\/wp-json\/wp\/v2\/types\/post"}],"author":[{"embeddable":true,"href":"https:\/\/blog.cancaonova.com\/belohorizonte\/wp-json\/wp\/v2\/users\/1081"}],"replies":[{"embeddable":true,"href":"https:\/\/blog.cancaonova.com\/belohorizonte\/wp-json\/wp\/v2\/comments?post=7978"}],"version-history":[{"count":2,"href":"https:\/\/blog.cancaonova.com\/belohorizonte\/wp-json\/wp\/v2\/posts\/7978\/revisions"}],"predecessor-version":[{"id":7983,"href":"https:\/\/blog.cancaonova.com\/belohorizonte\/wp-json\/wp\/v2\/posts\/7978\/revisions\/7983"}],"wp:attachment":[{"href":"https:\/\/blog.cancaonova.com\/belohorizonte\/wp-json\/wp\/v2\/media?parent=7978"}],"wp:term":[{"taxonomy":"category","embeddable":true,"href":"https:\/\/blog.cancaonova.com\/belohorizonte\/wp-json\/wp\/v2\/categories?post=7978"},{"taxonomy":"post_tag","embeddable":true,"href":"https:\/\/blog.cancaonova.com\/belohorizonte\/wp-json\/wp\/v2\/tags?post=7978"}],"curies":[{"name":"wp","href":"https:\/\/api.w.org\/{rel}","templated":true}]}}