{"id":7993,"date":"2016-08-02T08:00:05","date_gmt":"2016-08-02T11:00:05","guid":{"rendered":"http:\/\/blog.cancaonova.com\/bh\/?p=7993"},"modified":"2016-08-01T17:27:34","modified_gmt":"2016-08-01T20:27:34","slug":"programacao-experiencia-de-avivamento","status":"publish","type":"post","link":"https:\/\/blog.cancaonova.com\/belohorizonte\/programacao-experiencia-de-avivamento\/","title":{"rendered":"Programa\u00e7\u00e3o \"Experi\u00eancia de Avivamento\""},"content":{"rendered":"<div class=\"pf-content\"><p>Neste fim de semana, entre os dias 05 a 07 de agosto, acontecer\u00e1 o Encontro &#8220;Experi\u00eancia de Avivamento&#8221; com a presen\u00e7a dos mission\u00e1rios da Comunidade Can\u00e7\u00e3o Nova F\u00e1bio Lira e padre Ademir Costa e da cantora cat\u00f3lica Cidinha Cunha.<\/p>\n<p><strong>Confira a programa\u00e7\u00e3o:<\/strong><\/p>\n<p><img loading=\"lazy\" decoding=\"async\" class=\"aligncenter size-full wp-image-7994\" src=\"http:\/\/blog.cancaonova.com\/bh\/files\/2016\/08\/programa\u00e7\u00e3o.png\" alt=\"programa\u00e7\u00e3o\" width=\"363\" height=\"514\" \/>Voc\u00ea j\u00e1 fez a sua inscri\u00e7\u00e3o? Fa\u00e7a <a href=\"http:\/\/bit.ly\/inscricao-avivamento-2016\"><strong>AQUI<\/strong><\/a><\/p>\n<p>O Senhor quer derramar o Esp\u00edrito Santo. <b>Que a chama do Par\u00e1clito derramado sobre n\u00f3s nos inunde e nos encha por inteiro. O avivamento que o Senhor quer trazer para todos n\u00f3s e para o Brasil s\u00e3o os dons do Esp\u00edrito.<\/b><\/p>\n<p>Na profecia de Joel: <i>\u0093Mas isso \u00e9 o que foi dito pelo profeta Joel: nos \u00faltimos dias acontecer\u00e1, diz Deus, que do meu Esp\u00edrito derramarei sobre toda a carne; e os vossos filhos e as vossas filhas profetizar\u00e3o, os vossos jovens ter\u00e3o vis\u00f5es, e os vossos velhos sonhar\u00e3o sonhos; e tamb\u00e9m do meu Esp\u00edrito derramarei sobre os meus servos e as minhas servas naqueles dias, e profetizar\u00e3o; e farei aparecer prod\u00edgios em cima, no c\u00e9u; e sinais em baixo na terra, sangue, fogo e vapor de fumo. O sol se converter\u00e1 em trevas, e a lua em sangue, antes de chegar o grande e glorioso dia do Senhor; e acontecer\u00e1 que todo aquele que invocar o nome do Senhor ser\u00e1 salvo\u201d (Atos dos Ap\u00f3stolos 2,16-21).<\/i><\/p>\n<p>Essa profecia \u00e9 para todos. Fa\u00e7amos de tudo para que o avivamento aconte\u00e7a em n\u00f3s e em toda a Igreja.<\/p>\n<p><strong>Vem, Esp\u00edrito Santo!<\/strong><\/p>\n<p><a href=\"nos \u00faltimos dias acontecer\u00e1, diz Deus, que do meu Esp\u00edrito derramarei sobre toda a carne; e os vossos filhos e as vossas filhas profetizar\u00e3o, os vossos jovens ter\u00e3o vis\u00f5es, e os vossos velhos sonhar\u00e3o sonhos; e tamb\u00e9m do meu Esp\u00edrito derramarei sobre os meus servos e as minhas servas naqueles dias, e profetizar\u00e3o; e farei aparecer prod\u00edgios em cima, no c\u00e9u; e sinais em baixo na terra, sangue, fogo e vapor de fumo. O sol se converter\u00e1 em trevas, e a lua em sangue, antes de chegar o grande e glorioso dia do Senhor; e acontecer\u00e1 que todo aquele que invocar o nome do Senhor ser\u00e1 salvo\u201d (Atos dos Ap\u00f3stolos 2,16-21). Essa profecia \u00e9 para todos. Fa\u00e7amos de tudo para que o avivamento aconte\u00e7a em n\u00f3s e em toda a Igreja. Vem, Esp\u00edrito Santo!\"><img loading=\"lazy\" decoding=\"async\" class=\"aligncenter size-thumbnail wp-image-7931\" src=\"http:\/\/blog.cancaonova.com\/bh\/files\/2016\/07\/agenda-2-400x129.png\" alt=\"agenda\" width=\"400\" height=\"129\" srcset=\"https:\/\/blog.cancaonova.com\/belohorizonte\/files\/2016\/07\/agenda-2-400x129.png 400w, https:\/\/blog.cancaonova.com\/belohorizonte\/files\/2016\/07\/agenda-2-768x248.png 768w, https:\/\/blog.cancaonova.com\/belohorizonte\/files\/2016\/07\/agenda-2.png 1200w\" sizes=\"(max-width: 400px) 100vw, 400px\" \/><\/a><\/p>\n<p><strong><br \/>\n<\/strong><\/p>\n<\/div>","protected":false},"excerpt":{"rendered":"<p>Neste fim de semana, entre os dias 05 a 07 de agosto, acontecer\u00e1 o Encontro &#8220;Experi\u00eancia de Avivamento&#8221; com a presen\u00e7a dos mission\u00e1rios da Comunidade Can\u00e7\u00e3o Nova F\u00e1bio Lira e padre Ademir Costa e da cantora cat\u00f3lica Cidinha Cunha. Confira&#8230;<\/p>\n","protected":false},"author":1081,"featured_media":0,"comment_status":"open","ping_status":"open","sticky":false,"template":"","format":"standard","meta":{"_mi_skip_tracking":false,"_monsterinsights_sitenote_active":false,"_monsterinsights_sitenote_note":"","_monsterinsights_sitenote_category":0,"footnotes":""},"categories":[681],"tags":[],"_links":{"self":[{"href":"https:\/\/blog.cancaonova.com\/belohorizonte\/wp-json\/wp\/v2\/posts\/7993"}],"collection":[{"href":"https:\/\/blog.cancaonova.com\/belohorizonte\/wp-json\/wp\/v2\/posts"}],"about":[{"href":"https:\/\/blog.cancaonova.com\/belohorizonte\/wp-json\/wp\/v2\/types\/post"}],"author":[{"embeddable":true,"href":"https:\/\/blog.cancaonova.com\/belohorizonte\/wp-json\/wp\/v2\/users\/1081"}],"replies":[{"embeddable":true,"href":"https:\/\/blog.cancaonova.com\/belohorizonte\/wp-json\/wp\/v2\/comments?post=7993"}],"version-history":[{"count":1,"href":"https:\/\/blog.cancaonova.com\/belohorizonte\/wp-json\/wp\/v2\/posts\/7993\/revisions"}],"predecessor-version":[{"id":7995,"href":"https:\/\/blog.cancaonova.com\/belohorizonte\/wp-json\/wp\/v2\/posts\/7993\/revisions\/7995"}],"wp:attachment":[{"href":"https:\/\/blog.cancaonova.com\/belohorizonte\/wp-json\/wp\/v2\/media?parent=7993"}],"wp:term":[{"taxonomy":"category","embeddable":true,"href":"https:\/\/blog.cancaonova.com\/belohorizonte\/wp-json\/wp\/v2\/categories?post=7993"},{"taxonomy":"post_tag","embeddable":true,"href":"https:\/\/blog.cancaonova.com\/belohorizonte\/wp-json\/wp\/v2\/tags?post=7993"}],"curies":[{"name":"wp","href":"https:\/\/api.w.org\/{rel}","templated":true}]}}