{"id":7996,"date":"2016-08-08T08:00:47","date_gmt":"2016-08-08T11:00:47","guid":{"rendered":"http:\/\/blog.cancaonova.com\/bh\/?p=7996"},"modified":"2016-08-02T09:12:23","modified_gmt":"2016-08-02T12:12:23","slug":"a-rebeldia-na-adolescencia","status":"publish","type":"post","link":"https:\/\/blog.cancaonova.com\/belohorizonte\/a-rebeldia-na-adolescencia\/","title":{"rendered":"A rebeldia na adolesc\u00eancia"},"content":{"rendered":"<div class=\"pf-content\"><p><strong>Rebeldia do adolescente como uma necessidade de se auto afirmar<\/strong><\/p>\n<p>\u00c9 muito comum ouvirmos quanto um ou outro adolescente foi rebelde, n\u00e3o \u00e9 verdade? O problema \u00e9 que rotulamos sem fazer um esfor\u00e7o para compreender o porqu\u00ea de tal comportamento.<\/p>\n<p><strong>Todos n\u00f3s j\u00e1 passamos pela fase da rebeldia<\/strong>, at\u00e9 aqueles que foram os mais quietinhos. A quest\u00e3o \u00e9 que a sociedade identifica apenas uma forma de rebeldia, o que \u00e9 uma mentira, pois existem diversas formas, e \u00e9 isso que vamos tratar aqui hoje:<br \/>\nNa expectativa de viver a passagem de uma identidade reconhecida a partir da identifica\u00e7\u00e3o dos pais, para uma identidade assumida, independente. O adolescente se lan\u00e7a a diversas experi\u00eancias.<\/p>\n<div id=\"attachment_7997\" style=\"width: 610px\" class=\"wp-caption aligncenter\"><img loading=\"lazy\" decoding=\"async\" aria-describedby=\"caption-attachment-7997\" class=\"size-large wp-image-7997\" src=\"http:\/\/blog.cancaonova.com\/bh\/files\/2016\/08\/23-600x300.jpg\" alt=\"&quot;Todos n\u00f3s j\u00e1 passamos pela fase da rebeldia&quot; | (Galeria\/cancaonova.com)\" width=\"600\" height=\"300\" srcset=\"https:\/\/blog.cancaonova.com\/belohorizonte\/files\/2016\/08\/23-600x300.jpg 600w, https:\/\/blog.cancaonova.com\/belohorizonte\/files\/2016\/08\/23-300x150.jpg 300w, https:\/\/blog.cancaonova.com\/belohorizonte\/files\/2016\/08\/23-150x75.jpg 150w\" sizes=\"(max-width: 600px) 100vw, 600px\" \/><p id=\"caption-attachment-7997\" class=\"wp-caption-text\">&#8220;Todos n\u00f3s j\u00e1 passamos pela fase da rebeldia&#8221; | (Galeria\/cancaonova.com)<\/p><\/div>\n<p>Marino Yela, diz que existe 4 tipos de rebeldia juvenil:<\/p>\n<p><strong>1) Rebeldia Regressiva:<\/strong> \u201c\u00e9 gerada pelo medo de agir, assumir novas responsabilidades, levando a fechar em si mesmo.\u201d Neste caso encontramos adolescentes que sentem medo desse novo. E que n\u00e3o sabem lidar com a novidade do corpo, das emo\u00e7\u00f5es, rela\u00e7\u00f5es e assim permanece o desejo de continuar a ser crian\u00e7a. Como se fosse uma forma de recusar o adolescente que surge.<\/p>\n<p><!--more Continue lendo--><br \/>\n<strong>2) Rebeldia Agressiva:<\/strong> \u201cautoafirma\u00e7\u00e3o pela viol\u00eancia. Por fraqueza e debilidade do ego, n\u00e3o suporta as crises e as dificuldades do cotidiano, e tenta aliviar seus problemas causando danos e sofrimento a outros.\u201d S\u00e3o os adolescentes que em sua fragilidade, encontram uma forma de defender seu pr\u00f3prio eu, de forma violenta e agressiva. Atacam os pais e todos aqueles que podem fazer com que ele se sinta amea\u00e7ado na sua constru\u00e7\u00e3o da identidade.<\/p>\n<p><strong>3) Rebeldia Transgressiva:<\/strong> \u201cconsiste em ir contra as normas sociais, em question\u00e1-las. Baseia-se no pressuposto que n\u00e3o existe ordem no mundo e na perda do sentido da hierarquia e harmonia das coisas.\u201d Esta \u00e9 uma das rebeldias que normalmente as pessoas identificam e nomeiam como rebeldia. \u00c9 uma necessidade de ir contra as regras, as leis, as normas, por n\u00e3o acreditar que isso possa existir, ou por acreditar que \u00e9 superior a elas. Aqui podemos identificar tamb\u00e9m a forma\u00e7\u00e3o de grupo de iguais. Adolescentes que identificamos como impunes, que est\u00e3o acima da lei e que se agrupam para transgredir as leis.<\/p>\n<p><strong>4) Rebeldia Progressiva:<\/strong> \u201c\u00e9 a forma de express\u00e3o positiva da rebeldia, a que ajuda a crescer e a superar as crises desse per\u00edodo.\u201d Aqui ele passa pela adolesc\u00eancia sem grandes problemas e dificuldades. Mas questiona as injusti\u00e7as e as respostas que a sociedade d\u00e1 ao mundo que distingue de sua forma de pensar. Por\u00e9m, consegue canalizar tais questionamentos, n\u00e3o os deixando tornar grandes e assim gerar conflitos maiores. \u00c9 como se aqui o adolescente \u201cdesse conta\u201d de passar por todo turbilh\u00e3o da adolesc\u00eancia, sem reagir de forma a afetar o outro.<\/p>\n<p><strong>Essas formas do adolescente se rebelar \u00e9 fruto de suas rela\u00e7\u00f5es familiares.<\/strong> Ent\u00e3o antes de jogar pedra em um adolescente, vale a pena ver sua hist\u00f3ria, seu passado, seus valores e regras que lhe foram impostas.<\/p>\n<p><strong>Aline Rodrigues<\/strong><br \/>\nPsic\u00f3loga e mission\u00e1ria da Can\u00e7\u00e3o Nova<\/p>\n<p><a href=\"http:\/\/bit.ly\/agendaminas\"><img loading=\"lazy\" decoding=\"async\" class=\"aligncenter wp-image-7931 size-medium\" src=\"http:\/\/blog.cancaonova.com\/bh\/files\/2016\/07\/agenda-2-400x129.png\" alt=\"agenda\" width=\"400\" height=\"129\" srcset=\"https:\/\/blog.cancaonova.com\/belohorizonte\/files\/2016\/07\/agenda-2-400x129.png 400w, https:\/\/blog.cancaonova.com\/belohorizonte\/files\/2016\/07\/agenda-2-768x248.png 768w, https:\/\/blog.cancaonova.com\/belohorizonte\/files\/2016\/07\/agenda-2.png 1200w\" sizes=\"(max-width: 400px) 100vw, 400px\" \/><\/a><\/p>\n<\/div>","protected":false},"excerpt":{"rendered":"<p>Rebeldia do adolescente como uma necessidade de se auto afirmar \u00c9 muito comum ouvirmos quanto um ou outro adolescente foi rebelde, n\u00e3o \u00e9 verdade? O problema \u00e9 que rotulamos sem fazer um esfor\u00e7o para compreender o porqu\u00ea de tal comportamento&#8230;.<\/p>\n","protected":false},"author":1081,"featured_media":0,"comment_status":"open","ping_status":"open","sticky":false,"template":"","format":"standard","meta":{"_mi_skip_tracking":false,"_monsterinsights_sitenote_active":false,"_monsterinsights_sitenote_note":"","_monsterinsights_sitenote_category":0,"footnotes":""},"categories":[681,23],"tags":[],"_links":{"self":[{"href":"https:\/\/blog.cancaonova.com\/belohorizonte\/wp-json\/wp\/v2\/posts\/7996"}],"collection":[{"href":"https:\/\/blog.cancaonova.com\/belohorizonte\/wp-json\/wp\/v2\/posts"}],"about":[{"href":"https:\/\/blog.cancaonova.com\/belohorizonte\/wp-json\/wp\/v2\/types\/post"}],"author":[{"embeddable":true,"href":"https:\/\/blog.cancaonova.com\/belohorizonte\/wp-json\/wp\/v2\/users\/1081"}],"replies":[{"embeddable":true,"href":"https:\/\/blog.cancaonova.com\/belohorizonte\/wp-json\/wp\/v2\/comments?post=7996"}],"version-history":[{"count":1,"href":"https:\/\/blog.cancaonova.com\/belohorizonte\/wp-json\/wp\/v2\/posts\/7996\/revisions"}],"predecessor-version":[{"id":7998,"href":"https:\/\/blog.cancaonova.com\/belohorizonte\/wp-json\/wp\/v2\/posts\/7996\/revisions\/7998"}],"wp:attachment":[{"href":"https:\/\/blog.cancaonova.com\/belohorizonte\/wp-json\/wp\/v2\/media?parent=7996"}],"wp:term":[{"taxonomy":"category","embeddable":true,"href":"https:\/\/blog.cancaonova.com\/belohorizonte\/wp-json\/wp\/v2\/categories?post=7996"},{"taxonomy":"post_tag","embeddable":true,"href":"https:\/\/blog.cancaonova.com\/belohorizonte\/wp-json\/wp\/v2\/tags?post=7996"}],"curies":[{"name":"wp","href":"https:\/\/api.w.org\/{rel}","templated":true}]}}