{"id":8112,"date":"2016-11-30T09:07:40","date_gmt":"2016-11-30T12:07:40","guid":{"rendered":"http:\/\/blog.cancaonova.com\/bh\/?p=8112"},"modified":"2016-11-30T09:07:40","modified_gmt":"2016-11-30T12:07:40","slug":"ultimo-bazar-do-ano","status":"publish","type":"post","link":"https:\/\/blog.cancaonova.com\/belohorizonte\/ultimo-bazar-do-ano\/","title":{"rendered":"\u00daltimo Bazar do Ano"},"content":{"rendered":"<div class=\"pf-content\"><p><strong>Mega Sald\u00e3o de Natal na CN Minas<\/strong><\/p>\n<p>A Can\u00e7\u00e3o Nova Minas convida voc\u00ea e sua fam\u00edlia a participar do seu \u00faltimo bazar do ano. Ser\u00e1 o &#8220;Mega Sald\u00e3o de Natal&#8221; com pre\u00e7os imperd\u00edveis!<\/p>\n<p>&#8220;O objetivo deste nosso \u00faltimo bazar \u00e9 fazer uma queima total do nosso estoque. Assim podemos ajudar \u00e0s pessoas com &#8216;um precinho&#8217; menor e abrimos \u00e0s portas para que a provid\u00eancia divina aconte\u00e7a j\u00e1 pensando em novas pe\u00e7as para o pr\u00f3ximo ano&#8221;, afirma a mission\u00e1ria Luana Oliveira, respons\u00e1vel pelo Bazar.<\/p>\n<p><img loading=\"lazy\" decoding=\"async\" class=\"aligncenter size-full wp-image-8113\" src=\"http:\/\/blog.cancaonova.com\/bh\/files\/2016\/11\/bazar-natal.png\" alt=\"bazar natal\" width=\"900\" height=\"900\" srcset=\"https:\/\/blog.cancaonova.com\/belohorizonte\/files\/2016\/11\/bazar-natal.png 900w, https:\/\/blog.cancaonova.com\/belohorizonte\/files\/2016\/11\/bazar-natal-400x400.png 400w, https:\/\/blog.cancaonova.com\/belohorizonte\/files\/2016\/11\/bazar-natal-768x768.png 768w, https:\/\/blog.cancaonova.com\/belohorizonte\/files\/2016\/11\/bazar-natal-150x150.png 150w\" sizes=\"(max-width: 900px) 100vw, 900px\" \/><\/p>\n<p><em>N\u00f3s esperamos por voc\u00ea!<\/em><\/p>\n<p>&nbsp;<\/p>\n<\/div>","protected":false},"excerpt":{"rendered":"<p>Mega Sald\u00e3o de Natal na CN Minas A Can\u00e7\u00e3o Nova Minas convida voc\u00ea e sua fam\u00edlia a participar do seu \u00faltimo bazar do ano. Ser\u00e1 o &#8220;Mega Sald\u00e3o de Natal&#8221; com pre\u00e7os imperd\u00edveis! &#8220;O objetivo deste nosso \u00faltimo bazar \u00e9&#8230;<\/p>\n","protected":false},"author":1081,"featured_media":0,"comment_status":"open","ping_status":"open","sticky":false,"template":"","format":"standard","meta":{"_mi_skip_tracking":false,"_monsterinsights_sitenote_active":false,"_monsterinsights_sitenote_note":"","_monsterinsights_sitenote_category":0,"footnotes":""},"categories":[681],"tags":[],"_links":{"self":[{"href":"https:\/\/blog.cancaonova.com\/belohorizonte\/wp-json\/wp\/v2\/posts\/8112"}],"collection":[{"href":"https:\/\/blog.cancaonova.com\/belohorizonte\/wp-json\/wp\/v2\/posts"}],"about":[{"href":"https:\/\/blog.cancaonova.com\/belohorizonte\/wp-json\/wp\/v2\/types\/post"}],"author":[{"embeddable":true,"href":"https:\/\/blog.cancaonova.com\/belohorizonte\/wp-json\/wp\/v2\/users\/1081"}],"replies":[{"embeddable":true,"href":"https:\/\/blog.cancaonova.com\/belohorizonte\/wp-json\/wp\/v2\/comments?post=8112"}],"version-history":[{"count":1,"href":"https:\/\/blog.cancaonova.com\/belohorizonte\/wp-json\/wp\/v2\/posts\/8112\/revisions"}],"predecessor-version":[{"id":8114,"href":"https:\/\/blog.cancaonova.com\/belohorizonte\/wp-json\/wp\/v2\/posts\/8112\/revisions\/8114"}],"wp:attachment":[{"href":"https:\/\/blog.cancaonova.com\/belohorizonte\/wp-json\/wp\/v2\/media?parent=8112"}],"wp:term":[{"taxonomy":"category","embeddable":true,"href":"https:\/\/blog.cancaonova.com\/belohorizonte\/wp-json\/wp\/v2\/categories?post=8112"},{"taxonomy":"post_tag","embeddable":true,"href":"https:\/\/blog.cancaonova.com\/belohorizonte\/wp-json\/wp\/v2\/tags?post=8112"}],"curies":[{"name":"wp","href":"https:\/\/api.w.org\/{rel}","templated":true}]}}