{"id":8115,"date":"2016-12-16T12:24:22","date_gmt":"2016-12-16T15:24:22","guid":{"rendered":"http:\/\/blog.cancaonova.com\/bh\/?p=8115"},"modified":"2016-12-16T12:24:22","modified_gmt":"2016-12-16T15:24:22","slug":"a-novena-de-natal","status":"publish","type":"post","link":"https:\/\/blog.cancaonova.com\/belohorizonte\/a-novena-de-natal\/","title":{"rendered":"A Novena de Natal"},"content":{"rendered":"<div class=\"pf-content\"><p>&nbsp;<\/p>\n<p><strong>Inspirada na Palavra de Deus, a Igreja reza e recomenda a ora\u00e7\u00e3o ao estilo de novena. Mas, quando essa pr\u00e1tica come\u00e7ou? Tudo que se pede alcan\u00e7a? Qual a finalidade dessa ora\u00e7\u00e3o?<\/strong><\/p>\n<p>O Senhor sempre recomendou a perseveran\u00e7a na ora\u00e7\u00e3o (Lc 21,36) e nos mandamentos por ele ensinados. E assim fizeram os disc\u00edpulos: &#8220;perseveraram na ora\u00e7\u00e3o com algumas mulheres, entre as quais Maria, a m\u00e3e de Jesus, e com os irm\u00e3os dele&#8221; (Atos 1,14).<\/p>\n<div id=\"attachment_8117\" style=\"width: 610px\" class=\"wp-caption aligncenter\"><a href=\"http:\/\/formacao.cancaonova.com\/espiritualidade\/novena-de-natal\/novena-de-natal-1o-dia\/\"><img loading=\"lazy\" decoding=\"async\" aria-describedby=\"caption-attachment-8117\" class=\"wp-image-8117 size-large\" src=\"http:\/\/blog.cancaonova.com\/bh\/files\/2016\/12\/presepio-600x300.png\" alt=\"presepio\" width=\"600\" height=\"300\" srcset=\"https:\/\/blog.cancaonova.com\/belohorizonte\/files\/2016\/12\/presepio-600x300.png 600w, https:\/\/blog.cancaonova.com\/belohorizonte\/files\/2016\/12\/presepio-300x150.png 300w, https:\/\/blog.cancaonova.com\/belohorizonte\/files\/2016\/12\/presepio-150x75.png 150w\" sizes=\"(max-width: 600px) 100vw, 600px\" \/><\/a><p id=\"caption-attachment-8117\" class=\"wp-caption-text\">(Arquivo\/CN)<\/p><\/div>\n<p>Jesus, ap\u00f3s a ressurrei\u00e7\u00e3o e antes de sua ascens\u00e3o, recomendou que os disc\u00edpulos permanecessem juntos, para aguardar a promessa do Pai e receber o Esp\u00edrito Santo. Ap\u00f3s os cinquenta dias de ora\u00e7\u00e3o, o Esp\u00edrito Santo desceu. Deus poderia ter enviado o Esp\u00edrito Santo no pr\u00f3prio dia ou no outro, mas o Senhor desejava que os disc\u00edpulos perseverassem na ora\u00e7\u00e3o durante alguns dias. H\u00e1 gra\u00e7as que alcan\u00e7amos de maneira imediata e outras que precisamos exercitar a paci\u00eancia!<\/p>\n<p>Na Sagrada Escritura se apresenta o n\u00famero sete para falar da perfei\u00e7\u00e3o, o tr\u00eas para falar da Sant\u00edssima Trindade, o quatro para falar dos evangelistas e dos &#8220;quatro&#8221; cantos da terra. No caso da novena, nove dias, entende-se que s\u00e3o tr\u00eas dias dedicados a cada Pessoa da Sant\u00edssima Trindade, ou seja, tr\u00eas dias ao Pai, tr\u00eas dias ao Filho e tr\u00eas dias ao Esp\u00edrito Santo.<\/p>\n<p><!--more Continue lendo--><\/p>\n<p>Assim, temos os nove dias de ora\u00e7\u00e3o, n\u00e3o simplesmente dedicados a esse ou aquele santo, mas, sobretudo, \u00c0quele a quem se deve adorar e amar sobre todas as coisas: Deus. Os santos, as devo\u00e7\u00f5es nos ajudam a coloc\u00e1-lo em primeiro lugar, por isso rezamos quaresmas, novenas, cercos de Jeric\u00f3 e tr\u00edduos (tr\u00eas dias de ora\u00e7\u00e3o).<\/p>\n<p><a href=\"http:\/\/formacao.cancaonova.com\/espiritualidade\/novena-de-natal\/novena-de-natal-1o-dia\/\"><strong>:: Fa\u00e7a aqui sua Novena e Natal<\/strong><\/a><\/p>\n<p>Se durante ou ap\u00f3s a novena, se alcan\u00e7ar\u00e1 a gra\u00e7a, n\u00e3o se sabe. Contudo, a gra\u00e7a maior \u00e9 estar com Deus, &#8220;deixar&#8221; Ele estar conosco.<\/p>\n<p>Dezembro \u00e9 tempo de fazermos a Novena de Natal, nos nove dias que antecedem a data ou conforme a realidade comunit\u00e1ria. Assim, a comunidade se re\u00fane para rezar, perseverando na ora\u00e7\u00e3o.<\/p>\n<p>Na Novena de Natal se reflete e se prepara para o nascimento de Jesus Cristo no cora\u00e7\u00e3o de cada pessoa. O Natal de Jesus \u00e9 uma data especial, \u00e9 a Festa da Encarna\u00e7\u00e3o, o &#8220;Verbo (Jesus Cristo) se fez carne e habitou entre n\u00f3s&#8221; (Jo 1,14). N\u00e3o restrinja a data a presentes, comilan\u00e7as e bebedeiras. \u00c9 um grande evento! Por isso, \u00e9 importante parar para refletir, orar, lembrar que &#8220;Deus veio habitar entre os homens&#8221;, &#8220;Deus veio como ser humano, menino, fr\u00e1gil, pobre e veio com um objetivo: salvar&#8221;.<\/p>\n<p><a href=\"http:\/\/formacao.cancaonova.com\/liturgia\/tempo-liturgico\/natal\/\"><strong>:: Leia mais artigos sobre o Natal<\/strong><\/a><\/p>\n<p>O Natal n\u00e3o traz apenas uma mensagem, mas a Pessoa, o Salvador, o Amor que a humanidade tanto precisa. O Natal \u00e9 Jesus. Por isso, nesses dias fa\u00e7amos uma boa prepara\u00e7\u00e3o! Nove dias de ora\u00e7\u00e3o, nove dias de perseveran\u00e7a, nove dias mais intensos com o Senhor e com os irm\u00e3os de f\u00e9. Aproveitando as reflex\u00f5es de cada dia, fa\u00e7amos ainda um prop\u00f3sito, um gesto concreto: ir ao encontro dos mais necessitados, assim como Jesus, que veio para estar conosco, nos consolar, nos salvar e nos amar.<\/p>\n<p>Seja com um parente, um vizinho, um irm\u00e3o de rua, um &#8220;rico-pobre&#8221; ou um &#8220;pobre-rico&#8221;, partilhemos as coisas do alto, o p\u00e3o espiritual e material. Vivamos bem a Novena de Natal, em ora\u00e7\u00e3o e no transbordar dessa ora\u00e7\u00e3o que \u00e9 a caridade.<\/p>\n<p><em>Feliz Natal!<\/em><\/p>\n<p><strong><img loading=\"lazy\" decoding=\"async\" class=\"alignleft wp-image-8116\" src=\"http:\/\/blog.cancaonova.com\/bh\/files\/2016\/12\/padre-marcio-400x400.png\" alt=\"padre-marcio\" width=\"100\" height=\"100\" srcset=\"https:\/\/blog.cancaonova.com\/belohorizonte\/files\/2016\/12\/padre-marcio-400x400.png 400w, https:\/\/blog.cancaonova.com\/belohorizonte\/files\/2016\/12\/padre-marcio-768x768.png 768w, https:\/\/blog.cancaonova.com\/belohorizonte\/files\/2016\/12\/padre-marcio-150x150.png 150w, https:\/\/blog.cancaonova.com\/belohorizonte\/files\/2016\/12\/padre-marcio.png 900w\" sizes=\"(max-width: 100px) 100vw, 100px\" \/><\/strong><\/p>\n<p>&nbsp;<\/p>\n<p><strong>Padre Marcio Jos\u00e9 do Prado<\/strong><br \/>\nSacerdote da Comunidade Can\u00e7\u00e3o Nova e Vice-Reitor do Santu\u00e1rio do Pai das Miseric\u00f3rdias<\/p>\n<\/div>","protected":false},"excerpt":{"rendered":"<p>&nbsp; Inspirada na Palavra de Deus, a Igreja reza e recomenda a ora\u00e7\u00e3o ao estilo de novena. Mas, quando essa pr\u00e1tica come\u00e7ou? Tudo que se pede alcan\u00e7a? Qual a finalidade dessa ora\u00e7\u00e3o? O Senhor sempre recomendou a perseveran\u00e7a na ora\u00e7\u00e3o&#8230;<\/p>\n","protected":false},"author":1081,"featured_media":0,"comment_status":"open","ping_status":"open","sticky":false,"template":"","format":"standard","meta":{"_mi_skip_tracking":false,"_monsterinsights_sitenote_active":false,"_monsterinsights_sitenote_note":"","_monsterinsights_sitenote_category":0,"footnotes":""},"categories":[681],"tags":[],"_links":{"self":[{"href":"https:\/\/blog.cancaonova.com\/belohorizonte\/wp-json\/wp\/v2\/posts\/8115"}],"collection":[{"href":"https:\/\/blog.cancaonova.com\/belohorizonte\/wp-json\/wp\/v2\/posts"}],"about":[{"href":"https:\/\/blog.cancaonova.com\/belohorizonte\/wp-json\/wp\/v2\/types\/post"}],"author":[{"embeddable":true,"href":"https:\/\/blog.cancaonova.com\/belohorizonte\/wp-json\/wp\/v2\/users\/1081"}],"replies":[{"embeddable":true,"href":"https:\/\/blog.cancaonova.com\/belohorizonte\/wp-json\/wp\/v2\/comments?post=8115"}],"version-history":[{"count":1,"href":"https:\/\/blog.cancaonova.com\/belohorizonte\/wp-json\/wp\/v2\/posts\/8115\/revisions"}],"predecessor-version":[{"id":8118,"href":"https:\/\/blog.cancaonova.com\/belohorizonte\/wp-json\/wp\/v2\/posts\/8115\/revisions\/8118"}],"wp:attachment":[{"href":"https:\/\/blog.cancaonova.com\/belohorizonte\/wp-json\/wp\/v2\/media?parent=8115"}],"wp:term":[{"taxonomy":"category","embeddable":true,"href":"https:\/\/blog.cancaonova.com\/belohorizonte\/wp-json\/wp\/v2\/categories?post=8115"},{"taxonomy":"post_tag","embeddable":true,"href":"https:\/\/blog.cancaonova.com\/belohorizonte\/wp-json\/wp\/v2\/tags?post=8115"}],"curies":[{"name":"wp","href":"https:\/\/api.w.org\/{rel}","templated":true}]}}