{"id":8123,"date":"2017-01-11T09:01:20","date_gmt":"2017-01-11T12:01:20","guid":{"rendered":"http:\/\/blog.cancaonova.com\/bh\/?p=8123"},"modified":"2017-01-10T16:02:17","modified_gmt":"2017-01-10T19:02:17","slug":"a-diferenca-entre-estar-so-e-estar-sozinho","status":"publish","type":"post","link":"https:\/\/blog.cancaonova.com\/belohorizonte\/a-diferenca-entre-estar-so-e-estar-sozinho\/","title":{"rendered":"A diferen\u00e7a entre estar s\u00f3 e estar sozinho"},"content":{"rendered":"<div class=\"pf-content\"><p>Estar s\u00f3 \u00e9 uma a\u00e7\u00e3o deliberada e consciente, por\u00e9m sentir-se s\u00f3 \u00e9 uma afli\u00e7\u00e3o para a alma. Em um mundo marcado por m\u00faltiplas possibilidades de encontros presenciais ou virtuais, e de incont\u00e1veis est\u00edmulos sensoriais, \u00e9 cada vez mais dif\u00edcil perceber-se sozinho. Gra\u00e7as aos avan\u00e7os tecnol\u00f3gicos, a imensa maioria de n\u00f3s tem \u201co mundo na palma da m\u00e3o\u201d. Onde quer que estejamos, alcan\u00e7amos e somos alcan\u00e7ados. Por isso, a solid\u00e3o foi sendo paulatinamente descrita como algo negativo, prejudicial e evit\u00e1vel.<\/p>\n<p><a href=\"http:\/\/blog.cancaonova.com\/bh\/santidade-e-para-todos\/\"><strong>:: Santidade \u00e9 para todos<\/strong><\/a><\/p>\n<p>Convencionou-se que estar sozinho seria sin\u00f4nimo de infelicidade, tristeza, n\u00e3o realiza\u00e7\u00e3o da plenitude de nosso ser. No entanto, nada poderia ser mais equivocado, pois como diziam os antigos: \u201cdeste mundo, chegamos sozinhos e partimos sozinhos.\u201d \u00c9 claro que \u00e9 inequ\u00edvoca a nossa voca\u00e7\u00e3o comunit\u00e1ria.<strong> Plat\u00e3o j\u00e1 afirmava que \u201co homem \u00e9 um ser social\u201d, exatamente na dimens\u00e3o de que almejamos estar com nosso semelhante.<\/strong><\/p>\n<div id=\"attachment_8124\" style=\"width: 610px\" class=\"wp-caption aligncenter\"><img loading=\"lazy\" decoding=\"async\" aria-describedby=\"caption-attachment-8124\" class=\"size-full wp-image-8124\" src=\"http:\/\/blog.cancaonova.com\/bh\/files\/2017\/01\/01.png\" alt=\"Foto: (Pixabay)\" width=\"600\" height=\"300\" srcset=\"https:\/\/blog.cancaonova.com\/belohorizonte\/files\/2017\/01\/01.png 600w, https:\/\/blog.cancaonova.com\/belohorizonte\/files\/2017\/01\/01-400x200.png 400w, https:\/\/blog.cancaonova.com\/belohorizonte\/files\/2017\/01\/01-300x150.png 300w, https:\/\/blog.cancaonova.com\/belohorizonte\/files\/2017\/01\/01-150x75.png 150w\" sizes=\"(max-width: 600px) 100vw, 600px\" \/><p id=\"caption-attachment-8124\" class=\"wp-caption-text\">Foto: (Pixabay)<\/p><\/div>\n<p>No entanto, a qualidade de meu encontro com os outros, deriva substancialmente da qualidade de encontro com si mesmo. Enquanto estou interagindo com outros, o meu \u2018eu\u2019 n\u00e3o se percebe, n\u00e3o se avalia nem se questiona. Se eu espontaneamente n\u00e3o silenciar os barulhos externos e internos, tamb\u00e9m n\u00e3o conseguirei ouvir o que <a href=\"http:\/\/blog.cancaonova.com\/bh\/deus-nos-chama-para-servir-homilia-pe-ademir\/\">Deus <\/a>tem falado. Proponho aqui, ent\u00e3o, uma diferencia\u00e7\u00e3o de significado. Estar sozinho n\u00e3o \u00e9 o mesmo que se sentir s\u00f3!<\/p>\n<p><!--more Continue lendo--><\/p>\n<p><strong>O sentimento de estar s\u00f3 deriva de uma solid\u00e3o que se instala, ainda que voc\u00ea esteja acompanhado.<\/strong> Ela n\u00e3o encontra for\u00e7a no mundo exterior, mas na interioridade do ser. E a\u00ed est\u00e1 o seu tra\u00e7o mais severo. Aqueles que a vivenciam, por n\u00e3o saber exatamente como surge, n\u00e3o disp\u00f5em dos meios para mand\u00e1-la embora. Seu fruto quase sempre \u00e9 um vazio, um isolamento que tolhe a criatividade, o \u00e2nimo e o significado existencial.<\/p>\n<p>Em algumas pessoas, esse sentimento est\u00e1 oculto por uma postura expansiva, sempre sorridente, de uma fala prolixa e de alto tom. Um esfor\u00e7o descomunal em ocultar dos outros e de si mesmo que, embora entre muitos, essa alma n\u00e3o encontra similaridade entre os que a cercam. Nesse sentido, a solid\u00e3o pode ganhar contornos patol\u00f3gicos que merecem o devido cuidado e aten\u00e7\u00e3o.<\/p>\n<p><a href=\"http:\/\/blog.cancaonova.com\/bh\/a-natureza-da-politica-e-boa-ou-ruim\/\"><strong>:: A natureza da pol\u00edtica \u00e9 boa ou ruim?<\/strong><\/a><\/p>\n<p>J\u00e1 a condi\u00e7\u00e3o de ficar sozinho derivada de intencionalidade \u00e9 chamada de <em>solitude<\/em>. Ela \u00e9 fruto de uma vontade do ser, que busca encontrar consigo, ouvir-se, contemplar-se. Apenas na <em>solitude<\/em> somos capazes de exercitar a individualidade que nos \u00e9 pr\u00f3pria, e esses momentos s\u00e3o oportunos e necess\u00e1rios. Externamente, o indiv\u00edduo parece estar solit\u00e1rio, mas ele tem a companhia de si mesmo e de Deus.<\/p>\n<div id=\"attachment_8125\" style=\"width: 610px\" class=\"wp-caption aligncenter\"><img loading=\"lazy\" decoding=\"async\" aria-describedby=\"caption-attachment-8125\" class=\"size-full wp-image-8125\" src=\"http:\/\/blog.cancaonova.com\/bh\/files\/2017\/01\/02.png\" alt=\"Foto: (Pixabay)\" width=\"600\" height=\"300\" srcset=\"https:\/\/blog.cancaonova.com\/belohorizonte\/files\/2017\/01\/02.png 600w, https:\/\/blog.cancaonova.com\/belohorizonte\/files\/2017\/01\/02-400x200.png 400w, https:\/\/blog.cancaonova.com\/belohorizonte\/files\/2017\/01\/02-300x150.png 300w, https:\/\/blog.cancaonova.com\/belohorizonte\/files\/2017\/01\/02-150x75.png 150w\" sizes=\"(max-width: 600px) 100vw, 600px\" \/><p id=\"caption-attachment-8125\" class=\"wp-caption-text\">Foto: (Pixabay)<\/p><\/div>\n<p>Somente na solitude, podemos experimentar tamb\u00e9m a possibilidade de um encontro com Deus, pois, em Sua pedagogia, trata-nos em nossa individualidade. O Senhor sempre falou aos que se \u201cretiravam\u201d. Assim foi com Abra\u00e3o, Mois\u00e9s, Elias. At\u00e9 mesmo Jesus, podemos constatar nos Evangelhos, afastava-se para estar com Deus. Sendo assim, solitude n\u00e3o \u00e9 um simples estar s\u00f3, mas um momento de encontro com a minha alma e o encontro desta com Deus. Pode parecer uma experi\u00eancia assustadora se voc\u00ea, h\u00e1 muito tempo, n\u00e3o busca a solid\u00e3o.<\/p>\n<p>Se quando voc\u00ea acorda at\u00e9 o ocaso do dia, voc\u00ea verifica, a cada cinco minutos, seu WhatsApp, Facebook ou outras m\u00eddias sociais; se ao chegar em casa a primeira coisa que faz \u00e9 ligar a TV, e no carro ligar o r\u00e1dio ou aquele pendrive com 16 gigas de m\u00fasicas; se voc\u00ea n\u00e3o consegue se lembrar da \u00faltima vez que contemplou o c\u00e9u e viu que a lua continua l\u00e1, est\u00e1 na hora de buscar, no sil\u00eancio intencional, ficar um pouco com voc\u00ea mesmo e com Deus.<\/p>\n<p>Convido tamb\u00e9m voc\u00ea que se sente s\u00f3 a buscar a <em>solitude<\/em>. <strong>A solid\u00e3o \u00e9 destrutiva, mas a solitude \u00e9 edificante.<\/strong> Mesmo sem ningu\u00e9m por perto, o interior dos que a exercitam encontram na plenitude a presen\u00e7a de Deus. N\u00e3o h\u00e1 receita nessa experi\u00eancia. Cada um de n\u00f3s trilhar\u00e1 uma estrada pr\u00f3pria e \u00fanica. Mas a\u00ed est\u00e1 a beleza: o caminho. Deus o aben\u00e7oe em sua jornada!<\/p>\n<p><strong>Christian Moreira<\/strong><br \/>\nMission\u00e1rio da Comunidade Can\u00e7\u00e3o Nova em em Fortaleza (CE)<\/p>\n<p><a href=\"http:\/\/blog.cancaonova.com\/bh\/agenda-de-eventos\/\"><img loading=\"lazy\" decoding=\"async\" class=\"aligncenter size-thumbnail wp-image-8126\" src=\"http:\/\/blog.cancaonova.com\/bh\/files\/2017\/01\/agenda-400x129.png\" alt=\"agenda\" width=\"400\" height=\"129\" srcset=\"https:\/\/blog.cancaonova.com\/belohorizonte\/files\/2017\/01\/agenda-400x129.png 400w, https:\/\/blog.cancaonova.com\/belohorizonte\/files\/2017\/01\/agenda-768x248.png 768w, https:\/\/blog.cancaonova.com\/belohorizonte\/files\/2017\/01\/agenda.png 1200w\" sizes=\"(max-width: 400px) 100vw, 400px\" \/><\/a><\/p>\n<p><strong>Leia mais:<br \/>\n<\/strong><a href=\"http:\/\/blog.cancaonova.com\/bh\/deus-nos-chama-para-servir-homilia-pe-ademir\/\">:: Deus nos chama para servir<\/a><br \/>\n<a href=\"http:\/\/blog.cancaonova.com\/bh\/vencendo-aflicoes-alcancando-milagres\/\">:: Vencendo afli\u00e7\u00f5es e alcan\u00e7ando milagres<\/a><br \/>\n<a href=\"http:\/\/blog.cancaonova.com\/bh\/a-rebeldia-na-adolescencia\/\">:: A rebeldia na adolesc\u00eancia\u00a0<\/a><\/p>\n<\/div>","protected":false},"excerpt":{"rendered":"<p>Estar s\u00f3 \u00e9 uma a\u00e7\u00e3o deliberada e consciente, por\u00e9m sentir-se s\u00f3 \u00e9 uma afli\u00e7\u00e3o para a alma. Em um mundo marcado por m\u00faltiplas possibilidades de encontros presenciais ou virtuais, e de incont\u00e1veis est\u00edmulos sensoriais, \u00e9 cada vez mais dif\u00edcil perceber-se&#8230;<\/p>\n","protected":false},"author":1081,"featured_media":0,"comment_status":"open","ping_status":"open","sticky":false,"template":"","format":"standard","meta":{"_mi_skip_tracking":false,"_monsterinsights_sitenote_active":false,"_monsterinsights_sitenote_note":"","_monsterinsights_sitenote_category":0,"footnotes":""},"categories":[23],"tags":[],"_links":{"self":[{"href":"https:\/\/blog.cancaonova.com\/belohorizonte\/wp-json\/wp\/v2\/posts\/8123"}],"collection":[{"href":"https:\/\/blog.cancaonova.com\/belohorizonte\/wp-json\/wp\/v2\/posts"}],"about":[{"href":"https:\/\/blog.cancaonova.com\/belohorizonte\/wp-json\/wp\/v2\/types\/post"}],"author":[{"embeddable":true,"href":"https:\/\/blog.cancaonova.com\/belohorizonte\/wp-json\/wp\/v2\/users\/1081"}],"replies":[{"embeddable":true,"href":"https:\/\/blog.cancaonova.com\/belohorizonte\/wp-json\/wp\/v2\/comments?post=8123"}],"version-history":[{"count":1,"href":"https:\/\/blog.cancaonova.com\/belohorizonte\/wp-json\/wp\/v2\/posts\/8123\/revisions"}],"predecessor-version":[{"id":8127,"href":"https:\/\/blog.cancaonova.com\/belohorizonte\/wp-json\/wp\/v2\/posts\/8123\/revisions\/8127"}],"wp:attachment":[{"href":"https:\/\/blog.cancaonova.com\/belohorizonte\/wp-json\/wp\/v2\/media?parent=8123"}],"wp:term":[{"taxonomy":"category","embeddable":true,"href":"https:\/\/blog.cancaonova.com\/belohorizonte\/wp-json\/wp\/v2\/categories?post=8123"},{"taxonomy":"post_tag","embeddable":true,"href":"https:\/\/blog.cancaonova.com\/belohorizonte\/wp-json\/wp\/v2\/tags?post=8123"}],"curies":[{"name":"wp","href":"https:\/\/api.w.org\/{rel}","templated":true}]}}