{"id":8239,"date":"2017-07-05T09:00:52","date_gmt":"2017-07-05T12:00:52","guid":{"rendered":"http:\/\/blog.cancaonova.com\/bh\/?p=8239"},"modified":"2017-07-03T14:49:30","modified_gmt":"2017-07-03T17:49:30","slug":"e-no-principio-era-a-familia","status":"publish","type":"post","link":"https:\/\/blog.cancaonova.com\/belohorizonte\/e-no-principio-era-a-familia\/","title":{"rendered":"E no princ\u00edpio era a fam\u00edlia..."},"content":{"rendered":"<div class=\"pf-content\"><p><strong>A fam\u00edlia \u00e9 um projeto de Deus para vivermos a dois.<\/strong> No decorrer da Hist\u00f3ria, o homem e a mulher encontraram uma melhor forma para viverem juntos, assimilando no decorrer dos tempos os valores importantes para viver essa comunidade a dois. Deus foi formando o seu povo, ao longo do tempo, para que o ser humano pudesse viver junto a outros \u2013 e esse \u00e9 um chamado, uma realidade humana, criada por Deus.<\/p>\n<p><a href=\"http:\/\/bit.ly\/encontro-familias-2017\"><strong>:: Encontro para Fam\u00edlias com Di\u00e1cono Jo\u00e3o e Maria Lu\u00edza<\/strong><\/a><\/p>\n<p>Temos uma hist\u00f3ria humana que nos revela como fam\u00edlia surgiu, demonstrando como foi o processo do surgimento e de como ela tem se desenvolvido no decorrer da Hist\u00f3ria. Existe, portanto, a participa\u00e7\u00e3o humana na constru\u00e7\u00e3o da fam\u00edlia, e, como o ser humano sempre participa de um ato criador de Deus, com o desenvolvimento da fam\u00edlia n\u00e3o seria diferente.<\/p>\n<div id=\"attachment_8241\" style=\"width: 610px\" class=\"wp-caption aligncenter\"><img loading=\"lazy\" decoding=\"async\" aria-describedby=\"caption-attachment-8241\" class=\"wp-image-8241 size-large\" src=\"http:\/\/blog.cancaonova.com\/bh\/files\/2017\/07\/familia-medeiros-600x300.jpg\" alt=\"\" width=\"600\" height=\"300\" srcset=\"https:\/\/blog.cancaonova.com\/belohorizonte\/files\/2017\/07\/familia-medeiros-600x300.jpg 600w, https:\/\/blog.cancaonova.com\/belohorizonte\/files\/2017\/07\/familia-medeiros-300x150.jpg 300w, https:\/\/blog.cancaonova.com\/belohorizonte\/files\/2017\/07\/familia-medeiros-150x75.jpg 150w\" sizes=\"(max-width: 600px) 100vw, 600px\" \/><p id=\"caption-attachment-8241\" class=\"wp-caption-text\">&#8220;A fam\u00edlia \u00e9 o lugar sagrado para a forma\u00e7\u00e3o da pessoa.&#8221;<\/p><\/div>\n<p>Diante dos acontecimentos sociais, econ\u00f4micos e pol\u00edticos, bem como a vis\u00e3o de pessoa que estava inserida em cada per\u00edodo da hist\u00f3ria humana, a fam\u00edlia foi impactada e sofreu influ\u00eancias dessas ideias.<br \/>\n[&#8230;]<br \/>\nA fam\u00edlia sempre existiu; portanto, \u00e9 cria\u00e7\u00e3o, projeto e sonho de Deus. <strong>A humanidade pode, assim, experimentar o que sempre existiu no cora\u00e7\u00e3o de Deus: o amor.<\/strong><!--more Continue lendo--><\/p>\n<p>O pai e a m\u00e3e oferecem toda seguran\u00e7a e suporte necess\u00e1rios para que o ser que est\u00e1 surgindo tenha mais equil\u00edbrio, desde as necessidades mais b\u00e1sicas at\u00e9 as mais complexas, para viver em sociedade. <strong>A fam\u00edlia \u00e9 o lugar sagrado para a forma\u00e7\u00e3o da pessoa.<\/strong> Nota-se que, quanto mais ela estiver estrutura, mais ter\u00e1 condi\u00e7\u00f5es de proporcionar ao mundo filhos mais maduros para o encontro com os outros e constitu\u00eddos de uma personalidade ais estruturada e equilibrada.<br \/>\n[&#8230;]<br \/>\nAtualmente, n\u00e3o temos visto tanto amor na nossa sociedade, porque as fam\u00edlias est\u00e3o desistindo de amar. Muitas pessoas perderam o sentido do matrim\u00f4nio. Muitas fam\u00edlias est\u00e3o destru\u00eddas devido a tantos conflitos e dificuldades di\u00e1rias; elas se encontram perdidas diante de ideologias, de tantos conceitos deformadores.<\/p>\n<p><strong>As fam\u00edlias est\u00e3o desistindo de lutar<\/strong> e, assim, veem no div\u00f3rcio a melhor sa\u00edda. A fam\u00edlia perdida, desconstitu\u00edda do seu \u201crosto original\u201d, muitas vezes n\u00e3o tem formado pessoas que veem e experimentem o amor na fam\u00edlia e que possam propagar o amor de l\u00e1 para o mundo.<br \/>\n[&#8230;]<br \/>\n\u00c9 preciso que nos encontremos com o projeto, com o sonho de Deus, para, assim, suportarmos os sofrimentos e tantos desencontros. Dessa forma, ser\u00e1 poss\u00edvel visualizarmos sa\u00eddas mais saud\u00e1vel para todos.<\/p>\n<div id=\"attachment_8240\" style=\"width: 410px\" class=\"wp-caption aligncenter\"><img loading=\"lazy\" decoding=\"async\" aria-describedby=\"caption-attachment-8240\" class=\"size-thumbnail wp-image-8240\" src=\"http:\/\/blog.cancaonova.com\/bh\/files\/2017\/07\/joao-luiza-livro-400x400.jpg\" alt=\"\" width=\"400\" height=\"400\" srcset=\"https:\/\/blog.cancaonova.com\/belohorizonte\/files\/2017\/07\/joao-luiza-livro-400x400.jpg 400w, https:\/\/blog.cancaonova.com\/belohorizonte\/files\/2017\/07\/joao-luiza-livro-768x768.jpg 768w, https:\/\/blog.cancaonova.com\/belohorizonte\/files\/2017\/07\/joao-luiza-livro-150x150.jpg 150w, https:\/\/blog.cancaonova.com\/belohorizonte\/files\/2017\/07\/joao-luiza-livro.jpg 960w\" sizes=\"(max-width: 400px) 100vw, 400px\" \/><p id=\"caption-attachment-8240\" class=\"wp-caption-text\">Di\u00e1cono Jo\u00e3o Carlos e Maria Lu\u00edza lan\u00e7am o livro &#8220;Diagn\u00f3stico Familiar&#8221; pela Editora Can\u00e7\u00e3o Nova<\/p><\/div>\n<p><em>Texto extra\u00eddo do livro &#8220;<a href=\"http:\/\/loja.cancaonova.com\/livro-diagnotico-familiar\">Diagn\u00f3stico Familiar&#8221;<\/a><\/em> do di\u00e1cono Jo\u00e3o Carlos e Maria Lu\u00edza<\/p>\n<\/div>","protected":false},"excerpt":{"rendered":"<p>A fam\u00edlia \u00e9 um projeto de Deus para vivermos a dois. No decorrer da Hist\u00f3ria, o homem e a mulher encontraram uma melhor forma para viverem juntos, assimilando no decorrer dos tempos os valores importantes para viver essa comunidade a&#8230;<\/p>\n","protected":false},"author":1081,"featured_media":0,"comment_status":"open","ping_status":"open","sticky":false,"template":"","format":"standard","meta":{"_mi_skip_tracking":false,"_monsterinsights_sitenote_active":false,"_monsterinsights_sitenote_note":"","_monsterinsights_sitenote_category":0,"footnotes":""},"categories":[23],"tags":[],"_links":{"self":[{"href":"https:\/\/blog.cancaonova.com\/belohorizonte\/wp-json\/wp\/v2\/posts\/8239"}],"collection":[{"href":"https:\/\/blog.cancaonova.com\/belohorizonte\/wp-json\/wp\/v2\/posts"}],"about":[{"href":"https:\/\/blog.cancaonova.com\/belohorizonte\/wp-json\/wp\/v2\/types\/post"}],"author":[{"embeddable":true,"href":"https:\/\/blog.cancaonova.com\/belohorizonte\/wp-json\/wp\/v2\/users\/1081"}],"replies":[{"embeddable":true,"href":"https:\/\/blog.cancaonova.com\/belohorizonte\/wp-json\/wp\/v2\/comments?post=8239"}],"version-history":[{"count":3,"href":"https:\/\/blog.cancaonova.com\/belohorizonte\/wp-json\/wp\/v2\/posts\/8239\/revisions"}],"predecessor-version":[{"id":8244,"href":"https:\/\/blog.cancaonova.com\/belohorizonte\/wp-json\/wp\/v2\/posts\/8239\/revisions\/8244"}],"wp:attachment":[{"href":"https:\/\/blog.cancaonova.com\/belohorizonte\/wp-json\/wp\/v2\/media?parent=8239"}],"wp:term":[{"taxonomy":"category","embeddable":true,"href":"https:\/\/blog.cancaonova.com\/belohorizonte\/wp-json\/wp\/v2\/categories?post=8239"},{"taxonomy":"post_tag","embeddable":true,"href":"https:\/\/blog.cancaonova.com\/belohorizonte\/wp-json\/wp\/v2\/tags?post=8239"}],"curies":[{"name":"wp","href":"https:\/\/api.w.org\/{rel}","templated":true}]}}