{"id":11314,"date":"2013-07-04T14:00:25","date_gmt":"2013-07-04T17:00:25","guid":{"rendered":"http:\/\/blog.cancaonova.com\/brasilia\/?p=11314"},"modified":"2015-06-22T11:16:03","modified_gmt":"2015-06-22T14:16:03","slug":"proximo-sabado-mil-ave-marias","status":"publish","type":"post","link":"https:\/\/blog.cancaonova.com\/brasilia\/proximo-sabado-mil-ave-marias\/","title":{"rendered":"Hist\u00f3ria - MIL AVE-MARIAS"},"content":{"rendered":"<h2>1000 Ave-Marias<\/h2>\n<p><strong><img loading=\"lazy\" decoding=\"async\" class=\"alignleft size-thumbnail wp-image-11318\" src=\"http:\/\/blog.cancaonova.com\/brasilia\/files\/2013\/07\/rosario-maos-150x150.jpg\" alt=\"\" width=\"150\" height=\"150\" \/>Em 7 de Novembro de 1983<\/strong>, no in\u00edcio da difus\u00e3o da Campanha da M\u00e3e Peregrina pelo mundo<br \/>\nfora, foram recitadas pela primeira vez, em mem\u00f3ria dessa antiga tradi\u00e7\u00e3o, as <strong>Mil Ave-Marias<\/strong> \u2013 vinte ter\u00e7os &#8211; em um Santu\u00e1rio de Schoenstatt, ante o Sant\u00edssimo Exposto, na presen\u00e7a da Imagem da M\u00e3e Peregrina de Schoenstatt, acompanhadas com medita\u00e7\u00e3o dos mist\u00e9rios da vida de Cristo Jesus e de Maria Sant\u00edssima,<em><strong> visando o emprego de tais mist\u00e9rios na nossa vida do dia-a-dia.<!--more--><br \/>\n<\/strong><\/em><\/p>\n<p><strong>As Mil Ave-Marias <\/strong>s\u00e3o feitas em forma de um &#8220;super\u00adros\u00e1rio&#8221; bem meditado sobre todos os mist\u00e9rios da nossa salva\u00e7\u00e3o. &#8220;<strong>A ora\u00e7\u00e3o possui grande poder! <\/strong>Por isso, \u00e9 necess\u00e1rio rezar muito! <em>Obt\u00e9m-se mais com um dia de ora\u00e7\u00e3o intensa do que com anos de cont\u00ednuas discuss\u00f5es.<\/em> <strong>O \u201cSuper Ros\u00e1rio\u201d das Mil Ave -Marias,<\/strong> acrescido de sacrif\u00edcios, leva a um dia de ora\u00e7\u00e3o intensa.<img loading=\"lazy\" decoding=\"async\" class=\"  wp-image-11317 aligncenter\" src=\"http:\/\/blog.cancaonova.com\/brasilia\/files\/2013\/07\/rosario-150x150.jpg\" alt=\"\" width=\"97\" height=\"97\" srcset=\"https:\/\/blog.cancaonova.com\/brasilia\/files\/2013\/07\/rosario-150x150.jpg 150w, https:\/\/blog.cancaonova.com\/brasilia\/files\/2013\/07\/rosario-300x300.jpg 300w, https:\/\/blog.cancaonova.com\/brasilia\/files\/2013\/07\/rosario.jpg 1000w\" sizes=\"(max-width: 97px) 100vw, 97px\" \/><\/p>\n<blockquote><p>Vamos ajudar Nossa Senhora nesta batalha contra o Mal, combatendo com a ora\u00e7\u00e3o das Mil Ave-Marias em forma de \u201csuper ros\u00e1rio\u201d Cita\u00e7\u00e3o extra\u00edda do livro <em>\u201cOra\u00e7\u00f5es de todos os tempos da Igreja \u201d Prof. Felipe Aquino\u00a0 item 183 p\u00e1g. 222.<\/em><\/p><\/blockquote>\n<p><em><strong><em><img loading=\"lazy\" decoding=\"async\" class=\" size-thumbnail wp-image-11316 alignleft\" src=\"http:\/\/blog.cancaonova.com\/brasilia\/files\/2013\/07\/avemaria2-150x150.jpg\" alt=\"\" width=\"150\" height=\"150\" \/>A Virgem Maria espera voc\u00ea para rezarmos juntos, pedindo que por Suas M\u00e3os de M\u00e3e chegue at\u00e9 nos as Gra\u00e7as do Senhor tem reservado para n\u00f3s! <\/em><strong>Todo 1\u00ba s\u00e1bado<\/strong>\u00a0na Capela da <span style=\"color: #0000ff\"><span style=\"color: #0000ff\"><a title=\"Loja Can\u00e7\u00e3o Nova Localiza\u00e7\u00e3o\" href=\"http:\/\/goo.gl\/maps\/RQnbO\" target=\"_blank\"><strong><span style=\"color: #0000ff\">Loja Can\u00e7\u00e3o Nova<\/span><\/strong><\/a><span style=\"color: #0000ff\"><strong> , <\/strong><span style=\"color: #000000\">v<\/span><\/span><span style=\"color: #000000\">enha e reze conosco&#8230;.<\/span><\/span><\/span><\/strong><\/em><\/p>\n<div><em><strong><br \/>\n<\/strong><\/em><\/div>\n<p>&nbsp;<\/p>\n<p><span style=\"color: #0000ff\"><strong><em>::A presen\u00e7a de Nossa Senhora em nossa vida \u00e9 REAL e DISCRETA (Mons. Jonas) ::<\/em><\/strong><\/span><\/p>\n","protected":false},"excerpt":{"rendered":"<p>1000 Ave-Marias Em 7 de Novembro de 1983, no in\u00edcio da difus\u00e3o da Campanha da M\u00e3e Peregrina pelo mundo fora, foram recitadas pela primeira vez, em mem\u00f3ria dessa antiga tradi\u00e7\u00e3o, as Mil Ave-Marias \u2013 vinte ter\u00e7os &#8211; em um Santu\u00e1rio&#8230;<\/p>\n","protected":false},"author":1361,"featured_media":11316,"comment_status":"open","ping_status":"open","sticky":false,"template":"","format":"standard","meta":{"_mi_skip_tracking":false,"_monsterinsights_sitenote_active":false,"_monsterinsights_sitenote_note":"","_monsterinsights_sitenote_category":0,"footnotes":""},"categories":[10341,20896,15717],"tags":[16835,5011,8631,14601,17269],"_links":{"self":[{"href":"https:\/\/blog.cancaonova.com\/brasilia\/wp-json\/wp\/v2\/posts\/11314"}],"collection":[{"href":"https:\/\/blog.cancaonova.com\/brasilia\/wp-json\/wp\/v2\/posts"}],"about":[{"href":"https:\/\/blog.cancaonova.com\/brasilia\/wp-json\/wp\/v2\/types\/post"}],"author":[{"embeddable":true,"href":"https:\/\/blog.cancaonova.com\/brasilia\/wp-json\/wp\/v2\/users\/1361"}],"replies":[{"embeddable":true,"href":"https:\/\/blog.cancaonova.com\/brasilia\/wp-json\/wp\/v2\/comments?post=11314"}],"version-history":[{"count":6,"href":"https:\/\/blog.cancaonova.com\/brasilia\/wp-json\/wp\/v2\/posts\/11314\/revisions"}],"predecessor-version":[{"id":12496,"href":"https:\/\/blog.cancaonova.com\/brasilia\/wp-json\/wp\/v2\/posts\/11314\/revisions\/12496"}],"wp:featuredmedia":[{"embeddable":true,"href":"https:\/\/blog.cancaonova.com\/brasilia\/wp-json\/wp\/v2\/media\/11316"}],"wp:attachment":[{"href":"https:\/\/blog.cancaonova.com\/brasilia\/wp-json\/wp\/v2\/media?parent=11314"}],"wp:term":[{"taxonomy":"category","embeddable":true,"href":"https:\/\/blog.cancaonova.com\/brasilia\/wp-json\/wp\/v2\/categories?post=11314"},{"taxonomy":"post_tag","embeddable":true,"href":"https:\/\/blog.cancaonova.com\/brasilia\/wp-json\/wp\/v2\/tags?post=11314"}],"curies":[{"name":"wp","href":"https:\/\/api.w.org\/{rel}","templated":true}]}}