{"id":11818,"date":"2014-03-14T09:24:00","date_gmt":"2014-03-14T12:24:00","guid":{"rendered":"http:\/\/blog.cancaonova.com\/brasilia\/?p=11818"},"modified":"2014-03-14T09:24:00","modified_gmt":"2014-03-14T12:24:00","slug":"festa-aniversario-do-ronaldo","status":"publish","type":"post","link":"https:\/\/blog.cancaonova.com\/brasilia\/festa-aniversario-do-ronaldo\/","title":{"rendered":"Festa: Anivers\u00e1rio do Ronaldo"},"content":{"rendered":"<div id=\"attachment_11820\" style=\"width: 184px\" class=\"wp-caption aligncenter\"><a href=\"http:\/\/blog.cancaonova.com\/brasilia\/files\/2014\/03\/1239607_623206197714302_61164132_n.jpg\"><img loading=\"lazy\" decoding=\"async\" aria-describedby=\"caption-attachment-11820\" class=\" wp-image-11820  \" alt=\"Nos alegramos com o Dom da Sua Vida\" src=\"http:\/\/blog.cancaonova.com\/brasilia\/files\/2014\/03\/1239607_623206197714302_61164132_n-290x290.jpg\" width=\"174\" height=\"174\" srcset=\"https:\/\/blog.cancaonova.com\/brasilia\/files\/2014\/03\/1239607_623206197714302_61164132_n-290x290.jpg 290w, https:\/\/blog.cancaonova.com\/brasilia\/files\/2014\/03\/1239607_623206197714302_61164132_n-300x300.jpg 300w, https:\/\/blog.cancaonova.com\/brasilia\/files\/2014\/03\/1239607_623206197714302_61164132_n.jpg 612w\" sizes=\"(max-width: 174px) 100vw, 174px\" \/><\/a><p id=\"caption-attachment-11820\" class=\"wp-caption-text\">Nos alegramos<br \/>com o Dom da sua vida<\/p><\/div>\n<p>Hoje a Miss\u00e3o <strong>Can\u00e7\u00e3o Nova de Bras\u00edlia<\/strong> se alegra com o Dom da Vida de <a title=\"Perfil do Ronaldinho\" href=\"https:\/\/www.facebook.com\/ronaldo.dasilva.144\"><strong>Ronaldo da Silva,<\/strong><\/a> <em>Membro da Comunidade Can\u00e7\u00e3o Nova<\/em>, Comunicador de Deus atrav\u00e9s de nossos meios de comunica\u00e7\u00e3o.<\/p>\n<p><strong><em>\u00c9 uma alegria ter vc em nosso meio<\/em><\/strong>.<\/p>\n<p>Que Deus possa te aben\u00e7oar Ronaldo e te fazer cada vez mais um <strong>Homem de Deus<\/strong> um comunicador da boa nova&#8230; Que sua vida possa ser cada vez mais<strong> reflexo da bondade de Deus.<\/strong><\/p>\n\n\t\t<style type=\"text\/css\">\n\t\t\t#gallery-1 {\n\t\t\t\tmargin: auto;\n\t\t\t}\n\t\t\t#gallery-1 .gallery-item {\n\t\t\t\tfloat: left;\n\t\t\t\tmargin-top: 10px;\n\t\t\t\ttext-align: center;\n\t\t\t\twidth: 33%;\n\t\t\t}\n\t\t\t#gallery-1 img {\n\t\t\t\tborder: 2px solid #cfcfcf;\n\t\t\t}\n\t\t\t#gallery-1 .gallery-caption {\n\t\t\t\tmargin-left: 0;\n\t\t\t}\n\t\t\t\/* see gallery_shortcode() in wp-includes\/media.php *\/\n\t\t<\/style>\n\t\t<div id='gallery-1' class='gallery galleryid-11818 gallery-columns-3 gallery-size-thumbnail'><dl class='gallery-item'>\n\t\t\t<dt class='gallery-icon portrait'>\n\t\t\t\t<a href='https:\/\/blog.cancaonova.com\/brasilia\/festa-aniversario-do-ronaldo\/1073965_555929677797099_739212508_o\/'><img loading=\"lazy\" decoding=\"async\" width=\"290\" height=\"290\" src=\"https:\/\/blog.cancaonova.com\/brasilia\/files\/2014\/03\/1073965_555929677797099_739212508_o-290x290.jpg\" class=\"attachment-thumbnail size-thumbnail\" alt=\"\" \/><\/a>\n\t\t\t<\/dt><\/dl><dl class='gallery-item'>\n\t\t\t<dt class='gallery-icon landscape'>\n\t\t\t\t<a href='https:\/\/blog.cancaonova.com\/brasilia\/festa-aniversario-do-ronaldo\/ronaldo\/'><img loading=\"lazy\" decoding=\"async\" width=\"290\" height=\"290\" src=\"https:\/\/blog.cancaonova.com\/brasilia\/files\/2014\/03\/ronaldo-290x290.jpg\" class=\"attachment-thumbnail size-thumbnail\" alt=\"\" \/><\/a>\n\t\t\t<\/dt><\/dl><dl class='gallery-item'>\n\t\t\t<dt class='gallery-icon landscape'>\n\t\t\t\t<a href='https:\/\/blog.cancaonova.com\/brasilia\/festa-aniversario-do-ronaldo\/984044_4588147396359_1840628741_n\/'><img loading=\"lazy\" decoding=\"async\" width=\"290\" height=\"290\" src=\"https:\/\/blog.cancaonova.com\/brasilia\/files\/2014\/03\/984044_4588147396359_1840628741_n-290x290.jpg\" class=\"attachment-thumbnail size-thumbnail\" alt=\"\" \/><\/a>\n\t\t\t<\/dt><\/dl><br style=\"clear: both\" \/>\n\t\t<\/div>\n\n<p style=\"text-align: center\"><span style=\"text-decoration: underline\"><strong>Obrigado por doar sua vida inteira pela evangeliza\u00e7\u00e3o.<\/strong><\/span><\/p>\n<p>FELIZ ANIVERS\u00c1RIO<\/p>\n<p>Can\u00e7\u00e3o Nova Bras\u00edlia<\/p>\n<p>&nbsp;<\/p>\n<p>&nbsp;<\/p>\n<p>&nbsp;<\/p>\n<p>Deixe sua mensagem de felicita\u00e7\u00f5es para ele nos coment\u00e1rios. \ud83d\ude42<\/p>\n","protected":false},"excerpt":{"rendered":"<p>Hoje a Miss\u00e3o Can\u00e7\u00e3o Nova de Bras\u00edlia se alegra com o Dom da Vida de Ronaldo da Silva, Membro da Comunidade Can\u00e7\u00e3o Nova, Comunicador de Deus atrav\u00e9s de nossos meios de comunica\u00e7\u00e3o. \u00c9 uma alegria ter vc em nosso meio&#8230;.<\/p>\n","protected":false},"author":1361,"featured_media":11828,"comment_status":"open","ping_status":"closed","sticky":false,"template":"","format":"standard","meta":{"_mi_skip_tracking":false,"_monsterinsights_sitenote_active":false,"_monsterinsights_sitenote_note":"","_monsterinsights_sitenote_category":0,"footnotes":""},"categories":[10341],"tags":[16504,17377,16541,17873,39],"_links":{"self":[{"href":"https:\/\/blog.cancaonova.com\/brasilia\/wp-json\/wp\/v2\/posts\/11818"}],"collection":[{"href":"https:\/\/blog.cancaonova.com\/brasilia\/wp-json\/wp\/v2\/posts"}],"about":[{"href":"https:\/\/blog.cancaonova.com\/brasilia\/wp-json\/wp\/v2\/types\/post"}],"author":[{"embeddable":true,"href":"https:\/\/blog.cancaonova.com\/brasilia\/wp-json\/wp\/v2\/users\/1361"}],"replies":[{"embeddable":true,"href":"https:\/\/blog.cancaonova.com\/brasilia\/wp-json\/wp\/v2\/comments?post=11818"}],"version-history":[{"count":5,"href":"https:\/\/blog.cancaonova.com\/brasilia\/wp-json\/wp\/v2\/posts\/11818\/revisions"}],"predecessor-version":[{"id":11829,"href":"https:\/\/blog.cancaonova.com\/brasilia\/wp-json\/wp\/v2\/posts\/11818\/revisions\/11829"}],"wp:featuredmedia":[{"embeddable":true,"href":"https:\/\/blog.cancaonova.com\/brasilia\/wp-json\/wp\/v2\/media\/11828"}],"wp:attachment":[{"href":"https:\/\/blog.cancaonova.com\/brasilia\/wp-json\/wp\/v2\/media?parent=11818"}],"wp:term":[{"taxonomy":"category","embeddable":true,"href":"https:\/\/blog.cancaonova.com\/brasilia\/wp-json\/wp\/v2\/categories?post=11818"},{"taxonomy":"post_tag","embeddable":true,"href":"https:\/\/blog.cancaonova.com\/brasilia\/wp-json\/wp\/v2\/tags?post=11818"}],"curies":[{"name":"wp","href":"https:\/\/api.w.org\/{rel}","templated":true}]}}