{"id":11830,"date":"2014-03-17T09:05:23","date_gmt":"2014-03-17T12:05:23","guid":{"rendered":"http:\/\/blog.cancaonova.com\/brasilia\/?p=11830"},"modified":"2014-03-17T09:05:23","modified_gmt":"2014-03-17T12:05:23","slug":"festa-aniversario-da-priscila","status":"publish","type":"post","link":"https:\/\/blog.cancaonova.com\/brasilia\/festa-aniversario-da-priscila\/","title":{"rendered":"FESTA: Anivers\u00e1rio da Priscila"},"content":{"rendered":"<p>&nbsp;<\/p>\n<h3>Mais um dia de Festa na Can\u00e7\u00e3o Nova de Bras\u00edlia.<\/h3>\n<div id=\"attachment_11833\" style=\"width: 213px\" class=\"wp-caption aligncenter\"><a href=\"http:\/\/blog.cancaonova.com\/brasilia\/files\/2014\/03\/906431_531098043642834_1285363878_o.jpg\"><img loading=\"lazy\" decoding=\"async\" aria-describedby=\"caption-attachment-11833\" class=\" wp-image-11833\" alt=\"Priscila Graziela\" src=\"http:\/\/blog.cancaonova.com\/brasilia\/files\/2014\/03\/906431_531098043642834_1285363878_o-290x290.jpg\" width=\"203\" height=\"203\" \/><\/a><p id=\"caption-attachment-11833\" class=\"wp-caption-text\">Aniversariante do Dia:<br \/>Priscila Graziela<\/p><\/div>\n<p>Hoje <strong>\u00e9 anivers\u00e1rio de Priscila Graziela<\/strong>, <em>membro e respons\u00e1vel de miss\u00e3o da Comunidade.\u00a0<\/em><\/p>\n<p>Nos alegramos com o Dom de sua vida, e celebramos com voc\u00ea este dia especial. Que<strong> o Bom Deus possa derramar uma chuva de ben\u00e7\u00e3os<\/strong> e gra\u00e7as sobre voc\u00ea. Que sua vida possa sempre resplandecer o amor e a bondade de Deus na vida daqueles que est\u00e3o \u00e0 sua volta. <em>Que esta data se repita por muitos anos&#8230;<\/em><\/p>\n<p>Rezamos em especial por voc\u00ea Priscila no dia de hoje..<\/p>\n<p>Felicidades, hoje o dia \u00e9 SEU.<\/p>\n<p>&nbsp;<\/p>\n\n\t\t<style type=\"text\/css\">\n\t\t\t#gallery-1 {\n\t\t\t\tmargin: auto;\n\t\t\t}\n\t\t\t#gallery-1 .gallery-item {\n\t\t\t\tfloat: left;\n\t\t\t\tmargin-top: 10px;\n\t\t\t\ttext-align: center;\n\t\t\t\twidth: 33%;\n\t\t\t}\n\t\t\t#gallery-1 img {\n\t\t\t\tborder: 2px solid #cfcfcf;\n\t\t\t}\n\t\t\t#gallery-1 .gallery-caption {\n\t\t\t\tmargin-left: 0;\n\t\t\t}\n\t\t\t\/* see gallery_shortcode() in wp-includes\/media.php *\/\n\t\t<\/style>\n\t\t<div id='gallery-1' class='gallery galleryid-11830 gallery-columns-3 gallery-size-thumbnail'><dl class='gallery-item'>\n\t\t\t<dt class='gallery-icon landscape'>\n\t\t\t\t<a href='https:\/\/blog.cancaonova.com\/brasilia\/festa-aniversario-da-priscila\/734560_489921781072173_2020006607_n\/'><img loading=\"lazy\" decoding=\"async\" width=\"290\" height=\"290\" src=\"https:\/\/blog.cancaonova.com\/brasilia\/files\/2014\/03\/734560_489921781072173_2020006607_n-290x290.jpg\" class=\"attachment-thumbnail size-thumbnail\" alt=\"\" \/><\/a>\n\t\t\t<\/dt><\/dl><dl class='gallery-item'>\n\t\t\t<dt class='gallery-icon landscape'>\n\t\t\t\t<a href='https:\/\/blog.cancaonova.com\/brasilia\/festa-aniversario-da-priscila\/1264769_531095636976408_1548292929_o\/'><img loading=\"lazy\" decoding=\"async\" width=\"290\" height=\"290\" src=\"https:\/\/blog.cancaonova.com\/brasilia\/files\/2014\/03\/1264769_531095636976408_1548292929_o-290x290.jpg\" class=\"attachment-thumbnail size-thumbnail\" alt=\"\" \/><\/a>\n\t\t\t<\/dt><\/dl><dl class='gallery-item'>\n\t\t\t<dt class='gallery-icon portrait'>\n\t\t\t\t<a href='https:\/\/blog.cancaonova.com\/brasilia\/festa-aniversario-da-priscila\/1597520_576178542468117_1753113504_o\/'><img loading=\"lazy\" decoding=\"async\" width=\"290\" height=\"290\" src=\"https:\/\/blog.cancaonova.com\/brasilia\/files\/2014\/03\/1597520_576178542468117_1753113504_o-290x290.jpg\" class=\"attachment-thumbnail size-thumbnail\" alt=\"\" \/><\/a>\n\t\t\t<\/dt><\/dl><br style=\"clear: both\" \/>\n\t\t<\/div>\n\n<p>&nbsp;<\/p>\n<p><span style=\"text-decoration: underline\"><em><strong>Can\u00e7\u00e3o Nova Bras\u00edlia<\/strong><\/em><\/span><\/p>\n<p>&nbsp;<\/p>\n<p>&nbsp;<\/p>\n<p>&nbsp;<\/p>\n<p>Manifeste seu carinho e celebre conosco este dia especial para a Priscila deixando sua mensagem nos coment\u00e1rios&#8230; \ud83d\ude42<\/p>\n<p>&nbsp;<\/p>\n","protected":false},"excerpt":{"rendered":"<p>&nbsp; Mais um dia de Festa na Can\u00e7\u00e3o Nova de Bras\u00edlia. Hoje \u00e9 anivers\u00e1rio de Priscila Graziela, membro e respons\u00e1vel de miss\u00e3o da Comunidade.\u00a0 Nos alegramos com o Dom de sua vida, e celebramos com voc\u00ea este dia especial. Que&#8230;<\/p>\n","protected":false},"author":1361,"featured_media":11837,"comment_status":"open","ping_status":"closed","sticky":false,"template":"","format":"standard","meta":{"_mi_skip_tracking":false,"_monsterinsights_sitenote_active":false,"_monsterinsights_sitenote_note":"","_monsterinsights_sitenote_category":0,"footnotes":""},"categories":[10341,159277],"tags":[16504,5011,17377,16541,27855,39],"_links":{"self":[{"href":"https:\/\/blog.cancaonova.com\/brasilia\/wp-json\/wp\/v2\/posts\/11830"}],"collection":[{"href":"https:\/\/blog.cancaonova.com\/brasilia\/wp-json\/wp\/v2\/posts"}],"about":[{"href":"https:\/\/blog.cancaonova.com\/brasilia\/wp-json\/wp\/v2\/types\/post"}],"author":[{"embeddable":true,"href":"https:\/\/blog.cancaonova.com\/brasilia\/wp-json\/wp\/v2\/users\/1361"}],"replies":[{"embeddable":true,"href":"https:\/\/blog.cancaonova.com\/brasilia\/wp-json\/wp\/v2\/comments?post=11830"}],"version-history":[{"count":1,"href":"https:\/\/blog.cancaonova.com\/brasilia\/wp-json\/wp\/v2\/posts\/11830\/revisions"}],"predecessor-version":[{"id":11835,"href":"https:\/\/blog.cancaonova.com\/brasilia\/wp-json\/wp\/v2\/posts\/11830\/revisions\/11835"}],"wp:featuredmedia":[{"embeddable":true,"href":"https:\/\/blog.cancaonova.com\/brasilia\/wp-json\/wp\/v2\/media\/11837"}],"wp:attachment":[{"href":"https:\/\/blog.cancaonova.com\/brasilia\/wp-json\/wp\/v2\/media?parent=11830"}],"wp:term":[{"taxonomy":"category","embeddable":true,"href":"https:\/\/blog.cancaonova.com\/brasilia\/wp-json\/wp\/v2\/categories?post=11830"},{"taxonomy":"post_tag","embeddable":true,"href":"https:\/\/blog.cancaonova.com\/brasilia\/wp-json\/wp\/v2\/tags?post=11830"}],"curies":[{"name":"wp","href":"https:\/\/api.w.org\/{rel}","templated":true}]}}