{"id":11842,"date":"2014-03-20T09:50:27","date_gmt":"2014-03-20T12:50:27","guid":{"rendered":"http:\/\/blog.cancaonova.com\/brasilia\/?p=11842"},"modified":"2014-03-20T10:12:18","modified_gmt":"2014-03-20T13:12:18","slug":"festa-aniversario-do-rivas","status":"publish","type":"post","link":"https:\/\/blog.cancaonova.com\/brasilia\/festa-aniversario-do-rivas\/","title":{"rendered":"FESTA: Anivers\u00e1rio do Rivas"},"content":{"rendered":"<p>M\u00eas de Mar\u00e7o \u00e9 m\u00eas de festas na Can\u00e7\u00e3o Nova Bras\u00edlia&#8230;<\/p>\n<p style=\"text-align: center\"><a href=\"http:\/\/blog.cancaonova.com\/brasilia\/files\/2014\/03\/1185518_688410994556583_1473515799_n.jpg\"><img loading=\"lazy\" decoding=\"async\" class=\"aligncenter  wp-image-11843\" alt=\"Rivas\" src=\"http:\/\/blog.cancaonova.com\/brasilia\/files\/2014\/03\/1185518_688410994556583_1473515799_n-290x290.jpg\" width=\"203\" height=\"203\" \/><\/a><\/p>\n<p>Hoje celebramos<em><strong> o Homem de Deus Jos\u00e9 Rivelino Corr\u00eaa, o nosso Rivas.<\/strong><\/em> Um consagrado, pai de fam\u00edlia, trabalhador e mission\u00e1rio. \u00a0Que a gra\u00e7a de Deus possa estar sobre voc\u00ea no dia de hoje e que voc\u00ea possa alcan\u00e7ar tudo o quanto necessitas.<\/p>\n<p><strong>Sua vida \u00e9 um DOM para toda a comunidade Can\u00e7\u00e3o Nova<\/strong> e para todos os que te rodeiam. <em>Que a Virgem Maria possa estar ao seu lado e ser seu maior presente neste dia&#8230;<\/em><\/p>\n<p>&nbsp;<\/p>\n<p><strong>Felicidades, muita alegria neste dia e em todos da sua vida&#8230;<\/strong><\/p>\n<p>&nbsp;<\/p>\n\n\t\t<style type=\"text\/css\">\n\t\t\t#gallery-1 {\n\t\t\t\tmargin: auto;\n\t\t\t}\n\t\t\t#gallery-1 .gallery-item {\n\t\t\t\tfloat: left;\n\t\t\t\tmargin-top: 10px;\n\t\t\t\ttext-align: center;\n\t\t\t\twidth: 33%;\n\t\t\t}\n\t\t\t#gallery-1 img {\n\t\t\t\tborder: 2px solid #cfcfcf;\n\t\t\t}\n\t\t\t#gallery-1 .gallery-caption {\n\t\t\t\tmargin-left: 0;\n\t\t\t}\n\t\t\t\/* see gallery_shortcode() in wp-includes\/media.php *\/\n\t\t<\/style>\n\t\t<div id='gallery-1' class='gallery galleryid-11842 gallery-columns-3 gallery-size-thumbnail'><dl class='gallery-item'>\n\t\t\t<dt class='gallery-icon landscape'>\n\t\t\t\t<a href='https:\/\/blog.cancaonova.com\/brasilia\/1543384_10201927350205521_263639696_n\/'><img loading=\"lazy\" decoding=\"async\" width=\"290\" height=\"290\" src=\"https:\/\/blog.cancaonova.com\/brasilia\/files\/2014\/03\/1543384_10201927350205521_263639696_n-290x290.jpg\" class=\"attachment-thumbnail size-thumbnail\" alt=\"\" srcset=\"https:\/\/blog.cancaonova.com\/brasilia\/files\/2014\/03\/1543384_10201927350205521_263639696_n-290x290.jpg 290w, https:\/\/blog.cancaonova.com\/brasilia\/files\/2014\/03\/1543384_10201927350205521_263639696_n-300x300.jpg 300w, https:\/\/blog.cancaonova.com\/brasilia\/files\/2014\/03\/1543384_10201927350205521_263639696_n.jpg 640w\" sizes=\"(max-width: 290px) 100vw, 290px\" \/><\/a>\n\t\t\t<\/dt><\/dl><dl class='gallery-item'>\n\t\t\t<dt class='gallery-icon landscape'>\n\t\t\t\t<a href='https:\/\/blog.cancaonova.com\/brasilia\/1654760_10201715597311831_1219890197_n\/'><img loading=\"lazy\" decoding=\"async\" width=\"290\" height=\"290\" src=\"https:\/\/blog.cancaonova.com\/brasilia\/files\/2014\/03\/1654760_10201715597311831_1219890197_n-290x290.jpg\" class=\"attachment-thumbnail size-thumbnail\" alt=\"\" \/><\/a>\n\t\t\t<\/dt><\/dl><dl class='gallery-item'>\n\t\t\t<dt class='gallery-icon landscape'>\n\t\t\t\t<a href='https:\/\/blog.cancaonova.com\/brasilia\/10006376_10201902031692574_1439781544_o\/'><img loading=\"lazy\" decoding=\"async\" width=\"290\" height=\"290\" src=\"https:\/\/blog.cancaonova.com\/brasilia\/files\/2014\/03\/10006376_10201902031692574_1439781544_o-290x290.jpg\" class=\"attachment-thumbnail size-thumbnail\" alt=\"\" \/><\/a>\n\t\t\t<\/dt><\/dl><br style=\"clear: both\" \/>\n\t\t<\/div>\n\n<p><span style=\"text-decoration: underline\"><em><strong>Can\u00e7\u00e3o Nova Bras\u00edlia<\/strong><\/em><\/span><\/p>\n<p>&nbsp;<\/p>\n<p>&nbsp;<\/p>\n<p>Se alegre conosco neste dia e deixe sua mensagem a Ele nos coment\u00e1rios.<\/p>\n","protected":false},"excerpt":{"rendered":"<p>M\u00eas de Mar\u00e7o \u00e9 m\u00eas de festas na Can\u00e7\u00e3o Nova Bras\u00edlia&#8230; Hoje celebramos o Homem de Deus Jos\u00e9 Rivelino Corr\u00eaa, o nosso Rivas. Um consagrado, pai de fam\u00edlia, trabalhador e mission\u00e1rio. \u00a0Que a gra\u00e7a de Deus possa estar sobre voc\u00ea&#8230;<\/p>\n","protected":false},"author":1361,"featured_media":11845,"comment_status":"open","ping_status":"closed","sticky":false,"template":"","format":"standard","meta":{"_mi_skip_tracking":false,"_monsterinsights_sitenote_active":false,"_monsterinsights_sitenote_note":"","_monsterinsights_sitenote_category":0,"footnotes":""},"categories":[10341],"tags":[16504,5011,16541,159287],"_links":{"self":[{"href":"https:\/\/blog.cancaonova.com\/brasilia\/wp-json\/wp\/v2\/posts\/11842"}],"collection":[{"href":"https:\/\/blog.cancaonova.com\/brasilia\/wp-json\/wp\/v2\/posts"}],"about":[{"href":"https:\/\/blog.cancaonova.com\/brasilia\/wp-json\/wp\/v2\/types\/post"}],"author":[{"embeddable":true,"href":"https:\/\/blog.cancaonova.com\/brasilia\/wp-json\/wp\/v2\/users\/1361"}],"replies":[{"embeddable":true,"href":"https:\/\/blog.cancaonova.com\/brasilia\/wp-json\/wp\/v2\/comments?post=11842"}],"version-history":[{"count":2,"href":"https:\/\/blog.cancaonova.com\/brasilia\/wp-json\/wp\/v2\/posts\/11842\/revisions"}],"predecessor-version":[{"id":11847,"href":"https:\/\/blog.cancaonova.com\/brasilia\/wp-json\/wp\/v2\/posts\/11842\/revisions\/11847"}],"wp:featuredmedia":[{"embeddable":true,"href":"https:\/\/blog.cancaonova.com\/brasilia\/wp-json\/wp\/v2\/media\/11845"}],"wp:attachment":[{"href":"https:\/\/blog.cancaonova.com\/brasilia\/wp-json\/wp\/v2\/media?parent=11842"}],"wp:term":[{"taxonomy":"category","embeddable":true,"href":"https:\/\/blog.cancaonova.com\/brasilia\/wp-json\/wp\/v2\/categories?post=11842"},{"taxonomy":"post_tag","embeddable":true,"href":"https:\/\/blog.cancaonova.com\/brasilia\/wp-json\/wp\/v2\/tags?post=11842"}],"curies":[{"name":"wp","href":"https:\/\/api.w.org\/{rel}","templated":true}]}}