{"id":11874,"date":"2014-03-31T13:57:06","date_gmt":"2014-03-31T16:57:06","guid":{"rendered":"http:\/\/blog.cancaonova.com\/brasilia\/?p=11874"},"modified":"2014-04-02T14:25:10","modified_gmt":"2014-04-02T17:25:10","slug":"agenda-eventos-cancao-nova-em-abril","status":"publish","type":"post","link":"https:\/\/blog.cancaonova.com\/brasilia\/agenda-eventos-cancao-nova-em-abril\/","title":{"rendered":"AGENDA: Eventos Can\u00e7\u00e3o Nova em Abril"},"content":{"rendered":"<h3 style=\"text-align: center\"><strong>Eventos na Can\u00e7\u00e3o Nova Bras\u00edlia<\/strong><\/h3>\n<p style=\"text-align: left\">Em Abril teremos v\u00e1rios momentos para estarmos juntos. Ser\u00e3o missas, encontros de ora\u00e7\u00e3o e at\u00e9 Bazar Can\u00e7\u00e3o Nova&#8230; tudo para Evangeliza\u00e7\u00e3o.<\/p>\n<p style=\"text-align: left\"><em><strong>Contamos claro com a presen\u00e7a de voc\u00ea em um destes momentos.<\/strong><\/em><\/p>\n<p style=\"text-align: center\"><strong>EXCEPCIONALMENTE no m\u00eas de Abril n\u00e3o teremos o Grupo de ora\u00e7\u00e3o, mas \u00e9 por um motivo MUITO BOM. <\/strong><\/p>\n<p style=\"text-align: center\"><strong>Teremos Santa Missa em 3 Quintas-Feira e a Grande Quinta Feira no dia 17.<\/strong><\/p>\n<div id=\"attachment_11889\" style=\"width: 310px\" class=\"wp-caption aligncenter\"><a href=\"http:\/\/blog.cancaonova.com\/brasilia\/files\/2014\/03\/comunicado.png\"><img loading=\"lazy\" decoding=\"async\" aria-describedby=\"caption-attachment-11889\" class=\"size-medium wp-image-11889 \" alt=\"comunicado\" src=\"http:\/\/blog.cancaonova.com\/brasilia\/files\/2014\/03\/comunicado-300x184.png\" width=\"300\" height=\"184\" srcset=\"https:\/\/blog.cancaonova.com\/brasilia\/files\/2014\/03\/comunicado-300x184.png 300w, https:\/\/blog.cancaonova.com\/brasilia\/files\/2014\/03\/comunicado-1040x638.png 1040w\" sizes=\"(max-width: 300px) 100vw, 300px\" \/><\/a><p id=\"caption-attachment-11889\" class=\"wp-caption-text\">Atividades \u00e0s Quinta no m\u00eas de Abril<\/p><\/div>\n<p style=\"text-align: left\">Ent\u00e3o vamos pra nossa AGENDA.<\/p>\n<p style=\"text-align: left\"><strong>Dia 03 de Abril<\/strong>, a<strong> R\u00e1dio Can\u00e7\u00e3o Nova de Bras\u00edlia,<\/strong> organizar\u00e1 mais uma<a title=\"Maratona de ora\u00e7\u00e3o\" href=\"http:\/\/blog.cancaonova.com\/radiodf\/2014\/03\/27\/vem-ai-mais-uma-maratona-de-oracao\/\" target=\"_blank\"> &#8220;Maratona de ora\u00e7\u00e3o&#8221; <\/a>um momento de ora\u00e7\u00e3o, rico e cheio da presen\u00e7a de Deus, e para termos sua presen\u00e7a junto conosco,\u00a0e dentro da Maratona de Ora\u00e7\u00e3o, teremos a\u00a0<strong>Santa Missa<\/strong>\u00a0que ser\u00e1 celebrada pelo\u00a0<strong><em>Pe. Geovani da Comunidade Vida Nova<\/em><\/strong>.\u00a0<strong>A missa ser\u00e1\u00a0Par\u00f3quia Bom Jesus 601 Sul, \u00e0s 20h<\/strong>.<\/p>\n<p style=\"text-align: center\"><a href=\"http:\/\/blog.cancaonova.com\/brasilia\/files\/2014\/04\/Missa-Maratona.png\"><img loading=\"lazy\" decoding=\"async\" class=\"aligncenter  wp-image-11901\" alt=\"Missa-Maratona\" src=\"http:\/\/blog.cancaonova.com\/brasilia\/files\/2014\/04\/Missa-Maratona-300x225.png\" width=\"210\" height=\"158\" srcset=\"https:\/\/blog.cancaonova.com\/brasilia\/files\/2014\/04\/Missa-Maratona-300x225.png 300w, https:\/\/blog.cancaonova.com\/brasilia\/files\/2014\/04\/Missa-Maratona-1040x780.png 1040w, https:\/\/blog.cancaonova.com\/brasilia\/files\/2014\/04\/Missa-Maratona.png 1600w\" sizes=\"(max-width: 210px) 100vw, 210px\" \/><\/a><\/p>\n<p style=\"text-align: center\"><strong><em>Inf.: (61)\u00a03363-1877<\/em><\/strong><\/p>\n<p style=\"text-align: left\">Dia<strong> 05 de Abril<\/strong> \u00e9 um dia cheio de atividades pra voc\u00ea.<\/p>\n<p style=\"text-align: left\">Para rezarmos juntos teremos a nossa j\u00e1 tradicional 1000 Ave-Marias, na capela da Loja Can\u00e7\u00e3o Nova. Venha pedir a intercess\u00e3o da Virgem Maria para todas as suas necessidades. <em><strong>S\u00e1bado, a partir das 8h na Loja Can\u00e7\u00e3o Nova Bras\u00edlia.<\/strong><\/em><\/p>\n<p style=\"text-align: center\"><a href=\"http:\/\/blog.cancaonova.com\/brasilia\/files\/2014\/03\/milave1.png\"><img loading=\"lazy\" decoding=\"async\" class=\"aligncenter  wp-image-11892\" alt=\"milave\" src=\"http:\/\/blog.cancaonova.com\/brasilia\/files\/2014\/03\/milave1-300x168.png\" width=\"240\" height=\"134\" srcset=\"https:\/\/blog.cancaonova.com\/brasilia\/files\/2014\/03\/milave1-300x168.png 300w, https:\/\/blog.cancaonova.com\/brasilia\/files\/2014\/03\/milave1-1040x584.png 1040w, https:\/\/blog.cancaonova.com\/brasilia\/files\/2014\/03\/milave1.png 1366w\" sizes=\"(max-width: 240px) 100vw, 240px\" \/><\/a><\/p>\n<p style=\"text-align: left\">E tamb\u00e9m no <strong>dia 05 de Abril<\/strong>, teremos o nosso Bazar Can\u00e7\u00e3o Nova. Um lugar pra voc\u00ea encontrar bons produtos, por um pre\u00e7o melhor ainda. Como de costume, o nosso bazar acontece no <em><strong>sal\u00e3o do Santu\u00e1rio Dom Bosco de 9h \u00e0s 12h.<\/strong><\/em><\/p>\n<p style=\"text-align: center\"><a href=\"http:\/\/blog.cancaonova.com\/brasilia\/files\/2014\/03\/bazar.png\"><img loading=\"lazy\" decoding=\"async\" class=\"aligncenter  wp-image-11891\" alt=\"bazar\" src=\"http:\/\/blog.cancaonova.com\/brasilia\/files\/2014\/03\/bazar-300x189.png\" width=\"240\" height=\"151\" srcset=\"https:\/\/blog.cancaonova.com\/brasilia\/files\/2014\/03\/bazar-300x189.png 300w, https:\/\/blog.cancaonova.com\/brasilia\/files\/2014\/03\/bazar.png 990w\" sizes=\"(max-width: 240px) 100vw, 240px\" \/><\/a><\/p>\n<p style=\"text-align: left\"><strong>No Dia 10<\/strong> teremos a nossa Missa do Clube da Evangeliza\u00e7\u00e3o. Um momento de ora\u00e7\u00e3o e busca pela cura que vem de Deus. Nosso celebrante, Frei Josu\u00e9. O local \u00e9 o <em><strong>Santu\u00e1rio S\u00e3o Francisco de Assis, que fica na 915 Norte. \u00c0s 20 horas.<\/strong><\/em><\/p>\n<p style=\"text-align: center\"><a href=\"http:\/\/blog.cancaonova.com\/brasilia\/files\/2014\/03\/missaclube.png\"><img loading=\"lazy\" decoding=\"async\" class=\"aligncenter  wp-image-11905\" alt=\"missa clube mar\u00e7o\" src=\"http:\/\/blog.cancaonova.com\/brasilia\/files\/2014\/03\/missaclube-300x199.png\" width=\"210\" height=\"139\" srcset=\"https:\/\/blog.cancaonova.com\/brasilia\/files\/2014\/03\/missaclube-300x199.png 300w, https:\/\/blog.cancaonova.com\/brasilia\/files\/2014\/03\/missaclube.png 930w\" sizes=\"(max-width: 210px) 100vw, 210px\" \/><\/a><\/p>\n<p style=\"text-align: left\"><strong>E dia 24<\/strong> teremos a presen\u00e7a do<strong> Pe. Christian Shankar<\/strong> para celebrar conosco a <strong>Missa da Familia Can\u00e7\u00e3o Nova.<\/strong> Este \u00e9 \u00a0o dia pra voc\u00ea familia Can\u00e7\u00e3o Nova trazer todos os seus amigos, parentes, vizinhos e juntos rezarmos por toda a FAMILIA CAN\u00c7\u00c3O NOVA.<\/p>\n<p style=\"text-align: center\"><em><strong>Pedindo n\u00e3o s\u00f3 pela Obra Can\u00e7\u00e3o Nova, <\/strong><\/em><\/p>\n<p style=\"text-align: center\"><em><strong>mas principalmente por todas as suas necessidades<\/strong><\/em>.<\/p>\n<p style=\"text-align: center\"><a href=\"http:\/\/blog.cancaonova.com\/brasilia\/files\/2014\/03\/Missa-para-Fam\u00edlias.png\"><img loading=\"lazy\" decoding=\"async\" class=\"aligncenter  wp-image-11902\" alt=\"Missa-para-Fam\u00edlias\" src=\"http:\/\/blog.cancaonova.com\/brasilia\/files\/2014\/03\/Missa-para-Fam\u00edlias-212x300.png\" width=\"148\" height=\"210\" srcset=\"https:\/\/blog.cancaonova.com\/brasilia\/files\/2014\/03\/Missa-para-Fam\u00edlias-212x300.png 212w, https:\/\/blog.cancaonova.com\/brasilia\/files\/2014\/03\/Missa-para-Fam\u00edlias-735x1040.png 735w, https:\/\/blog.cancaonova.com\/brasilia\/files\/2014\/03\/Missa-para-Fam\u00edlias.png 780w\" sizes=\"(max-width: 148px) 100vw, 148px\" \/><\/a><\/p>\n<p style=\"text-align: left\">Dia 24 de abril as 20h, na\u00a0<strong><a title=\"Par\u00f3quia Nossa Senhora da Consolata\" href=\"https:\/\/goo.gl\/maps\/yTkS9\">Paroquia Nossa Senhora Consolata, na 913 \u00a0Asa \u00a0Norte<\/a>.<\/strong><\/p>\n<p style=\"text-align: left\">Ser\u00e1 uma alegria poder contar com a sua presen\u00e7a. Venha estar conosco&#8230;<\/p>\n<p style=\"text-align: left\">\n<p style=\"text-align: left\">\n<p style=\"text-align: left\"><span style=\"text-decoration: underline\"><em><strong>Comunidade Can\u00e7\u00e3o Nova Bras\u00edlia.<\/strong><\/em><\/span><\/p>\n","protected":false},"excerpt":{"rendered":"<p>Eventos na Can\u00e7\u00e3o Nova Bras\u00edlia Em Abril teremos v\u00e1rios momentos para estarmos juntos. Ser\u00e3o missas, encontros de ora\u00e7\u00e3o e at\u00e9 Bazar Can\u00e7\u00e3o Nova&#8230; tudo para Evangeliza\u00e7\u00e3o. Contamos claro com a presen\u00e7a de voc\u00ea em um destes momentos. EXCEPCIONALMENTE no m\u00eas&#8230;<\/p>\n","protected":false},"author":1361,"featured_media":11898,"comment_status":"open","ping_status":"closed","sticky":false,"template":"","format":"standard","meta":{"_mi_skip_tracking":false,"_monsterinsights_sitenote_active":false,"_monsterinsights_sitenote_note":"","_monsterinsights_sitenote_category":0,"footnotes":""},"categories":[10341,20896],"tags":[18028,5011,16963,17409,21826,951,72247],"_links":{"self":[{"href":"https:\/\/blog.cancaonova.com\/brasilia\/wp-json\/wp\/v2\/posts\/11874"}],"collection":[{"href":"https:\/\/blog.cancaonova.com\/brasilia\/wp-json\/wp\/v2\/posts"}],"about":[{"href":"https:\/\/blog.cancaonova.com\/brasilia\/wp-json\/wp\/v2\/types\/post"}],"author":[{"embeddable":true,"href":"https:\/\/blog.cancaonova.com\/brasilia\/wp-json\/wp\/v2\/users\/1361"}],"replies":[{"embeddable":true,"href":"https:\/\/blog.cancaonova.com\/brasilia\/wp-json\/wp\/v2\/comments?post=11874"}],"version-history":[{"count":11,"href":"https:\/\/blog.cancaonova.com\/brasilia\/wp-json\/wp\/v2\/posts\/11874\/revisions"}],"predecessor-version":[{"id":11895,"href":"https:\/\/blog.cancaonova.com\/brasilia\/wp-json\/wp\/v2\/posts\/11874\/revisions\/11895"}],"wp:featuredmedia":[{"embeddable":true,"href":"https:\/\/blog.cancaonova.com\/brasilia\/wp-json\/wp\/v2\/media\/11898"}],"wp:attachment":[{"href":"https:\/\/blog.cancaonova.com\/brasilia\/wp-json\/wp\/v2\/media?parent=11874"}],"wp:term":[{"taxonomy":"category","embeddable":true,"href":"https:\/\/blog.cancaonova.com\/brasilia\/wp-json\/wp\/v2\/categories?post=11874"},{"taxonomy":"post_tag","embeddable":true,"href":"https:\/\/blog.cancaonova.com\/brasilia\/wp-json\/wp\/v2\/tags?post=11874"}],"curies":[{"name":"wp","href":"https:\/\/api.w.org\/{rel}","templated":true}]}}