{"id":11878,"date":"2014-03-29T14:28:12","date_gmt":"2014-03-29T17:28:12","guid":{"rendered":"http:\/\/blog.cancaonova.com\/brasilia\/?p=11878"},"modified":"2014-03-29T14:32:45","modified_gmt":"2014-03-29T17:32:45","slug":"festa-aniversario-da-mary-luce","status":"publish","type":"post","link":"https:\/\/blog.cancaonova.com\/brasilia\/festa-aniversario-da-mary-luce\/","title":{"rendered":"FESTA: Anivers\u00e1rio da Mary Luce"},"content":{"rendered":"<p>Hoje\u00a0<strong>\u00e9 anivers\u00e1rio da <a title=\"Perfil da Mary no FAce\" href=\"https:\/\/www.facebook.com\/maryluce.barbieri\">Mary Luce Barbieri<\/a><\/strong>,\u00a0<em>membro da Comunidade Can\u00e7\u00e3o Nova.<\/em><\/p>\n<p style=\"text-align: center\"><a href=\"http:\/\/blog.cancaonova.com\/brasilia\/files\/2014\/03\/3.jpg\"><img loading=\"lazy\" decoding=\"async\" class=\"aligncenter  wp-image-11881\" alt=\"Mary Luce\" src=\"http:\/\/blog.cancaonova.com\/brasilia\/files\/2014\/03\/3.jpg\" width=\"224\" height=\"346\" srcset=\"https:\/\/blog.cancaonova.com\/brasilia\/files\/2014\/03\/3.jpg 624w, https:\/\/blog.cancaonova.com\/brasilia\/files\/2014\/03\/3-195x300.jpg 195w\" sizes=\"(max-width: 224px) 100vw, 224px\" \/><\/a><\/p>\n<p>Nos alegramos com o Dom de sua vida, e celebramos com voc\u00ea este dia especial. Que<strong>\u00a0a Virgem Maria te fa\u00e7a LUZ no mundo,<\/strong> e que o Bom Deus possa derramar as\u00a0\u00a0gra\u00e7as sobre voc\u00ea.<\/p>\n<p>Que a sua alegria seja sempre o grande sinal de Deus para todos os que est\u00e3o a sua volta&#8230;\u00a0<em><br \/>\n<\/em><\/p>\n<p>Rezamos em especial por voc\u00ea Mary no dia de hoje..<\/p>\n<p>Felicidades, hoje o dia \u00e9 SEU.<\/p>\n<p>&nbsp;<\/p>\n\n\t\t<style type=\"text\/css\">\n\t\t\t#gallery-1 {\n\t\t\t\tmargin: auto;\n\t\t\t}\n\t\t\t#gallery-1 .gallery-item {\n\t\t\t\tfloat: left;\n\t\t\t\tmargin-top: 10px;\n\t\t\t\ttext-align: center;\n\t\t\t\twidth: 25%;\n\t\t\t}\n\t\t\t#gallery-1 img {\n\t\t\t\tborder: 2px solid #cfcfcf;\n\t\t\t}\n\t\t\t#gallery-1 .gallery-caption {\n\t\t\t\tmargin-left: 0;\n\t\t\t}\n\t\t\t\/* see gallery_shortcode() in wp-includes\/media.php *\/\n\t\t<\/style>\n\t\t<div id='gallery-1' class='gallery galleryid-11878 gallery-columns-4 gallery-size-thumbnail'><dl class='gallery-item'>\n\t\t\t<dt class='gallery-icon portrait'>\n\t\t\t\t<a href='https:\/\/blog.cancaonova.com\/brasilia\/festa-aniversario-da-mary-luce\/attachment\/6\/'><img loading=\"lazy\" decoding=\"async\" width=\"290\" height=\"290\" src=\"https:\/\/blog.cancaonova.com\/brasilia\/files\/2014\/03\/6-290x290.jpg\" class=\"attachment-thumbnail size-thumbnail\" alt=\"\" \/><\/a>\n\t\t\t<\/dt><\/dl><dl class='gallery-item'>\n\t\t\t<dt class='gallery-icon portrait'>\n\t\t\t\t<a href='https:\/\/blog.cancaonova.com\/brasilia\/festa-aniversario-da-mary-luce\/4-2\/'><img loading=\"lazy\" decoding=\"async\" width=\"290\" height=\"290\" src=\"https:\/\/blog.cancaonova.com\/brasilia\/files\/2014\/03\/4-290x290.jpg\" class=\"attachment-thumbnail size-thumbnail\" alt=\"\" \/><\/a>\n\t\t\t<\/dt><\/dl><dl class='gallery-item'>\n\t\t\t<dt class='gallery-icon portrait'>\n\t\t\t\t<a href='https:\/\/blog.cancaonova.com\/brasilia\/festa-aniversario-da-mary-luce\/1-3\/'><img loading=\"lazy\" decoding=\"async\" width=\"290\" height=\"290\" src=\"https:\/\/blog.cancaonova.com\/brasilia\/files\/2014\/03\/11-290x290.jpg\" class=\"attachment-thumbnail size-thumbnail\" alt=\"\" \/><\/a>\n\t\t\t<\/dt><\/dl><dl class='gallery-item'>\n\t\t\t<dt class='gallery-icon landscape'>\n\t\t\t\t<a href='https:\/\/blog.cancaonova.com\/brasilia\/festa-aniversario-da-mary-luce\/2-2\/'><img loading=\"lazy\" decoding=\"async\" width=\"290\" height=\"290\" src=\"https:\/\/blog.cancaonova.com\/brasilia\/files\/2014\/03\/2-290x290.jpg\" class=\"attachment-thumbnail size-thumbnail\" alt=\"\" \/><\/a>\n\t\t\t<\/dt><\/dl><br style=\"clear: both\" \/>\n\t\t<\/div>\n\n<p>&nbsp;<\/p>\n<p>Deixe nos coment\u00e1rios sua mensagem para esta grande Mulher de Deus.<\/p>\n","protected":false},"excerpt":{"rendered":"<p>Hoje\u00a0\u00e9 anivers\u00e1rio da Mary Luce Barbieri,\u00a0membro da Comunidade Can\u00e7\u00e3o Nova. Nos alegramos com o Dom de sua vida, e celebramos com voc\u00ea este dia especial. Que\u00a0a Virgem Maria te fa\u00e7a LUZ no mundo, e que o Bom Deus possa derramar&#8230;<\/p>\n","protected":false},"author":1361,"featured_media":0,"comment_status":"open","ping_status":"closed","sticky":false,"template":"","format":"standard","meta":{"_mi_skip_tracking":false,"_monsterinsights_sitenote_active":false,"_monsterinsights_sitenote_note":"","_monsterinsights_sitenote_category":0,"footnotes":""},"categories":[10341],"tags":[],"_links":{"self":[{"href":"https:\/\/blog.cancaonova.com\/brasilia\/wp-json\/wp\/v2\/posts\/11878"}],"collection":[{"href":"https:\/\/blog.cancaonova.com\/brasilia\/wp-json\/wp\/v2\/posts"}],"about":[{"href":"https:\/\/blog.cancaonova.com\/brasilia\/wp-json\/wp\/v2\/types\/post"}],"author":[{"embeddable":true,"href":"https:\/\/blog.cancaonova.com\/brasilia\/wp-json\/wp\/v2\/users\/1361"}],"replies":[{"embeddable":true,"href":"https:\/\/blog.cancaonova.com\/brasilia\/wp-json\/wp\/v2\/comments?post=11878"}],"version-history":[{"count":4,"href":"https:\/\/blog.cancaonova.com\/brasilia\/wp-json\/wp\/v2\/posts\/11878\/revisions"}],"predecessor-version":[{"id":11888,"href":"https:\/\/blog.cancaonova.com\/brasilia\/wp-json\/wp\/v2\/posts\/11878\/revisions\/11888"}],"wp:attachment":[{"href":"https:\/\/blog.cancaonova.com\/brasilia\/wp-json\/wp\/v2\/media?parent=11878"}],"wp:term":[{"taxonomy":"category","embeddable":true,"href":"https:\/\/blog.cancaonova.com\/brasilia\/wp-json\/wp\/v2\/categories?post=11878"},{"taxonomy":"post_tag","embeddable":true,"href":"https:\/\/blog.cancaonova.com\/brasilia\/wp-json\/wp\/v2\/tags?post=11878"}],"curies":[{"name":"wp","href":"https:\/\/api.w.org\/{rel}","templated":true}]}}