{"id":11909,"date":"2014-04-07T10:46:59","date_gmt":"2014-04-07T13:46:59","guid":{"rendered":"http:\/\/blog.cancaonova.com\/brasilia\/?p=11909"},"modified":"2014-04-12T01:54:20","modified_gmt":"2014-04-12T04:54:20","slug":"missa-das-familias","status":"publish","type":"post","link":"https:\/\/blog.cancaonova.com\/brasilia\/missa-das-familias\/","title":{"rendered":"Missa das Fam\u00edlias"},"content":{"rendered":"<h1 style=\"text-align: center\"><span style=\"color: #000000\">\u201cFam\u00edlia, lugar de encontro com Deus.\u201d<\/span><\/h1>\n<p>&nbsp;<\/p>\n<p style=\"text-align: center\"><strong><span style=\"color: #000000\">\u201cA Fam\u00edlia \u00e9 ponto de encontro, uni\u00e3o e seguran\u00e7a, \u00e9 sempre um porto seguro para onde\u00a0<\/span><span style=\"color: #000000\">podemos sempre retornar.<\/span><\/strong><\/p>\n<p style=\"text-align: center\"><strong><span style=\"color: #000000\">Mais ainda pela certeza da presen\u00e7a de Jesus no meio dela.\u00a0<\/span><span style=\"color: #000000\">Em fam\u00edlia somos fortalecidos, capazes de superar as dificuldades e nos firmarmos na\u00a0<\/span><span style=\"color: #000000\">tarefa de construir e viver o Amor. <\/span><\/strong><\/p>\n<p style=\"text-align: center\"><strong><span style=\"color: #000000\">\u00c9 no seio da fam\u00edlia que o ser humano aprende a ser\u00a0<\/span><span style=\"color: #000000\">verdadeiramente humano\u201d. (Papa Bento XVI).<\/span><\/strong><\/p>\n<p style=\"text-align: center\"><a href=\"http:\/\/blog.cancaonova.com\/brasilia\/files\/2014\/04\/1000352_535527839871202_924784949_n.jpg\"><img loading=\"lazy\" decoding=\"async\" class=\"aligncenter size-medium wp-image-11912\" alt=\"Familias Can\u00e7\u00e3o Nova\" src=\"http:\/\/blog.cancaonova.com\/brasilia\/files\/2014\/04\/1000352_535527839871202_924784949_n-300x187.jpg\" width=\"300\" height=\"187\" srcset=\"https:\/\/blog.cancaonova.com\/brasilia\/files\/2014\/04\/1000352_535527839871202_924784949_n-300x187.jpg 300w, https:\/\/blog.cancaonova.com\/brasilia\/files\/2014\/04\/1000352_535527839871202_924784949_n.jpg 800w\" sizes=\"(max-width: 300px) 100vw, 300px\" \/><\/a><\/p>\n<p><span style=\"color: #000000\">Cuidar da fam\u00edlia \u00e9 tarefa de todos e de cada um.\u00a0<\/span><strong><span style=\"color: #000000\">Por isso: venha rezar conosco por sua fam\u00edlia!<\/span><\/strong><\/p>\n<p><span style=\"color: #000000\">Venha clamar as ben\u00e7\u00e3os de Deus, para que\u00a0<\/span><span style=\"color: #000000\">a cura e a liberta\u00e7\u00e3o aconte\u00e7a e para que todas as gra\u00e7as necess\u00e1rias, sejam derramadas.<\/span><\/p>\n<p><span style=\"color: #000000\"><strong>Dia 24 de Abril<\/strong>, na <em><strong>Par\u00f3quia Nossa Senhora Consolata, na 913 Norte,<\/strong><\/em> com a presen\u00e7a do <a title=\"Padre Chrystian\" href=\"http:\/\/www.padrechrystianshankar.com.br\/\" target=\"_blank\">Pe. Crysthian Shankar.<\/a><\/span><\/p>\n<p style=\"text-align: center\"><a href=\"http:\/\/blog.cancaonova.com\/brasilia\/files\/2014\/04\/E-Flyer_Fam\u00edlias.jpg\"><img loading=\"lazy\" decoding=\"async\" class=\"aligncenter size-medium wp-image-11920\" alt=\"E-Flyer_Fam\u00edlias\" src=\"http:\/\/blog.cancaonova.com\/brasilia\/files\/2014\/04\/E-Flyer_Fam\u00edlias-212x300.jpg\" width=\"212\" height=\"300\" srcset=\"https:\/\/blog.cancaonova.com\/brasilia\/files\/2014\/04\/E-Flyer_Fam\u00edlias-212x300.jpg 212w, https:\/\/blog.cancaonova.com\/brasilia\/files\/2014\/04\/E-Flyer_Fam\u00edlias-735x1040.jpg 735w, https:\/\/blog.cancaonova.com\/brasilia\/files\/2014\/04\/E-Flyer_Fam\u00edlias.jpg 780w\" sizes=\"(max-width: 212px) 100vw, 212px\" \/><\/a><\/p>\n<p style=\"text-align: center\"><em><strong>Esperamos por voc\u00ea e sua fam\u00edlia.<\/strong><\/em><\/p>\n<p>&nbsp;<\/p>\n<p>Can\u00e7\u00e3o Nova Bras\u00edlia.<\/p>\n","protected":false},"excerpt":{"rendered":"<p>\u201cFam\u00edlia, lugar de encontro com Deus.\u201d &nbsp; \u201cA Fam\u00edlia \u00e9 ponto de encontro, uni\u00e3o e seguran\u00e7a, \u00e9 sempre um porto seguro para onde\u00a0podemos sempre retornar. Mais ainda pela certeza da presen\u00e7a de Jesus no meio dela.\u00a0Em fam\u00edlia somos fortalecidos, capazes&#8230;<\/p>\n","protected":false},"author":1361,"featured_media":11913,"comment_status":"open","ping_status":"closed","sticky":false,"template":"","format":"standard","meta":{"_mi_skip_tracking":false,"_monsterinsights_sitenote_active":false,"_monsterinsights_sitenote_note":"","_monsterinsights_sitenote_category":0,"footnotes":""},"categories":[10341],"tags":[19296,5011,6,16851,951,168134],"_links":{"self":[{"href":"https:\/\/blog.cancaonova.com\/brasilia\/wp-json\/wp\/v2\/posts\/11909"}],"collection":[{"href":"https:\/\/blog.cancaonova.com\/brasilia\/wp-json\/wp\/v2\/posts"}],"about":[{"href":"https:\/\/blog.cancaonova.com\/brasilia\/wp-json\/wp\/v2\/types\/post"}],"author":[{"embeddable":true,"href":"https:\/\/blog.cancaonova.com\/brasilia\/wp-json\/wp\/v2\/users\/1361"}],"replies":[{"embeddable":true,"href":"https:\/\/blog.cancaonova.com\/brasilia\/wp-json\/wp\/v2\/comments?post=11909"}],"version-history":[{"count":5,"href":"https:\/\/blog.cancaonova.com\/brasilia\/wp-json\/wp\/v2\/posts\/11909\/revisions"}],"predecessor-version":[{"id":11936,"href":"https:\/\/blog.cancaonova.com\/brasilia\/wp-json\/wp\/v2\/posts\/11909\/revisions\/11936"}],"wp:featuredmedia":[{"embeddable":true,"href":"https:\/\/blog.cancaonova.com\/brasilia\/wp-json\/wp\/v2\/media\/11913"}],"wp:attachment":[{"href":"https:\/\/blog.cancaonova.com\/brasilia\/wp-json\/wp\/v2\/media?parent=11909"}],"wp:term":[{"taxonomy":"category","embeddable":true,"href":"https:\/\/blog.cancaonova.com\/brasilia\/wp-json\/wp\/v2\/categories?post=11909"},{"taxonomy":"post_tag","embeddable":true,"href":"https:\/\/blog.cancaonova.com\/brasilia\/wp-json\/wp\/v2\/tags?post=11909"}],"curies":[{"name":"wp","href":"https:\/\/api.w.org\/{rel}","templated":true}]}}