{"id":11922,"date":"2014-04-09T11:00:21","date_gmt":"2014-04-09T14:00:21","guid":{"rendered":"http:\/\/blog.cancaonova.com\/brasilia\/?p=11922"},"modified":"2014-04-09T11:12:31","modified_gmt":"2014-04-09T14:12:31","slug":"festa-aniversario-do-noberto","status":"publish","type":"post","link":"https:\/\/blog.cancaonova.com\/brasilia\/festa-aniversario-do-noberto\/","title":{"rendered":"FESTA: Anivers\u00e1rio do Noberto"},"content":{"rendered":"<h2 style=\"text-align: center\">Feliz Anivers\u00e1rio Noberto!!!<\/h2>\n<div id=\"attachment_11925\" style=\"width: 220px\" class=\"wp-caption aligncenter\"><a href=\"http:\/\/blog.cancaonova.com\/brasilia\/files\/2014\/04\/no3.png\"><img loading=\"lazy\" decoding=\"async\" aria-describedby=\"caption-attachment-11925\" class=\" wp-image-11925\" alt=\"Noberto\" src=\"http:\/\/blog.cancaonova.com\/brasilia\/files\/2014\/04\/no3-300x292.png\" width=\"210\" height=\"204\" srcset=\"https:\/\/blog.cancaonova.com\/brasilia\/files\/2014\/04\/no3-300x292.png 300w, https:\/\/blog.cancaonova.com\/brasilia\/files\/2014\/04\/no3.png 975w\" sizes=\"(max-width: 210px) 100vw, 210px\" \/><\/a><p id=\"caption-attachment-11925\" class=\"wp-caption-text\">Feliz Anivers\u00e1rio Noberto<\/p><\/div>\n<p>Hoje celebramos <strong>com a alegria<\/strong> o anivers\u00e1rio deste soldado de Cristo: <em><strong>Noberto<\/strong><\/em>. Homem de Deus que est\u00e1 doando sua vida para salvar almas. Membro da Comunidade Can\u00e7\u00e3o Nova.<\/p>\n<p><strong>Sua vida \u00e9 um presente<\/strong> para n\u00f3s que te conhecemos Noberto. <em><strong>Nos alegramos hoje com o Dom da sua vida e queremos celebrar o DOM, o presente que \u00e9 ter voc\u00ea em nossa historia&#8230;<\/strong><\/em><\/p>\n<p>&nbsp;<\/p>\n<p>Que sua vida possa ser sempre reflexo da bondade de Cristo, e que a cada dia voc\u00ea se assemelhe a Ele&#8230;<\/p>\n\n\t\t<style type=\"text\/css\">\n\t\t\t#gallery-1 {\n\t\t\t\tmargin: auto;\n\t\t\t}\n\t\t\t#gallery-1 .gallery-item {\n\t\t\t\tfloat: left;\n\t\t\t\tmargin-top: 10px;\n\t\t\t\ttext-align: center;\n\t\t\t\twidth: 33%;\n\t\t\t}\n\t\t\t#gallery-1 img {\n\t\t\t\tborder: 2px solid #cfcfcf;\n\t\t\t}\n\t\t\t#gallery-1 .gallery-caption {\n\t\t\t\tmargin-left: 0;\n\t\t\t}\n\t\t\t\/* see gallery_shortcode() in wp-includes\/media.php *\/\n\t\t<\/style>\n\t\t<div id='gallery-1' class='gallery galleryid-11922 gallery-columns-3 gallery-size-thumbnail'><dl class='gallery-item'>\n\t\t\t<dt class='gallery-icon landscape'>\n\t\t\t\t<a href='https:\/\/blog.cancaonova.com\/brasilia\/festa-aniversario-do-noberto\/no5\/'><img loading=\"lazy\" decoding=\"async\" width=\"290\" height=\"290\" src=\"https:\/\/blog.cancaonova.com\/brasilia\/files\/2014\/04\/no5-290x290.png\" class=\"attachment-thumbnail size-thumbnail\" alt=\"\" \/><\/a>\n\t\t\t<\/dt><\/dl><dl class='gallery-item'>\n\t\t\t<dt class='gallery-icon landscape'>\n\t\t\t\t<a href='https:\/\/blog.cancaonova.com\/brasilia\/festa-aniversario-do-noberto\/no4\/'><img loading=\"lazy\" decoding=\"async\" width=\"290\" height=\"290\" src=\"https:\/\/blog.cancaonova.com\/brasilia\/files\/2014\/04\/no4-290x290.png\" class=\"attachment-thumbnail size-thumbnail\" alt=\"\" \/><\/a>\n\t\t\t<\/dt><\/dl><dl class='gallery-item'>\n\t\t\t<dt class='gallery-icon landscape'>\n\t\t\t\t<a href='https:\/\/blog.cancaonova.com\/brasilia\/festa-aniversario-do-noberto\/no1\/'><img loading=\"lazy\" decoding=\"async\" width=\"290\" height=\"290\" src=\"https:\/\/blog.cancaonova.com\/brasilia\/files\/2014\/04\/no1-290x290.png\" class=\"attachment-thumbnail size-thumbnail\" alt=\"\" \/><\/a>\n\t\t\t<\/dt><\/dl><br style=\"clear: both\" \/>\n\t\t<\/div>\n\n<p style=\"text-align: center\"><span style=\"text-decoration: underline\"><em><strong>Felicidades!!!!<\/strong><\/em><\/span><em><strong><br \/>\n<\/strong><\/em><\/p>\n<p><em><strong>Can\u00e7\u00e3o Nova Bras\u00edlia<\/strong><\/em><\/p>\n","protected":false},"excerpt":{"rendered":"<p>Feliz Anivers\u00e1rio Noberto!!! Hoje celebramos com a alegria o anivers\u00e1rio deste soldado de Cristo: Noberto. Homem de Deus que est\u00e1 doando sua vida para salvar almas. Membro da Comunidade Can\u00e7\u00e3o Nova. Sua vida \u00e9 um presente para n\u00f3s que te&#8230;<\/p>\n","protected":false},"author":1361,"featured_media":11928,"comment_status":"open","ping_status":"closed","sticky":false,"template":"","format":"standard","meta":{"_mi_skip_tracking":false,"_monsterinsights_sitenote_active":false,"_monsterinsights_sitenote_note":"","_monsterinsights_sitenote_category":0,"footnotes":""},"categories":[10341],"tags":[],"_links":{"self":[{"href":"https:\/\/blog.cancaonova.com\/brasilia\/wp-json\/wp\/v2\/posts\/11922"}],"collection":[{"href":"https:\/\/blog.cancaonova.com\/brasilia\/wp-json\/wp\/v2\/posts"}],"about":[{"href":"https:\/\/blog.cancaonova.com\/brasilia\/wp-json\/wp\/v2\/types\/post"}],"author":[{"embeddable":true,"href":"https:\/\/blog.cancaonova.com\/brasilia\/wp-json\/wp\/v2\/users\/1361"}],"replies":[{"embeddable":true,"href":"https:\/\/blog.cancaonova.com\/brasilia\/wp-json\/wp\/v2\/comments?post=11922"}],"version-history":[{"count":4,"href":"https:\/\/blog.cancaonova.com\/brasilia\/wp-json\/wp\/v2\/posts\/11922\/revisions"}],"predecessor-version":[{"id":11932,"href":"https:\/\/blog.cancaonova.com\/brasilia\/wp-json\/wp\/v2\/posts\/11922\/revisions\/11932"}],"wp:featuredmedia":[{"embeddable":true,"href":"https:\/\/blog.cancaonova.com\/brasilia\/wp-json\/wp\/v2\/media\/11928"}],"wp:attachment":[{"href":"https:\/\/blog.cancaonova.com\/brasilia\/wp-json\/wp\/v2\/media?parent=11922"}],"wp:term":[{"taxonomy":"category","embeddable":true,"href":"https:\/\/blog.cancaonova.com\/brasilia\/wp-json\/wp\/v2\/categories?post=11922"},{"taxonomy":"post_tag","embeddable":true,"href":"https:\/\/blog.cancaonova.com\/brasilia\/wp-json\/wp\/v2\/tags?post=11922"}],"curies":[{"name":"wp","href":"https:\/\/api.w.org\/{rel}","templated":true}]}}