{"id":11935,"date":"2014-04-12T01:47:48","date_gmt":"2014-04-12T04:47:48","guid":{"rendered":"http:\/\/blog.cancaonova.com\/brasilia\/?p=11935"},"modified":"2014-04-12T01:51:06","modified_gmt":"2014-04-12T04:51:06","slug":"mudanca-sintonia-da-tv-cancao-nova-brasilia","status":"publish","type":"post","link":"https:\/\/blog.cancaonova.com\/brasilia\/mudanca-sintonia-da-tv-cancao-nova-brasilia\/","title":{"rendered":"Mudan\u00e7a: Sintonia da TV Can\u00e7\u00e3o Nova Bras\u00edlia"},"content":{"rendered":"<h2 style=\"text-align: center\"><strong>Mudan\u00e7a de Sintonia da TV Can\u00e7\u00e3o Nova na NET<\/strong><\/h2>\n<p style=\"text-align: left\"><a href=\"http:\/\/blog.cancaonova.com\/brasilia\/files\/2014\/04\/Numera\u00e7\u00e3o-de-canais-da-NET-\u00e9-alterada-\u2013-Veja-nova-numera\u00e7\u00e3o-de-canais-NET.png\"><img loading=\"lazy\" decoding=\"async\" class=\"aligncenter size-medium wp-image-11939\" alt=\"NET\" src=\"http:\/\/blog.cancaonova.com\/brasilia\/files\/2014\/04\/Numera\u00e7\u00e3o-de-canais-da-NET-\u00e9-alterada-\u2013-Veja-nova-numera\u00e7\u00e3o-de-canais-NET-300x81.png\" width=\"300\" height=\"81\" srcset=\"https:\/\/blog.cancaonova.com\/brasilia\/files\/2014\/04\/Numera\u00e7\u00e3o-de-canais-da-NET-\u00e9-alterada-\u2013-Veja-nova-numera\u00e7\u00e3o-de-canais-NET-300x81.png 300w, https:\/\/blog.cancaonova.com\/brasilia\/files\/2014\/04\/Numera\u00e7\u00e3o-de-canais-da-NET-\u00e9-alterada-\u2013-Veja-nova-numera\u00e7\u00e3o-de-canais-NET.png 771w\" sizes=\"(max-width: 300px) 100vw, 300px\" \/><\/a><\/p>\n<p style=\"text-align: left\">Informamos que a sintonia do canal da Can\u00e7\u00e3o Nova na Net Digital foi alterado do\u00a0<strong>canal 03<\/strong> para o\u00a0<strong>canal 27.\u00a0<\/strong>A partir das <strong>00h00<\/strong> <em><strong>do dia 12 de Abril.<\/strong><\/em><\/p>\n<p style=\"text-align: left\"><em><strong><\/strong><strong>Esta mudan\u00e7a \u00e9 de total responsabilidade da provedora,<\/strong><\/em> e n\u00e3o temos nenhuma participa\u00e7\u00e3o direta na mudan\u00e7a. Mesmo assim <em>pedimos sinceras desculpas por quaisquer dano ou incoveniente<\/em> que possa ser causado com esta mudan\u00e7a.<\/p>\n\n\t\t<style type=\"text\/css\">\n\t\t\t#gallery-1 {\n\t\t\t\tmargin: auto;\n\t\t\t}\n\t\t\t#gallery-1 .gallery-item {\n\t\t\t\tfloat: left;\n\t\t\t\tmargin-top: 10px;\n\t\t\t\ttext-align: center;\n\t\t\t\twidth: 50%;\n\t\t\t}\n\t\t\t#gallery-1 img {\n\t\t\t\tborder: 2px solid #cfcfcf;\n\t\t\t}\n\t\t\t#gallery-1 .gallery-caption {\n\t\t\t\tmargin-left: 0;\n\t\t\t}\n\t\t\t\/* see gallery_shortcode() in wp-includes\/media.php *\/\n\t\t<\/style>\n\t\t<div id='gallery-1' class='gallery galleryid-11935 gallery-columns-2 gallery-size-thumbnail'><dl class='gallery-item'>\n\t\t\t<dt class='gallery-icon landscape'>\n\t\t\t\t<a href='https:\/\/blog.cancaonova.com\/brasilia\/mudanca-sintonia-da-tv-cancao-nova-brasilia\/mudancas\/'><img loading=\"lazy\" decoding=\"async\" width=\"290\" height=\"290\" src=\"https:\/\/blog.cancaonova.com\/brasilia\/files\/2014\/04\/mudan\u00e7as-290x290.jpg\" class=\"attachment-thumbnail size-thumbnail\" alt=\"\" \/><\/a>\n\t\t\t<\/dt><\/dl><dl class='gallery-item'>\n\t\t\t<dt class='gallery-icon landscape'>\n\t\t\t\t<a href='https:\/\/blog.cancaonova.com\/brasilia\/mudanca-sintonia-da-tv-cancao-nova-brasilia\/canal1\/'><img loading=\"lazy\" decoding=\"async\" width=\"290\" height=\"290\" src=\"https:\/\/blog.cancaonova.com\/brasilia\/files\/2014\/04\/canal1-290x290.jpg\" class=\"attachment-thumbnail size-thumbnail\" alt=\"\" \/><\/a>\n\t\t\t<\/dt><\/dl><br style=\"clear: both\" \/>\n\t\t<\/div>\n\n<p style=\"text-align: center\"><em><strong>As outras sintonias, e tamb\u00e9m os canais nas outras operadoras permanecem sem altera\u00e7\u00f5es.<\/strong><\/em><\/p>\n<p style=\"text-align: center\"><strong>Fique Atento<\/strong><\/p>\n<h3 style=\"text-align: center\"><em><strong>Can\u00e7\u00e3o Nova Bras\u00edlia, pela NET no canal 27<\/strong><\/em><\/h3>\n<p style=\"text-align: left\">\n<p style=\"text-align: left\">Obrigado pela compreens\u00e3o. E continuem sintonizados conosco.<\/p>\n<p style=\"text-align: left\">\n<p style=\"text-align: left\">\n<p style=\"text-align: left\">\n<p style=\"text-align: left\"><em><strong>Can\u00e7\u00e3o Nova Bras\u00edlia, no cora\u00e7\u00e3o do Brasil<\/strong><\/em><\/p>\n","protected":false},"excerpt":{"rendered":"<p>Mudan\u00e7a de Sintonia da TV Can\u00e7\u00e3o Nova na NET Informamos que a sintonia do canal da Can\u00e7\u00e3o Nova na Net Digital foi alterado do\u00a0canal 03 para o\u00a0canal 27.\u00a0A partir das 00h00 do dia 12 de Abril. Esta mudan\u00e7a \u00e9 de&#8230;<\/p>\n","protected":false},"author":1361,"featured_media":11938,"comment_status":"open","ping_status":"closed","sticky":false,"template":"","format":"standard","meta":{"_mi_skip_tracking":false,"_monsterinsights_sitenote_active":false,"_monsterinsights_sitenote_note":"","_monsterinsights_sitenote_category":0,"footnotes":""},"categories":[10341],"tags":[],"_links":{"self":[{"href":"https:\/\/blog.cancaonova.com\/brasilia\/wp-json\/wp\/v2\/posts\/11935"}],"collection":[{"href":"https:\/\/blog.cancaonova.com\/brasilia\/wp-json\/wp\/v2\/posts"}],"about":[{"href":"https:\/\/blog.cancaonova.com\/brasilia\/wp-json\/wp\/v2\/types\/post"}],"author":[{"embeddable":true,"href":"https:\/\/blog.cancaonova.com\/brasilia\/wp-json\/wp\/v2\/users\/1361"}],"replies":[{"embeddable":true,"href":"https:\/\/blog.cancaonova.com\/brasilia\/wp-json\/wp\/v2\/comments?post=11935"}],"version-history":[{"count":4,"href":"https:\/\/blog.cancaonova.com\/brasilia\/wp-json\/wp\/v2\/posts\/11935\/revisions"}],"predecessor-version":[{"id":11943,"href":"https:\/\/blog.cancaonova.com\/brasilia\/wp-json\/wp\/v2\/posts\/11935\/revisions\/11943"}],"wp:featuredmedia":[{"embeddable":true,"href":"https:\/\/blog.cancaonova.com\/brasilia\/wp-json\/wp\/v2\/media\/11938"}],"wp:attachment":[{"href":"https:\/\/blog.cancaonova.com\/brasilia\/wp-json\/wp\/v2\/media?parent=11935"}],"wp:term":[{"taxonomy":"category","embeddable":true,"href":"https:\/\/blog.cancaonova.com\/brasilia\/wp-json\/wp\/v2\/categories?post=11935"},{"taxonomy":"post_tag","embeddable":true,"href":"https:\/\/blog.cancaonova.com\/brasilia\/wp-json\/wp\/v2\/tags?post=11935"}],"curies":[{"name":"wp","href":"https:\/\/api.w.org\/{rel}","templated":true}]}}