{"id":11955,"date":"2014-04-14T13:54:23","date_gmt":"2014-04-14T16:54:23","guid":{"rendered":"http:\/\/blog.cancaonova.com\/brasilia\/?p=11955"},"modified":"2014-04-15T16:43:31","modified_gmt":"2014-04-15T19:43:31","slug":"semana-santa-os-ultimos-passos-de-jesus-ll","status":"publish","type":"post","link":"https:\/\/blog.cancaonova.com\/brasilia\/semana-santa-os-ultimos-passos-de-jesus-ll\/","title":{"rendered":"SEMANA SANTA: Os \u00faltimos passos de Jesus ll"},"content":{"rendered":"<h2 id=\"watch-headline-title\" style=\"text-align: center\">Jesus a caminho de Jerusal\u00e9m<\/h2>\n<div id=\"attachment_11956\" style=\"width: 213px\" class=\"wp-caption aligncenter\"><a href=\"http:\/\/blog.cancaonova.com\/brasilia\/files\/2014\/04\/Bethpage-Church89.jpg\"><img loading=\"lazy\" decoding=\"async\" aria-describedby=\"caption-attachment-11956\" class=\" wp-image-11956\" alt=\"Bethpage Church89\" src=\"http:\/\/blog.cancaonova.com\/brasilia\/files\/2014\/04\/Bethpage-Church89-290x290.jpg\" width=\"203\" height=\"203\" \/><\/a><p id=\"caption-attachment-11956\" class=\"wp-caption-text\">\u00edcone de Ramos<br \/>Igreja de Betfag\u00e9<\/p><\/div>\n<p style=\"text-align: center\"><em><strong>Segundo Sao Lucas<\/strong> (Lc 19, 29-39), Jesus chegando em Jerusal\u00e9m\u00a0pelo Monte das Oliveiras, estando entre Betfag\u00e9 e Bet\u00e2nia, envia seus\u00a0discipulos a vila para pegarem um burrinho, para que ele o montasse\u00a0e seguisse para Jerusalem cumprindo o que o profeta disse (Zc 9,9).<\/em><\/p>\n<p style=\"text-align: justify\"><strong>Rompe em Alegria Filha de Si\u00e3o,<\/strong> pois eis que <strong>Teu Rei vem a ti<\/strong>, humilde,\u00a0montando em um jumento.<\/p>\n<p style=\"text-align: justify\">Entrando em Jerusal\u00e9m <em><strong>Jesus foi aclamado\u00a0com Ramos de oliveiras<\/strong><\/em> pela multid\u00e3o, admirada, e em seus l\u00e1bios\u00a0ressoava, <em>Hosana no mais alto dos C\u00e9us<\/em>,<em><strong> Bendito o que vem em nome do\u00a0Senhor, Hosana nas Alturas.<\/strong><\/em><\/p>\n\n\t\t<style type=\"text\/css\">\n\t\t\t#gallery-1 {\n\t\t\t\tmargin: auto;\n\t\t\t}\n\t\t\t#gallery-1 .gallery-item {\n\t\t\t\tfloat: left;\n\t\t\t\tmargin-top: 10px;\n\t\t\t\ttext-align: center;\n\t\t\t\twidth: 33%;\n\t\t\t}\n\t\t\t#gallery-1 img {\n\t\t\t\tborder: 2px solid #cfcfcf;\n\t\t\t}\n\t\t\t#gallery-1 .gallery-caption {\n\t\t\t\tmargin-left: 0;\n\t\t\t}\n\t\t\t\/* see gallery_shortcode() in wp-includes\/media.php *\/\n\t\t<\/style>\n\t\t<div id='gallery-1' class='gallery galleryid-11955 gallery-columns-3 gallery-size-thumbnail'><dl class='gallery-item'>\n\t\t\t<dt class='gallery-icon landscape'>\n\t\t\t\t<a href='https:\/\/blog.cancaonova.com\/brasilia\/semana-santa-os-ultimos-passos-de-jesus-ll\/israel_bethany_lazarus\/'><img loading=\"lazy\" decoding=\"async\" width=\"290\" height=\"290\" src=\"https:\/\/blog.cancaonova.com\/brasilia\/files\/2014\/04\/Israel_Bethany_Lazarus-290x290.jpg\" class=\"attachment-thumbnail size-thumbnail\" alt=\"\" \/><\/a>\n\t\t\t<\/dt><\/dl><dl class='gallery-item'>\n\t\t\t<dt class='gallery-icon landscape'>\n\t\t\t\t<a href='https:\/\/blog.cancaonova.com\/brasilia\/semana-santa-os-ultimos-passos-de-jesus-ll\/bethpage-church89\/'><img loading=\"lazy\" decoding=\"async\" width=\"290\" height=\"290\" src=\"https:\/\/blog.cancaonova.com\/brasilia\/files\/2014\/04\/Bethpage-Church89-290x290.jpg\" class=\"attachment-thumbnail size-thumbnail\" alt=\"\" \/><\/a>\n\t\t\t<\/dt><\/dl><dl class='gallery-item'>\n\t\t\t<dt class='gallery-icon landscape'>\n\t\t\t\t<a href='https:\/\/blog.cancaonova.com\/brasilia\/semana-santa-os-ultimos-passos-de-jesus-ll\/olympus-digital-camera-4\/'><img loading=\"lazy\" decoding=\"async\" width=\"290\" height=\"290\" src=\"https:\/\/blog.cancaonova.com\/brasilia\/files\/2014\/04\/P10133392-290x290.jpg\" class=\"attachment-thumbnail size-thumbnail\" alt=\"\" \/><\/a>\n\t\t\t<\/dt><\/dl><br style=\"clear: both\" \/>\n\t\t<\/div>\n\n<p style=\"text-align: justify\">Vivemos nesta semana o mist\u00e9rio do Cristo que sobe ao Calv\u00e1rio, o Cristo que quer salvar Seu povo dos seus pecados. Subamos com Ele a Jerusal\u00e9m&#8230;<\/p>\n<p style=\"text-align: justify\">Hoje quero levar voc\u00ea a Beth\u00e2nia e Betfag\u00e9, para que com Ele possamos adentrar em Jerusal\u00e9m e l\u00e1 &#8216;morrer&#8217; com Ele para tamb\u00e9m ressuscitarmos com Ele.<\/p>\n<p style=\"text-align: center\"><em>Segundo Programa da S\u00e9rie<\/em><\/p>\n<p style=\"text-align: center\"><iframe loading=\"lazy\" width=\"560\" height=\"315\" src=\"\/\/www.youtube.com\/embed\/kTsVX-MHWUY\" frameborder=\"0\" allowfullscreen><\/iframe><\/p>\n<p style=\"text-align: justify\">Que seja uma semana aben\u00e7oada&#8230;<\/p>\n<p style=\"text-align: justify\"><strong>Can\u00e7\u00e3o Nova Bras\u00edlia<\/strong><\/p>\n<p style=\"text-align: justify\">*********<\/p>\n<p style=\"text-align: justify\">Programa produzido pela TV Can\u00e7\u00e3o Nova da Terra Santa.<\/p>\n<p style=\"text-align: justify\"><span style=\"color: #000000\"><em>Veja <span style=\"color: #800000\"><a title=\"SEMANA SANTA 1\" href=\"http:\/\/blog.cancaonova.com\/brasilia\/?p=11944\" target=\"_blank\"><span style=\"color: #800000\"><strong>aqui<\/strong><\/span><\/a><\/span> o primeiro programa, falando sobre a complexidade e divindade da Cidade Santa, Jerusal\u00e9m<\/em><\/span><\/p>\n","protected":false},"excerpt":{"rendered":"<p>Jesus a caminho de Jerusal\u00e9m Segundo Sao Lucas (Lc 19, 29-39), Jesus chegando em Jerusal\u00e9m\u00a0pelo Monte das Oliveiras, estando entre Betfag\u00e9 e Bet\u00e2nia, envia seus\u00a0discipulos a vila para pegarem um burrinho, para que ele o montasse\u00a0e seguisse para Jerusalem cumprindo&#8230;<\/p>\n","protected":false},"author":1361,"featured_media":11956,"comment_status":"open","ping_status":"closed","sticky":false,"template":"","format":"standard","meta":{"_mi_skip_tracking":false,"_monsterinsights_sitenote_active":false,"_monsterinsights_sitenote_note":"","_monsterinsights_sitenote_category":0,"footnotes":""},"categories":[23],"tags":[168143,5011,168142,8641,221,5041],"_links":{"self":[{"href":"https:\/\/blog.cancaonova.com\/brasilia\/wp-json\/wp\/v2\/posts\/11955"}],"collection":[{"href":"https:\/\/blog.cancaonova.com\/brasilia\/wp-json\/wp\/v2\/posts"}],"about":[{"href":"https:\/\/blog.cancaonova.com\/brasilia\/wp-json\/wp\/v2\/types\/post"}],"author":[{"embeddable":true,"href":"https:\/\/blog.cancaonova.com\/brasilia\/wp-json\/wp\/v2\/users\/1361"}],"replies":[{"embeddable":true,"href":"https:\/\/blog.cancaonova.com\/brasilia\/wp-json\/wp\/v2\/comments?post=11955"}],"version-history":[{"count":5,"href":"https:\/\/blog.cancaonova.com\/brasilia\/wp-json\/wp\/v2\/posts\/11955\/revisions"}],"predecessor-version":[{"id":11963,"href":"https:\/\/blog.cancaonova.com\/brasilia\/wp-json\/wp\/v2\/posts\/11955\/revisions\/11963"}],"wp:featuredmedia":[{"embeddable":true,"href":"https:\/\/blog.cancaonova.com\/brasilia\/wp-json\/wp\/v2\/media\/11956"}],"wp:attachment":[{"href":"https:\/\/blog.cancaonova.com\/brasilia\/wp-json\/wp\/v2\/media?parent=11955"}],"wp:term":[{"taxonomy":"category","embeddable":true,"href":"https:\/\/blog.cancaonova.com\/brasilia\/wp-json\/wp\/v2\/categories?post=11955"},{"taxonomy":"post_tag","embeddable":true,"href":"https:\/\/blog.cancaonova.com\/brasilia\/wp-json\/wp\/v2\/tags?post=11955"}],"curies":[{"name":"wp","href":"https:\/\/api.w.org\/{rel}","templated":true}]}}