{"id":11964,"date":"2014-04-15T16:37:54","date_gmt":"2014-04-15T19:37:54","guid":{"rendered":"http:\/\/blog.cancaonova.com\/brasilia\/?p=11964"},"modified":"2014-04-15T16:37:54","modified_gmt":"2014-04-15T19:37:54","slug":"semana-santa-os-ultimos-passos-de-jesus-iii","status":"publish","type":"post","link":"https:\/\/blog.cancaonova.com\/brasilia\/semana-santa-os-ultimos-passos-de-jesus-iii\/","title":{"rendered":"SEMANA SANTA: Os \u00daltimos passos de Jesus III"},"content":{"rendered":"<h2 style=\"text-align: center\">\u00a0Julgamento e Condena\u00e7\u00e3o<\/h2>\n<div id=\"attachment_11968\" style=\"width: 310px\" class=\"wp-caption aligncenter\"><a href=\"http:\/\/blog.cancaonova.com\/brasilia\/files\/2014\/04\/condenacao-1.png\"><img loading=\"lazy\" decoding=\"async\" aria-describedby=\"caption-attachment-11968\" class=\"size-medium wp-image-11968\" alt=\"Condena\u00e7\u00e3o de Jesus\" src=\"http:\/\/blog.cancaonova.com\/brasilia\/files\/2014\/04\/condenacao-1-300x230.png\" width=\"300\" height=\"230\" srcset=\"https:\/\/blog.cancaonova.com\/brasilia\/files\/2014\/04\/condenacao-1-300x230.png 300w, https:\/\/blog.cancaonova.com\/brasilia\/files\/2014\/04\/condenacao-1.png 837w\" sizes=\"(max-width: 300px) 100vw, 300px\" \/><\/a><p id=\"caption-attachment-11968\" class=\"wp-caption-text\">Condena\u00e7\u00e3o de Jesus<\/p><\/div>\n<p>Dois Santu\u00e1rios Franciscanos fazem mem\u00f3ria ao momento em que Jesus foi preso para ser julgado e condenado. Estamos falando dos Santu\u00e1rios da Flagela\u00e7\u00e3o e da Condena\u00e7\u00e3o de Cristo.<\/p>\n<p>A tradi\u00e7\u00e3o apresenta esse local como parte do que seria no passado a Fortaleza Romana, chamada Ant\u00f4nia, onde no dia em que Jesus foi julgado se encontrava o Proc\u00f4nsul, P\u00f4ncio Pilatos.<\/p>\n<p style=\"text-align: center\"><em><strong>Assista ao terceiro programa da S\u00e9rie.<\/strong><\/em><\/p>\n<p style=\"text-align: center\"><iframe loading=\"lazy\" width=\"560\" height=\"315\" src=\"\/\/www.youtube.com\/embed\/w9i9vFziQw8\" frameborder=\"0\" allowfullscreen><\/iframe><\/p>\n<p style=\"text-align: center\">\n<p>Este programa levar\u00e1 voc\u00ea ao encontro de um Cristo injustamente condenado, e voc\u00ea poder\u00e1 ir de certa forma at\u00e9 o lugar onde tudo aconteceu, conhecer os detalhes e a hist\u00f3ria deste santu\u00e1rio..<\/p>\n<p>&nbsp;<\/p>\n\n\t\t<style type=\"text\/css\">\n\t\t\t#gallery-1 {\n\t\t\t\tmargin: auto;\n\t\t\t}\n\t\t\t#gallery-1 .gallery-item {\n\t\t\t\tfloat: left;\n\t\t\t\tmargin-top: 10px;\n\t\t\t\ttext-align: center;\n\t\t\t\twidth: 33%;\n\t\t\t}\n\t\t\t#gallery-1 img {\n\t\t\t\tborder: 2px solid #cfcfcf;\n\t\t\t}\n\t\t\t#gallery-1 .gallery-caption {\n\t\t\t\tmargin-left: 0;\n\t\t\t}\n\t\t\t\/* see gallery_shortcode() in wp-includes\/media.php *\/\n\t\t<\/style>\n\t\t<div id='gallery-1' class='gallery galleryid-11964 gallery-columns-3 gallery-size-thumbnail'><dl class='gallery-item'>\n\t\t\t<dt class='gallery-icon landscape'>\n\t\t\t\t<a href='https:\/\/blog.cancaonova.com\/brasilia\/semana-santa-os-ultimos-passos-de-jesus-iii\/condenacao-3\/'><img loading=\"lazy\" decoding=\"async\" width=\"290\" height=\"290\" src=\"https:\/\/blog.cancaonova.com\/brasilia\/files\/2014\/04\/condenacao-3-290x290.png\" class=\"attachment-thumbnail size-thumbnail\" alt=\"\" aria-describedby=\"gallery-1-11966\" \/><\/a>\n\t\t\t<\/dt>\n\t\t\t\t<dd class='wp-caption-text gallery-caption' id='gallery-1-11966'>\n\t\t\t\tBom Jesus dos Passos\n\t\t\t\t<\/dd><\/dl><dl class='gallery-item'>\n\t\t\t<dt class='gallery-icon landscape'>\n\t\t\t\t<a href='https:\/\/blog.cancaonova.com\/brasilia\/semana-santa-os-ultimos-passos-de-jesus-iii\/condenacao-2\/'><img loading=\"lazy\" decoding=\"async\" width=\"290\" height=\"290\" src=\"https:\/\/blog.cancaonova.com\/brasilia\/files\/2014\/04\/condenacao-2-290x290.png\" class=\"attachment-thumbnail size-thumbnail\" alt=\"\" \/><\/a>\n\t\t\t<\/dt><\/dl><dl class='gallery-item'>\n\t\t\t<dt class='gallery-icon portrait'>\n\t\t\t\t<a href='https:\/\/blog.cancaonova.com\/brasilia\/semana-santa-os-ultimos-passos-de-jesus-iii\/condenacao\/'><img loading=\"lazy\" decoding=\"async\" width=\"290\" height=\"290\" src=\"https:\/\/blog.cancaonova.com\/brasilia\/files\/2014\/04\/condenacao-290x290.png\" class=\"attachment-thumbnail size-thumbnail\" alt=\"\" \/><\/a>\n\t\t\t<\/dt><\/dl><br style=\"clear: both\" \/>\n\t\t<\/div>\n\n<p><em><strong>Can\u00e7\u00e3o Nova Bras\u00edlia<\/strong><\/em><\/p>\n<p>&nbsp;<\/p>\n<p>****<\/p>\n<p>Programa produzido pela Can\u00e7\u00e3o Nova Terra Santa, veja <span style=\"color: #0000ff\"><a title=\"SEMANA SANTA: Os \u00faltimos passos de Jesus\" href=\"http:\/\/blog.cancaonova.com\/brasilia\/2014\/04\/13\/semana-santa-os-ultimos-passos-de-jesus\/\" target=\"_blank\"><span style=\"color: #0000ff\">AQUI<\/span><\/a><\/span> e tamb\u00e9m <span style=\"color: #0000ff\"><a title=\"SEMANA SANTA: Os \u00faltimos passos de Jesus ll\" href=\"http:\/\/blog.cancaonova.com\/brasilia\/2014\/04\/14\/semana-santa-os-ultimos-passos-de-jesus-ll\/\" target=\"_blank\"><span style=\"color: #0000ff\">NESTE<\/span><\/a><\/span> post os outros programas.<\/p>\n<p>&nbsp;<\/p>\n<p>&nbsp;<\/p>\n<p>&nbsp;<\/p>\n","protected":false},"excerpt":{"rendered":"<p>\u00a0Julgamento e Condena\u00e7\u00e3o Dois Santu\u00e1rios Franciscanos fazem mem\u00f3ria ao momento em que Jesus foi preso para ser julgado e condenado. Estamos falando dos Santu\u00e1rios da Flagela\u00e7\u00e3o e da Condena\u00e7\u00e3o de Cristo. A tradi\u00e7\u00e3o apresenta esse local como parte do que&#8230;<\/p>\n","protected":false},"author":1361,"featured_media":11966,"comment_status":"open","ping_status":"closed","sticky":false,"template":"","format":"standard","meta":{"_mi_skip_tracking":false,"_monsterinsights_sitenote_active":false,"_monsterinsights_sitenote_note":"","_monsterinsights_sitenote_category":0,"footnotes":""},"categories":[10341],"tags":[5011,18067,221,17977,1901,5041],"_links":{"self":[{"href":"https:\/\/blog.cancaonova.com\/brasilia\/wp-json\/wp\/v2\/posts\/11964"}],"collection":[{"href":"https:\/\/blog.cancaonova.com\/brasilia\/wp-json\/wp\/v2\/posts"}],"about":[{"href":"https:\/\/blog.cancaonova.com\/brasilia\/wp-json\/wp\/v2\/types\/post"}],"author":[{"embeddable":true,"href":"https:\/\/blog.cancaonova.com\/brasilia\/wp-json\/wp\/v2\/users\/1361"}],"replies":[{"embeddable":true,"href":"https:\/\/blog.cancaonova.com\/brasilia\/wp-json\/wp\/v2\/comments?post=11964"}],"version-history":[{"count":4,"href":"https:\/\/blog.cancaonova.com\/brasilia\/wp-json\/wp\/v2\/posts\/11964\/revisions"}],"predecessor-version":[{"id":11973,"href":"https:\/\/blog.cancaonova.com\/brasilia\/wp-json\/wp\/v2\/posts\/11964\/revisions\/11973"}],"wp:featuredmedia":[{"embeddable":true,"href":"https:\/\/blog.cancaonova.com\/brasilia\/wp-json\/wp\/v2\/media\/11966"}],"wp:attachment":[{"href":"https:\/\/blog.cancaonova.com\/brasilia\/wp-json\/wp\/v2\/media?parent=11964"}],"wp:term":[{"taxonomy":"category","embeddable":true,"href":"https:\/\/blog.cancaonova.com\/brasilia\/wp-json\/wp\/v2\/categories?post=11964"},{"taxonomy":"post_tag","embeddable":true,"href":"https:\/\/blog.cancaonova.com\/brasilia\/wp-json\/wp\/v2\/tags?post=11964"}],"curies":[{"name":"wp","href":"https:\/\/api.w.org\/{rel}","templated":true}]}}