{"id":11975,"date":"2014-04-16T16:34:29","date_gmt":"2014-04-16T19:34:29","guid":{"rendered":"http:\/\/blog.cancaonova.com\/brasilia\/?p=11975"},"modified":"2014-04-16T16:37:56","modified_gmt":"2014-04-16T19:37:56","slug":"semana-santa-os-ultimos-passos-de-jesus-iv","status":"publish","type":"post","link":"https:\/\/blog.cancaonova.com\/brasilia\/semana-santa-os-ultimos-passos-de-jesus-iv\/","title":{"rendered":"SEMANA SANTA: Os \u00faltimos passos de Jesus IV"},"content":{"rendered":"<h2 style=\"text-align: center\">O Homem do Sud\u00e1rio<\/h2>\n<p style=\"text-align: center\"><a href=\"http:\/\/blog.cancaonova.com\/brasilia\/files\/2014\/04\/Sacra-sindone.jpg\"><img loading=\"lazy\" decoding=\"async\" class=\"aligncenter  wp-image-11976\" alt=\"Sacra-sindone\" src=\"http:\/\/blog.cancaonova.com\/brasilia\/files\/2014\/04\/Sacra-sindone-217x300.jpg\" width=\"152\" height=\"210\" srcset=\"https:\/\/blog.cancaonova.com\/brasilia\/files\/2014\/04\/Sacra-sindone-217x300.jpg 217w, https:\/\/blog.cancaonova.com\/brasilia\/files\/2014\/04\/Sacra-sindone-753x1040.jpg 753w, https:\/\/blog.cancaonova.com\/brasilia\/files\/2014\/04\/Sacra-sindone.jpg 1217w\" sizes=\"(max-width: 152px) 100vw, 152px\" \/><\/a><\/p>\n<p>Desde 2006, o Centro Notre Dame em Jerusal\u00e9m, tem apresentado ao\u00a0povo uma exposi\u00e7\u00e3o permanente do Santo Sud\u00e1rio para ajudar aos peregrinos a ganharem uma compreens\u00e3o profunda dos sofrimentos de Cristo e de sua ressurrei\u00e7\u00e3o, quando visitarem os santu\u00e1rios.<br \/>\nNeste periodo em que percorremos pelos \u00faltimos momentos da Vida de Cristo,\u00a0sua paix\u00e3o, morte e Ressurrei\u00e7\u00e3o, vamos aprofundar muito mais nesta fant\u00e1stica maravilha revelada atrav\u00e9s do Sud\u00e1rio.<\/p>\n\n\t\t<style type=\"text\/css\">\n\t\t\t#gallery-1 {\n\t\t\t\tmargin: auto;\n\t\t\t}\n\t\t\t#gallery-1 .gallery-item {\n\t\t\t\tfloat: left;\n\t\t\t\tmargin-top: 10px;\n\t\t\t\ttext-align: center;\n\t\t\t\twidth: 33%;\n\t\t\t}\n\t\t\t#gallery-1 img {\n\t\t\t\tborder: 2px solid #cfcfcf;\n\t\t\t}\n\t\t\t#gallery-1 .gallery-caption {\n\t\t\t\tmargin-left: 0;\n\t\t\t}\n\t\t\t\/* see gallery_shortcode() in wp-includes\/media.php *\/\n\t\t<\/style>\n\t\t<div id='gallery-1' class='gallery galleryid-11975 gallery-columns-3 gallery-size-thumbnail'><dl class='gallery-item'>\n\t\t\t<dt class='gallery-icon landscape'>\n\t\t\t\t<a href='https:\/\/blog.cancaonova.com\/brasilia\/semana-santa-os-ultimos-passos-de-jesus-iv\/israel\/'><img loading=\"lazy\" decoding=\"async\" width=\"290\" height=\"290\" src=\"https:\/\/blog.cancaonova.com\/brasilia\/files\/2014\/04\/ISRAEL-290x290.png\" class=\"attachment-thumbnail size-thumbnail\" alt=\"\" \/><\/a>\n\t\t\t<\/dt><\/dl><dl class='gallery-item'>\n\t\t\t<dt class='gallery-icon landscape'>\n\t\t\t\t<a href='https:\/\/blog.cancaonova.com\/brasilia\/semana-santa-os-ultimos-passos-de-jesus-iv\/olympus-digital-camera-5\/'><img loading=\"lazy\" decoding=\"async\" width=\"290\" height=\"290\" src=\"https:\/\/blog.cancaonova.com\/brasilia\/files\/2014\/04\/ND-2-290x290.jpg\" class=\"attachment-thumbnail size-thumbnail\" alt=\"\" \/><\/a>\n\t\t\t<\/dt><\/dl><dl class='gallery-item'>\n\t\t\t<dt class='gallery-icon landscape'>\n\t\t\t\t<a href='https:\/\/blog.cancaonova.com\/brasilia\/semana-santa-os-ultimos-passos-de-jesus-iv\/israele-sindone\/'><img loading=\"lazy\" decoding=\"async\" width=\"290\" height=\"290\" src=\"https:\/\/blog.cancaonova.com\/brasilia\/files\/2014\/04\/ISRAELE-Sindone-290x290.jpg\" class=\"attachment-thumbnail size-thumbnail\" alt=\"\" \/><\/a>\n\t\t\t<\/dt><\/dl><br style=\"clear: both\" \/>\n\t\t<\/div>\n\n<p>Em 1997 O Professor de Bot\u00e2nica, da Universidade Hebraica em\u00a0Jerusal\u00e9m, Avinoam Danin, esteve envolvido no estudo do Santo Sud\u00e1rio,\u00a0em uma \u00e1rea de pesquisa muito particular: a da Bot\u00e2nica. Diversos gr\u00e3os\u00a0de p\u00f3len e imagens de v\u00e1rias flores ficaram impressas no tecido do\u00a0Sud\u00e1rio. Desde ent\u00e3o ele se dedica ao estudo e classifica\u00e7\u00e3o das\u00a0mesmas.<\/p>\n<p>Quem \u00e9 o homem do sud\u00e1rio? E como \u00e9 possivel algu\u00e9m ficar t\u00e3o marcado em um peda\u00e7o de pano? Veja este video e entenda um pouco mais, al\u00e9m de se preparar tamb\u00e9m para este grande momento que est\u00e1 para chegar&#8230;.<\/p>\n<p style=\"text-align: center\"><iframe loading=\"lazy\" width=\"560\" height=\"315\" src=\"\/\/www.youtube.com\/embed\/BeUJxkkli4E\" frameborder=\"0\" allowfullscreen><\/iframe><\/p>\n<p>&nbsp;<\/p>\n<p>Que Jesus te ajude a viver bem esta semana.<\/p>\n<p>&nbsp;<\/p>\n<p><strong>Can\u00e7\u00e3o Nova Bras\u00edlia<\/strong><\/p>\n<p>&nbsp;<\/p>\n<p>***<\/p>\n<p>Nos posts anteriores, voc\u00ea poder\u00e1 conferir as outras partes deste pequeno document\u00e1rio sobre santu\u00e1rios relacionados a Paix\u00e3o, Morte e Ressurrei\u00e7\u00e3o de Jesus.<\/p>\n<p>&nbsp;<\/p>\n<p>&nbsp;<\/p>\n","protected":false},"excerpt":{"rendered":"<p>O Homem do Sud\u00e1rio Desde 2006, o Centro Notre Dame em Jerusal\u00e9m, tem apresentado ao\u00a0povo uma exposi\u00e7\u00e3o permanente do Santo Sud\u00e1rio para ajudar aos peregrinos a ganharem uma compreens\u00e3o profunda dos sofrimentos de Cristo e de sua ressurrei\u00e7\u00e3o, quando visitarem&#8230;<\/p>\n","protected":false},"author":1361,"featured_media":11978,"comment_status":"open","ping_status":"closed","sticky":false,"template":"","format":"standard","meta":{"_mi_skip_tracking":false,"_monsterinsights_sitenote_active":false,"_monsterinsights_sitenote_note":"","_monsterinsights_sitenote_category":0,"footnotes":""},"categories":[23],"tags":[18042,177816,8641,221,37029,168146,1901,168145],"_links":{"self":[{"href":"https:\/\/blog.cancaonova.com\/brasilia\/wp-json\/wp\/v2\/posts\/11975"}],"collection":[{"href":"https:\/\/blog.cancaonova.com\/brasilia\/wp-json\/wp\/v2\/posts"}],"about":[{"href":"https:\/\/blog.cancaonova.com\/brasilia\/wp-json\/wp\/v2\/types\/post"}],"author":[{"embeddable":true,"href":"https:\/\/blog.cancaonova.com\/brasilia\/wp-json\/wp\/v2\/users\/1361"}],"replies":[{"embeddable":true,"href":"https:\/\/blog.cancaonova.com\/brasilia\/wp-json\/wp\/v2\/comments?post=11975"}],"version-history":[{"count":2,"href":"https:\/\/blog.cancaonova.com\/brasilia\/wp-json\/wp\/v2\/posts\/11975\/revisions"}],"predecessor-version":[{"id":11981,"href":"https:\/\/blog.cancaonova.com\/brasilia\/wp-json\/wp\/v2\/posts\/11975\/revisions\/11981"}],"wp:featuredmedia":[{"embeddable":true,"href":"https:\/\/blog.cancaonova.com\/brasilia\/wp-json\/wp\/v2\/media\/11978"}],"wp:attachment":[{"href":"https:\/\/blog.cancaonova.com\/brasilia\/wp-json\/wp\/v2\/media?parent=11975"}],"wp:term":[{"taxonomy":"category","embeddable":true,"href":"https:\/\/blog.cancaonova.com\/brasilia\/wp-json\/wp\/v2\/categories?post=11975"},{"taxonomy":"post_tag","embeddable":true,"href":"https:\/\/blog.cancaonova.com\/brasilia\/wp-json\/wp\/v2\/tags?post=11975"}],"curies":[{"name":"wp","href":"https:\/\/api.w.org\/{rel}","templated":true}]}}