{"id":11982,"date":"2014-04-17T09:38:51","date_gmt":"2014-04-17T12:38:51","guid":{"rendered":"http:\/\/blog.cancaonova.com\/brasilia\/?p=11982"},"modified":"2014-04-17T09:54:45","modified_gmt":"2014-04-17T12:54:45","slug":"contagem-regressiva","status":"publish","type":"post","link":"https:\/\/blog.cancaonova.com\/brasilia\/contagem-regressiva\/","title":{"rendered":"Contagem Regressiva"},"content":{"rendered":"<h2 style=\"text-align: center\">Anivers\u00e1rio da Can\u00e7\u00e3o Nova Bras\u00edlia<\/h2>\n<p style=\"text-align: center\">\u00a0<a href=\"http:\/\/blog.cancaonova.com\/brasilia\/files\/2014\/04\/30.png\"><img loading=\"lazy\" decoding=\"async\" class=\"aligncenter  wp-image-11991\" alt=\"Faltam 30 dias\" src=\"http:\/\/blog.cancaonova.com\/brasilia\/files\/2014\/04\/30-300x300.png\" width=\"240\" height=\"240\" srcset=\"https:\/\/blog.cancaonova.com\/brasilia\/files\/2014\/04\/30-300x300.png 300w, https:\/\/blog.cancaonova.com\/brasilia\/files\/2014\/04\/30-290x290.png 290w, https:\/\/blog.cancaonova.com\/brasilia\/files\/2014\/04\/30.png 960w\" sizes=\"(max-width: 240px) 100vw, 240px\" \/><\/a><\/p>\n<p style=\"text-align: center\"><em><strong>O maior evento da miss\u00e3o Can\u00e7\u00e3o Nova de Bras\u00edlia est\u00e1 para chegar. <\/strong><\/em><\/p>\n<p style=\"text-align: center\">Um grande momento para estarmos juntos e rezarmos, agradecendo a Deus por tudo que Ele tem feito em n\u00f3s ao longo deste tempo de Miss\u00e3o.<\/p>\n<p>Hoje come\u00e7amos a contagem regressiva.<\/p>\n<p><strong>Faltam 30 dias ou 720 horas ou 43200 minutos,<\/strong> voc\u00ea conta \u00e0 sua maneira, mas saiba que <strong>quando este &#8220;rel\u00f3gio&#8221; zerar estaremos juntos rezando e louvando a Deus&#8230;.<\/strong><\/p>\n<p style=\"text-align: center\">\u00a0<a href=\"http:\/\/blog.cancaonova.com\/brasilia\/files\/2014\/04\/30-dias.jpg\"><img loading=\"lazy\" decoding=\"async\" class=\"aligncenter  wp-image-11992\" alt=\"30-dias\" src=\"http:\/\/blog.cancaonova.com\/brasilia\/files\/2014\/04\/30-dias-290x290.jpg\" width=\"174\" height=\"174\" \/><\/a><\/p>\n<p style=\"text-align: center\"><em>Participe conosco&#8230; reze conosco&#8230; viva este tempo conosco.<\/em><\/p>\n<p><em><strong>VEM A\u00cd, o anivers\u00e1rio da Miss\u00e3o de Bras\u00edlia.<\/strong><\/em><\/p>\n<p>&nbsp;<\/p>\n<p>#cnbsb13anos<\/p>\n<p style=\"text-align: center\"><em><strong>Informa\u00e7\u00f5es.: 3252-7050 ou pelo email eventosdf@cancaonova.com<\/strong><\/em><\/p>\n<p>&nbsp;<\/p>\n<p>&nbsp;<\/p>\n","protected":false},"excerpt":{"rendered":"<p>Anivers\u00e1rio da Can\u00e7\u00e3o Nova Bras\u00edlia \u00a0 O maior evento da miss\u00e3o Can\u00e7\u00e3o Nova de Bras\u00edlia est\u00e1 para chegar. Um grande momento para estarmos juntos e rezarmos, agradecendo a Deus por tudo que Ele tem feito em n\u00f3s ao longo deste&#8230;<\/p>\n","protected":false},"author":1361,"featured_media":11991,"comment_status":"open","ping_status":"closed","sticky":false,"template":"","format":"standard","meta":{"_mi_skip_tracking":false,"_monsterinsights_sitenote_active":false,"_monsterinsights_sitenote_note":"","_monsterinsights_sitenote_category":0,"footnotes":""},"categories":[10341,20896],"tags":[16504,25677,27150,129703,8841,80,27151],"_links":{"self":[{"href":"https:\/\/blog.cancaonova.com\/brasilia\/wp-json\/wp\/v2\/posts\/11982"}],"collection":[{"href":"https:\/\/blog.cancaonova.com\/brasilia\/wp-json\/wp\/v2\/posts"}],"about":[{"href":"https:\/\/blog.cancaonova.com\/brasilia\/wp-json\/wp\/v2\/types\/post"}],"author":[{"embeddable":true,"href":"https:\/\/blog.cancaonova.com\/brasilia\/wp-json\/wp\/v2\/users\/1361"}],"replies":[{"embeddable":true,"href":"https:\/\/blog.cancaonova.com\/brasilia\/wp-json\/wp\/v2\/comments?post=11982"}],"version-history":[{"count":3,"href":"https:\/\/blog.cancaonova.com\/brasilia\/wp-json\/wp\/v2\/posts\/11982\/revisions"}],"predecessor-version":[{"id":11995,"href":"https:\/\/blog.cancaonova.com\/brasilia\/wp-json\/wp\/v2\/posts\/11982\/revisions\/11995"}],"wp:featuredmedia":[{"embeddable":true,"href":"https:\/\/blog.cancaonova.com\/brasilia\/wp-json\/wp\/v2\/media\/11991"}],"wp:attachment":[{"href":"https:\/\/blog.cancaonova.com\/brasilia\/wp-json\/wp\/v2\/media?parent=11982"}],"wp:term":[{"taxonomy":"category","embeddable":true,"href":"https:\/\/blog.cancaonova.com\/brasilia\/wp-json\/wp\/v2\/categories?post=11982"},{"taxonomy":"post_tag","embeddable":true,"href":"https:\/\/blog.cancaonova.com\/brasilia\/wp-json\/wp\/v2\/tags?post=11982"}],"curies":[{"name":"wp","href":"https:\/\/api.w.org\/{rel}","templated":true}]}}