{"id":11984,"date":"2014-04-18T08:15:56","date_gmt":"2014-04-18T11:15:56","guid":{"rendered":"http:\/\/blog.cancaonova.com\/brasilia\/?p=11984"},"modified":"2014-04-17T14:16:39","modified_gmt":"2014-04-17T17:16:39","slug":"semana-santa-os-ultimos-passos-de-jesus-v","status":"publish","type":"post","link":"https:\/\/blog.cancaonova.com\/brasilia\/semana-santa-os-ultimos-passos-de-jesus-v\/","title":{"rendered":"SEMANA SANTA: Os \u00faltimos passos de Jesus V"},"content":{"rendered":"<h2 style=\"text-align: center\">Hist\u00f3ria da Via-Sacra<\/h2>\n<div id=\"attachment_11998\" style=\"width: 213px\" class=\"wp-caption aligncenter\"><a href=\"http:\/\/blog.cancaonova.com\/brasilia\/files\/2014\/04\/5.png\"><img loading=\"lazy\" decoding=\"async\" aria-describedby=\"caption-attachment-11998\" class=\" wp-image-11998\" alt=\"via sacra\" src=\"http:\/\/blog.cancaonova.com\/brasilia\/files\/2014\/04\/5-290x290.png\" width=\"203\" height=\"203\" \/><\/a><p id=\"caption-attachment-11998\" class=\"wp-caption-text\">Caminho da Via-Sacra em Jerusal\u00e9m<\/p><\/div>\n<p style=\"text-align: center\"><em>Desde de 1300, <strong>os franciscanos da Custodia da Terra Santa<\/strong>, todas\u00a0as sextas a tarde, conduzem uma piedosa prociss\u00e3o, rezando a Via-Sacra, acompanhando<strong> os passos sofridos dados por Jesus a caminho de sua\u00a0execu\u00e7\u00e3o<\/strong> no Calv\u00e1rio.<\/em><\/p>\n<p>&nbsp;<\/p>\n<p>O Itiner\u00e1rio \u00e9 composto de 14 esta\u00e7\u00f5es, sendo que a\u00a0d\u00e9cima ate a d\u00e9cima quarta, ficam dentro da Basilica do Santo Sepulcro.<\/p>\n<p>&nbsp;<\/p>\n<p>Descubra a historia desta precios\u00edssima devo\u00e7\u00e3o. Adentre no mist\u00e9rio do Cristo que sofre.<\/p>\n<p>&nbsp;<\/p>\n<p style=\"text-align: center\"><iframe loading=\"lazy\" width=\"560\" height=\"315\" src=\"\/\/www.youtube.com\/embed\/GxsSQ1wmQWs\" frameborder=\"0\" allowfullscreen><\/iframe><\/p>\n<p style=\"text-align: center\"><strong><em>Conhe\u00e7a no video acima onde Cristo passou seus ultimos momentos, antes de morrer e dar sua vida por n\u00f3s.<\/em><\/strong><\/p>\n<p style=\"text-align: left\">\u00c9 um lindo encontro com\u00a0<em><strong>o Cristo Sofredor<\/strong>, um momento de se aproximar daquele que se doa para nos salvar.<\/em><\/p>\n<p>Que Cristo te ajude a viver bem esta sexta feira, em unidade com Ele que sofre, mas sofre por amor.<\/p>\n\n\t\t<style type=\"text\/css\">\n\t\t\t#gallery-1 {\n\t\t\t\tmargin: auto;\n\t\t\t}\n\t\t\t#gallery-1 .gallery-item {\n\t\t\t\tfloat: left;\n\t\t\t\tmargin-top: 10px;\n\t\t\t\ttext-align: center;\n\t\t\t\twidth: 25%;\n\t\t\t}\n\t\t\t#gallery-1 img {\n\t\t\t\tborder: 2px solid #cfcfcf;\n\t\t\t}\n\t\t\t#gallery-1 .gallery-caption {\n\t\t\t\tmargin-left: 0;\n\t\t\t}\n\t\t\t\/* see gallery_shortcode() in wp-includes\/media.php *\/\n\t\t<\/style>\n\t\t<div id='gallery-1' class='gallery galleryid-11984 gallery-columns-4 gallery-size-thumbnail'><dl class='gallery-item'>\n\t\t\t<dt class='gallery-icon landscape'>\n\t\t\t\t<a href='https:\/\/blog.cancaonova.com\/brasilia\/semana-santa-os-ultimos-passos-de-jesus-v\/attachment\/7\/'><img loading=\"lazy\" decoding=\"async\" width=\"290\" height=\"290\" src=\"https:\/\/blog.cancaonova.com\/brasilia\/files\/2014\/04\/7-290x290.png\" class=\"attachment-thumbnail size-thumbnail\" alt=\"\" \/><\/a>\n\t\t\t<\/dt><\/dl><dl class='gallery-item'>\n\t\t\t<dt class='gallery-icon landscape'>\n\t\t\t\t<a href='https:\/\/blog.cancaonova.com\/brasilia\/semana-santa-os-ultimos-passos-de-jesus-v\/1-4\/'><img loading=\"lazy\" decoding=\"async\" width=\"290\" height=\"290\" src=\"https:\/\/blog.cancaonova.com\/brasilia\/files\/2014\/04\/1-290x290.png\" class=\"attachment-thumbnail size-thumbnail\" alt=\"\" \/><\/a>\n\t\t\t<\/dt><\/dl><dl class='gallery-item'>\n\t\t\t<dt class='gallery-icon portrait'>\n\t\t\t\t<a href='https:\/\/blog.cancaonova.com\/brasilia\/semana-santa-os-ultimos-passos-de-jesus-v\/4-3\/'><img loading=\"lazy\" decoding=\"async\" width=\"290\" height=\"290\" src=\"https:\/\/blog.cancaonova.com\/brasilia\/files\/2014\/04\/4-290x290.png\" class=\"attachment-thumbnail size-thumbnail\" alt=\"\" \/><\/a>\n\t\t\t<\/dt><\/dl><dl class='gallery-item'>\n\t\t\t<dt class='gallery-icon landscape'>\n\t\t\t\t<a href='https:\/\/blog.cancaonova.com\/brasilia\/semana-santa-os-ultimos-passos-de-jesus-v\/6-2\/'><img loading=\"lazy\" decoding=\"async\" width=\"290\" height=\"290\" src=\"https:\/\/blog.cancaonova.com\/brasilia\/files\/2014\/04\/6-290x290.png\" class=\"attachment-thumbnail size-thumbnail\" alt=\"\" \/><\/a>\n\t\t\t<\/dt><\/dl><br style=\"clear: both\" \/>\n\t\t<\/div>\n\n<p style=\"text-align: center\"><em><strong>Can\u00e7\u00e3o Nova Brasilia<\/strong><\/em><\/p>\n<p>******<\/p>\n<p>Nos posts anteriores voc\u00ea encontrar\u00e1 os \u00a0outros \u00a0videos desta s\u00e9rie maravilhosa que fala dos Ultimos passos de Jesus<\/p>\n","protected":false},"excerpt":{"rendered":"<p>Hist\u00f3ria da Via-Sacra Desde de 1300, os franciscanos da Custodia da Terra Santa, todas\u00a0as sextas a tarde, conduzem uma piedosa prociss\u00e3o, rezando a Via-Sacra, acompanhando os passos sofridos dados por Jesus a caminho de sua\u00a0execu\u00e7\u00e3o no Calv\u00e1rio. &nbsp; O Itiner\u00e1rio&#8230;<\/p>\n","protected":false},"author":1361,"featured_media":12001,"comment_status":"open","ping_status":"closed","sticky":false,"template":"","format":"standard","meta":{"_mi_skip_tracking":false,"_monsterinsights_sitenote_active":false,"_monsterinsights_sitenote_note":"","_monsterinsights_sitenote_category":0,"footnotes":""},"categories":[23],"tags":[5011,24556,8641,261,18208],"_links":{"self":[{"href":"https:\/\/blog.cancaonova.com\/brasilia\/wp-json\/wp\/v2\/posts\/11984"}],"collection":[{"href":"https:\/\/blog.cancaonova.com\/brasilia\/wp-json\/wp\/v2\/posts"}],"about":[{"href":"https:\/\/blog.cancaonova.com\/brasilia\/wp-json\/wp\/v2\/types\/post"}],"author":[{"embeddable":true,"href":"https:\/\/blog.cancaonova.com\/brasilia\/wp-json\/wp\/v2\/users\/1361"}],"replies":[{"embeddable":true,"href":"https:\/\/blog.cancaonova.com\/brasilia\/wp-json\/wp\/v2\/comments?post=11984"}],"version-history":[{"count":7,"href":"https:\/\/blog.cancaonova.com\/brasilia\/wp-json\/wp\/v2\/posts\/11984\/revisions"}],"predecessor-version":[{"id":12006,"href":"https:\/\/blog.cancaonova.com\/brasilia\/wp-json\/wp\/v2\/posts\/11984\/revisions\/12006"}],"wp:featuredmedia":[{"embeddable":true,"href":"https:\/\/blog.cancaonova.com\/brasilia\/wp-json\/wp\/v2\/media\/12001"}],"wp:attachment":[{"href":"https:\/\/blog.cancaonova.com\/brasilia\/wp-json\/wp\/v2\/media?parent=11984"}],"wp:term":[{"taxonomy":"category","embeddable":true,"href":"https:\/\/blog.cancaonova.com\/brasilia\/wp-json\/wp\/v2\/categories?post=11984"},{"taxonomy":"post_tag","embeddable":true,"href":"https:\/\/blog.cancaonova.com\/brasilia\/wp-json\/wp\/v2\/tags?post=11984"}],"curies":[{"name":"wp","href":"https:\/\/api.w.org\/{rel}","templated":true}]}}