{"id":11987,"date":"2014-04-17T14:36:17","date_gmt":"2014-04-17T17:36:17","guid":{"rendered":"http:\/\/blog.cancaonova.com\/brasilia\/?p=11987"},"modified":"2014-04-17T14:36:17","modified_gmt":"2014-04-17T17:36:17","slug":"a-paixao-de-cristo-segundo-sao-joao","status":"publish","type":"post","link":"https:\/\/blog.cancaonova.com\/brasilia\/a-paixao-de-cristo-segundo-sao-joao\/","title":{"rendered":"A Paix\u00e3o de Cristo segundo S\u00e3o Jo\u00e3o"},"content":{"rendered":"<h2 style=\"text-align: center\">Ensinamentos da Paix\u00e3o de Cristo<\/h2>\n<p>&nbsp;<\/p>\n<blockquote>\n<p style=\"text-align: center\">&#8220;Quem \u00e9 que voc\u00eas est\u00e3o procurando?&#8221;<\/p>\n<p style=\"text-align: center\">Eles responderam: &#8220;Jesus de Nazar\u00e9.&#8221; Jesus disse: &#8220;Sou eu.&#8221; \u00a0 \u00a0Jo 18,4-5&#8243;<\/p>\n<\/blockquote>\n<div id=\"attachment_12009\" style=\"width: 184px\" class=\"wp-caption aligncenter\"><img loading=\"lazy\" decoding=\"async\" aria-describedby=\"caption-attachment-12009\" class=\" wp-image-12009 \" alt=\"Mosaico Gets\u00eamani\" src=\"http:\/\/blog.cancaonova.com\/brasilia\/files\/2014\/04\/51-290x290.png\" width=\"174\" height=\"174\" \/><p id=\"caption-attachment-12009\" class=\"wp-caption-text\">Mosaico da Igreja no Gets\u00eamani<\/p><\/div>\n<p>&nbsp;<\/p>\n<p>Todos os anos, na sexta feira santa, ouvimos e meditamos o mesmo trecho do Evangelho de S\u00e3o Jo\u00e3o.<\/p>\n<p><em><strong>&#8220;A Paix\u00e3o de Cristo segundo Jo\u00e3o<\/strong><\/em>&#8220;. Ouvimos, nos emocionamos, rezamos&#8230; mas dentro desta maravilhosa narrativa <strong><em>se esconde ensinamentos<\/em><\/strong> que por vezes passam despercebidos, ou que deixamos de lado devido a importancia do dia e da celebra\u00e7\u00e3o.<\/p>\n<p style=\"text-align: center\"><em>A narrativa de Jo\u00e3o \u00e9 cheia de detalhes e ensinamentos importantes. E hoje poderemos entender um pouco mais o que Ele queria nos dizer, o que a Igreja atrav\u00e9s da tradi\u00e7\u00e3o foi colhendo&#8230; quais os mist\u00e9rios e ensinamentos contidos neste lindo trecho do Evangelho.<\/em><\/p>\n<p style=\"text-align: center\">\n<p><em>\n\t\t<style type=\"text\/css\">\n\t\t\t#gallery-1 {\n\t\t\t\tmargin: auto;\n\t\t\t}\n\t\t\t#gallery-1 .gallery-item {\n\t\t\t\tfloat: left;\n\t\t\t\tmargin-top: 10px;\n\t\t\t\ttext-align: center;\n\t\t\t\twidth: 33%;\n\t\t\t}\n\t\t\t#gallery-1 img {\n\t\t\t\tborder: 2px solid #cfcfcf;\n\t\t\t}\n\t\t\t#gallery-1 .gallery-caption {\n\t\t\t\tmargin-left: 0;\n\t\t\t}\n\t\t\t\/* see gallery_shortcode() in wp-includes\/media.php *\/\n\t\t<\/style>\n\t\t<div id='gallery-1' class='gallery galleryid-11987 gallery-columns-3 gallery-size-thumbnail'><dl class='gallery-item'>\n\t\t\t<dt class='gallery-icon landscape'>\n\t\t\t\t<a href='https:\/\/blog.cancaonova.com\/brasilia\/files\/2014\/04\/31.png'><img loading=\"lazy\" decoding=\"async\" width=\"290\" height=\"290\" src=\"https:\/\/blog.cancaonova.com\/brasilia\/files\/2014\/04\/31-290x290.png\" class=\"attachment-thumbnail size-thumbnail\" alt=\"\" \/><\/a>\n\t\t\t<\/dt><\/dl><dl class='gallery-item'>\n\t\t\t<dt class='gallery-icon landscape'>\n\t\t\t\t<a href='https:\/\/blog.cancaonova.com\/brasilia\/files\/2014\/04\/11.png'><img loading=\"lazy\" decoding=\"async\" width=\"290\" height=\"290\" src=\"https:\/\/blog.cancaonova.com\/brasilia\/files\/2014\/04\/11-290x290.png\" class=\"attachment-thumbnail size-thumbnail\" alt=\"\" \/><\/a>\n\t\t\t<\/dt><\/dl><dl class='gallery-item'>\n\t\t\t<dt class='gallery-icon landscape'>\n\t\t\t\t<a href='https:\/\/blog.cancaonova.com\/brasilia\/files\/2014\/04\/1.png'><img loading=\"lazy\" decoding=\"async\" width=\"290\" height=\"290\" src=\"https:\/\/blog.cancaonova.com\/brasilia\/files\/2014\/04\/1-290x290.png\" class=\"attachment-thumbnail size-thumbnail\" alt=\"\" \/><\/a>\n\t\t\t<\/dt><\/dl><br style=\"clear: both\" \/>\n\t\t<\/div>\n<\/p>\n<p><\/em><\/p>\n<p style=\"text-align: justify\"><strong><!--more--><\/strong><\/p>\n<p style=\"text-align: justify\"><strong>O discipulo amado<\/strong> caminhar\u00e1 conosco em quatro epis\u00f3dios que <strong>est\u00e1 dividido em duas partes, <\/strong>pouco mais de 20 minutos, mas que ser\u00e1 de grande valor para sua vida e sua alma.<\/p>\n<p style=\"text-align: justify\">Para que voc\u00ea medite e adentre no mist\u00e9rio da Paix\u00e3o e Morte de Nosso Senhor Jesus Cristo.<\/p>\n<p style=\"text-align: center\"><iframe loading=\"lazy\" width=\"560\" height=\"315\" src=\"\/\/www.youtube.com\/embed\/videoseries?list=PLST0BB86ItharKvaqdyFnGmeW--uUfg8A\" frameborder=\"0\" allowfullscreen><\/iframe><\/p>\n<p style=\"text-align: center\"><strong><em>Esta s\u00e9rie de quatro programas com Padre Manns nos conduzir\u00e1 a um amplo conhecimento dos \u00faltimos dias de Jesus em meio aos homens.<\/em><\/strong><\/p>\n<p style=\"text-align: center\">\n<p>&nbsp;<\/p>\n<p style=\"text-align: justify\">Espero que este document\u00e1rio te ajude a compreender e adentrar no mist\u00e9rio da Salva\u00e7\u00e3o que chega at\u00e9 n\u00f3s atrav\u00e9s da cruz de Cristo.<\/p>\n\n\t\t<style type=\"text\/css\">\n\t\t\t#gallery-2 {\n\t\t\t\tmargin: auto;\n\t\t\t}\n\t\t\t#gallery-2 .gallery-item {\n\t\t\t\tfloat: left;\n\t\t\t\tmargin-top: 10px;\n\t\t\t\ttext-align: center;\n\t\t\t\twidth: 25%;\n\t\t\t}\n\t\t\t#gallery-2 img {\n\t\t\t\tborder: 2px solid #cfcfcf;\n\t\t\t}\n\t\t\t#gallery-2 .gallery-caption {\n\t\t\t\tmargin-left: 0;\n\t\t\t}\n\t\t\t\/* see gallery_shortcode() in wp-includes\/media.php *\/\n\t\t<\/style>\n\t\t<div id='gallery-2' class='gallery galleryid-11987 gallery-columns-4 gallery-size-thumbnail'><dl class='gallery-item'>\n\t\t\t<dt class='gallery-icon landscape'>\n\t\t\t\t<a href='https:\/\/blog.cancaonova.com\/brasilia\/semana-santa-os-ultimos-passos-de-jesus-v\/attachment\/7\/'><img loading=\"lazy\" decoding=\"async\" width=\"290\" height=\"290\" src=\"https:\/\/blog.cancaonova.com\/brasilia\/files\/2014\/04\/7-290x290.png\" class=\"attachment-thumbnail size-thumbnail\" alt=\"\" \/><\/a>\n\t\t\t<\/dt><\/dl><dl class='gallery-item'>\n\t\t\t<dt class='gallery-icon portrait'>\n\t\t\t\t<a href='https:\/\/blog.cancaonova.com\/brasilia\/a-paixao-de-cristo-segundo-sao-joao\/2-4\/'><img loading=\"lazy\" decoding=\"async\" width=\"290\" height=\"290\" src=\"https:\/\/blog.cancaonova.com\/brasilia\/files\/2014\/04\/21-290x290.png\" class=\"attachment-thumbnail size-thumbnail\" alt=\"\" \/><\/a>\n\t\t\t<\/dt><\/dl><dl class='gallery-item'>\n\t\t\t<dt class='gallery-icon landscape'>\n\t\t\t\t<a href='https:\/\/blog.cancaonova.com\/brasilia\/a-paixao-de-cristo-segundo-sao-joao\/1-5\/'><img loading=\"lazy\" decoding=\"async\" width=\"290\" height=\"290\" src=\"https:\/\/blog.cancaonova.com\/brasilia\/files\/2014\/04\/11-290x290.png\" class=\"attachment-thumbnail size-thumbnail\" alt=\"\" \/><\/a>\n\t\t\t<\/dt><\/dl><dl class='gallery-item'>\n\t\t\t<dt class='gallery-icon landscape'>\n\t\t\t\t<a href='https:\/\/blog.cancaonova.com\/brasilia\/a-paixao-de-cristo-segundo-sao-joao\/4-4\/'><img loading=\"lazy\" decoding=\"async\" width=\"290\" height=\"290\" src=\"https:\/\/blog.cancaonova.com\/brasilia\/files\/2014\/04\/41-290x290.png\" class=\"attachment-thumbnail size-thumbnail\" alt=\"\" \/><\/a>\n\t\t\t<\/dt><\/dl><br style=\"clear: both\" \/>\n\t\t<\/div>\n\n<h5><strong>Can\u00e7\u00e3o Nova Bras\u00edlia<\/strong><\/h5>\n<p>&nbsp;<\/p>\n<p>*****<\/p>\n<p>O Document\u00e1rio estar\u00e1 divido em duas partes, voc\u00ea encontra a segunda parte AQUI.<\/p>\n<p>Video-Document\u00e1rio produzido pela <span style=\"color: #800000\"><strong><a title=\"blog da Terra Santa\" href=\"http:\/\/blog.cancaonova.com\/terrasanta\/\" target=\"_blank\"><span style=\"color: #800000\">Can\u00e7\u00e3o Nova Terra Santa<\/span><\/a><\/strong><\/span><\/p>\n","protected":false},"excerpt":{"rendered":"<p>Ensinamentos da Paix\u00e3o de Cristo &nbsp; &#8220;Quem \u00e9 que voc\u00eas est\u00e3o procurando?&#8221; Eles responderam: &#8220;Jesus de Nazar\u00e9.&#8221; Jesus disse: &#8220;Sou eu.&#8221; \u00a0 \u00a0Jo 18,4-5&#8243; &nbsp; Todos os anos, na sexta feira santa, ouvimos e meditamos o mesmo trecho do Evangelho&#8230;<\/p>\n","protected":false},"author":1361,"featured_media":12011,"comment_status":"open","ping_status":"closed","sticky":false,"template":"","format":"standard","meta":{"_mi_skip_tracking":false,"_monsterinsights_sitenote_active":false,"_monsterinsights_sitenote_note":"","_monsterinsights_sitenote_category":0,"footnotes":""},"categories":[10341],"tags":[168153,6291,6851,168155,221,16276,19194,5041],"_links":{"self":[{"href":"https:\/\/blog.cancaonova.com\/brasilia\/wp-json\/wp\/v2\/posts\/11987"}],"collection":[{"href":"https:\/\/blog.cancaonova.com\/brasilia\/wp-json\/wp\/v2\/posts"}],"about":[{"href":"https:\/\/blog.cancaonova.com\/brasilia\/wp-json\/wp\/v2\/types\/post"}],"author":[{"embeddable":true,"href":"https:\/\/blog.cancaonova.com\/brasilia\/wp-json\/wp\/v2\/users\/1361"}],"replies":[{"embeddable":true,"href":"https:\/\/blog.cancaonova.com\/brasilia\/wp-json\/wp\/v2\/comments?post=11987"}],"version-history":[{"count":10,"href":"https:\/\/blog.cancaonova.com\/brasilia\/wp-json\/wp\/v2\/posts\/11987\/revisions"}],"predecessor-version":[{"id":12020,"href":"https:\/\/blog.cancaonova.com\/brasilia\/wp-json\/wp\/v2\/posts\/11987\/revisions\/12020"}],"wp:featuredmedia":[{"embeddable":true,"href":"https:\/\/blog.cancaonova.com\/brasilia\/wp-json\/wp\/v2\/media\/12011"}],"wp:attachment":[{"href":"https:\/\/blog.cancaonova.com\/brasilia\/wp-json\/wp\/v2\/media?parent=11987"}],"wp:term":[{"taxonomy":"category","embeddable":true,"href":"https:\/\/blog.cancaonova.com\/brasilia\/wp-json\/wp\/v2\/categories?post=11987"},{"taxonomy":"post_tag","embeddable":true,"href":"https:\/\/blog.cancaonova.com\/brasilia\/wp-json\/wp\/v2\/tags?post=11987"}],"curies":[{"name":"wp","href":"https:\/\/api.w.org\/{rel}","templated":true}]}}