{"id":12021,"date":"2014-04-19T22:00:03","date_gmt":"2014-04-20T01:00:03","guid":{"rendered":"http:\/\/blog.cancaonova.com\/brasilia\/?p=12021"},"modified":"2014-04-17T15:50:18","modified_gmt":"2014-04-17T18:50:18","slug":"semana-santa-os-ultimos-passos-de-jesus-vi","status":"publish","type":"post","link":"https:\/\/blog.cancaonova.com\/brasilia\/semana-santa-os-ultimos-passos-de-jesus-vi\/","title":{"rendered":"SEMANA SANTA: Os \u00faltimos passos de Jesus VI"},"content":{"rendered":"<h1 style=\"text-align: center\">Ele Ressuscitou!!! Aleluia<\/h1>\n<p>&nbsp;<\/p>\n<blockquote>\n<p style=\"text-align: center\"><strong><em>&#8220;Por que voc\u00eas est\u00e3o procurando entre os mortos aquele que est\u00e1 vivo?\u00a0Ele n\u00e3o est\u00e1 aqui! Ressuscitou! &#8220;<\/em><\/strong><\/p>\n<\/blockquote>\n<div id=\"attachment_12025\" style=\"width: 242px\" class=\"wp-caption aligncenter\"><a href=\"http:\/\/blog.cancaonova.com\/brasilia\/files\/2014\/04\/12.png\"><img loading=\"lazy\" decoding=\"async\" aria-describedby=\"caption-attachment-12025\" class=\" wp-image-12025 \" alt=\"C\u00fapula do Santo Sepulcro\" src=\"http:\/\/blog.cancaonova.com\/brasilia\/files\/2014\/04\/12-290x290.png\" width=\"232\" height=\"232\" \/><\/a><p id=\"caption-attachment-12025\" class=\"wp-caption-text\">C\u00fapula do Santo Sepulcro<\/p><\/div>\n<p>&nbsp;<\/p>\n<p style=\"text-align: justify\">Enfim chegamos ao \u00e1pice de nossa semana. Cristo Ressuscitou. Uma verdade que precisamos proclamar com toda a for\u00e7a do nosso cora\u00e7\u00e3o.<\/p>\n<p style=\"text-align: justify\">Hoje quero te levar para dentro do Santo Sepulcro, onde Jesus passou pouco mais do que 2 noites, um lugar que ainda hoje carrega consigo misticismo e santidade. Um lugar de f\u00e9 e de certeza. Pois aqui podemos ver e tocar na RESSURREI\u00c7\u00c3O de Cristo.<\/p>\n\n\t\t<style type=\"text\/css\">\n\t\t\t#gallery-1 {\n\t\t\t\tmargin: auto;\n\t\t\t}\n\t\t\t#gallery-1 .gallery-item {\n\t\t\t\tfloat: left;\n\t\t\t\tmargin-top: 10px;\n\t\t\t\ttext-align: center;\n\t\t\t\twidth: 25%;\n\t\t\t}\n\t\t\t#gallery-1 img {\n\t\t\t\tborder: 2px solid #cfcfcf;\n\t\t\t}\n\t\t\t#gallery-1 .gallery-caption {\n\t\t\t\tmargin-left: 0;\n\t\t\t}\n\t\t\t\/* see gallery_shortcode() in wp-includes\/media.php *\/\n\t\t<\/style>\n\t\t<div id='gallery-1' class='gallery galleryid-12021 gallery-columns-4 gallery-size-thumbnail'><dl class='gallery-item'>\n\t\t\t<dt class='gallery-icon landscape'>\n\t\t\t\t<a href='https:\/\/blog.cancaonova.com\/brasilia\/semana-santa-os-ultimos-passos-de-jesus-vi\/4-5\/'><img loading=\"lazy\" decoding=\"async\" width=\"290\" height=\"290\" src=\"https:\/\/blog.cancaonova.com\/brasilia\/files\/2014\/04\/42-290x290.png\" class=\"attachment-thumbnail size-thumbnail\" alt=\"\" \/><\/a>\n\t\t\t<\/dt><\/dl><dl class='gallery-item'>\n\t\t\t<dt class='gallery-icon landscape'>\n\t\t\t\t<a href='https:\/\/blog.cancaonova.com\/brasilia\/semana-santa-os-ultimos-passos-de-jesus-vi\/3-5\/'><img loading=\"lazy\" decoding=\"async\" width=\"290\" height=\"290\" src=\"https:\/\/blog.cancaonova.com\/brasilia\/files\/2014\/04\/32-290x290.png\" class=\"attachment-thumbnail size-thumbnail\" alt=\"\" \/><\/a>\n\t\t\t<\/dt><\/dl><dl class='gallery-item'>\n\t\t\t<dt class='gallery-icon landscape'>\n\t\t\t\t<a href='https:\/\/blog.cancaonova.com\/brasilia\/semana-santa-os-ultimos-passos-de-jesus-vi\/5-4\/'><img loading=\"lazy\" decoding=\"async\" width=\"290\" height=\"290\" src=\"https:\/\/blog.cancaonova.com\/brasilia\/files\/2014\/04\/52-290x290.png\" class=\"attachment-thumbnail size-thumbnail\" alt=\"\" \/><\/a>\n\t\t\t<\/dt><\/dl><dl class='gallery-item'>\n\t\t\t<dt class='gallery-icon landscape'>\n\t\t\t\t<a href='https:\/\/blog.cancaonova.com\/brasilia\/semana-santa-os-ultimos-passos-de-jesus-vi\/2-5\/'><img loading=\"lazy\" decoding=\"async\" width=\"290\" height=\"290\" src=\"https:\/\/blog.cancaonova.com\/brasilia\/files\/2014\/04\/22-290x290.png\" class=\"attachment-thumbnail size-thumbnail\" alt=\"\" \/><\/a>\n\t\t\t<\/dt><\/dl><br style=\"clear: both\" \/>\n\t\t<\/div>\n\n<p style=\"text-align: center\"><strong><!--more--><\/strong><\/p>\n<p style=\"text-align: center\"><strong>Assista e conhe\u00e7a este Santu\u00e1rio.<\/strong> Contemple os mist\u00e9rios e detalhes desta bas\u00edlica que est\u00e1 <em>localizada no Cora\u00e7\u00e3o da Cidade Velha, em meio a agita\u00e7\u00e3o do Mercado \u00e1rabe,<\/em> para onde\u00a0milhares de peregrinos convergem, <strong>local onde se dirigiu tamb\u00e9m Jesus, o Messias.<\/strong><\/p>\n<p style=\"text-align: center\"><iframe loading=\"lazy\" width=\"560\" height=\"315\" src=\"\/\/www.youtube.com\/embed\/-Z4pFxSXf-c\" frameborder=\"0\" allowfullscreen><\/iframe><\/p>\n<p style=\"text-align: center\"><strong>FELIZ P\u00c1SCOA<\/strong><\/p>\n<p style=\"text-align: center\"><em>Que a for\u00e7a da Ressurrei\u00e7\u00e3o de Cristo te alcance neste dia de alegria e te fa\u00e7a forte e fiel&#8230; \u00c9 um tempo de alegria&#8230;.<\/em><\/p>\n<p>&nbsp;<\/p>\n<p style=\"text-align: center\"><em><strong>Uma feliz p\u00e1scoa para voc\u00ea e toda a sua familia.<\/strong><\/em><\/p>\n<p style=\"text-align: justify\"><a href=\"http:\/\/blog.cancaonova.com\/brasilia\/files\/2014\/04\/ok.png\"><img loading=\"lazy\" decoding=\"async\" class=\"aligncenter size-medium wp-image-12022\" alt=\"Feliz Pascoa\" src=\"http:\/\/blog.cancaonova.com\/brasilia\/files\/2014\/04\/ok-287x300.png\" width=\"287\" height=\"300\" srcset=\"https:\/\/blog.cancaonova.com\/brasilia\/files\/2014\/04\/ok-287x300.png 287w, https:\/\/blog.cancaonova.com\/brasilia\/files\/2014\/04\/ok.png 900w\" sizes=\"(max-width: 287px) 100vw, 287px\" \/><\/a><\/p>\n<p style=\"text-align: center\"><em><strong>Can\u00e7\u00e3o Nova Bras\u00edlia<\/strong><\/em><\/p>\n<p style=\"text-align: justify\">*****<\/p>\n<p style=\"text-align: justify\">Nos artigos anteriores voc\u00ea encontra mais sobre a Terra Santa e sobre os locais onde o Senhor passou seus \u00faltimos momentos.<\/p>\n","protected":false},"excerpt":{"rendered":"<p>Ele Ressuscitou!!! Aleluia &nbsp; &#8220;Por que voc\u00eas est\u00e3o procurando entre os mortos aquele que est\u00e1 vivo?\u00a0Ele n\u00e3o est\u00e1 aqui! Ressuscitou! &#8220; &nbsp; Enfim chegamos ao \u00e1pice de nossa semana. Cristo Ressuscitou. Uma verdade que precisamos proclamar com toda a for\u00e7a&#8230;<\/p>\n","protected":false},"author":1361,"featured_media":12024,"comment_status":"open","ping_status":"closed","sticky":false,"template":"","format":"standard","meta":{"_mi_skip_tracking":false,"_monsterinsights_sitenote_active":false,"_monsterinsights_sitenote_note":"","_monsterinsights_sitenote_category":0,"footnotes":""},"categories":[10341],"tags":[8911,17377,11671,11721,18449,5041,6861],"_links":{"self":[{"href":"https:\/\/blog.cancaonova.com\/brasilia\/wp-json\/wp\/v2\/posts\/12021"}],"collection":[{"href":"https:\/\/blog.cancaonova.com\/brasilia\/wp-json\/wp\/v2\/posts"}],"about":[{"href":"https:\/\/blog.cancaonova.com\/brasilia\/wp-json\/wp\/v2\/types\/post"}],"author":[{"embeddable":true,"href":"https:\/\/blog.cancaonova.com\/brasilia\/wp-json\/wp\/v2\/users\/1361"}],"replies":[{"embeddable":true,"href":"https:\/\/blog.cancaonova.com\/brasilia\/wp-json\/wp\/v2\/comments?post=12021"}],"version-history":[{"count":8,"href":"https:\/\/blog.cancaonova.com\/brasilia\/wp-json\/wp\/v2\/posts\/12021\/revisions"}],"predecessor-version":[{"id":12108,"href":"https:\/\/blog.cancaonova.com\/brasilia\/wp-json\/wp\/v2\/posts\/12021\/revisions\/12108"}],"wp:featuredmedia":[{"embeddable":true,"href":"https:\/\/blog.cancaonova.com\/brasilia\/wp-json\/wp\/v2\/media\/12024"}],"wp:attachment":[{"href":"https:\/\/blog.cancaonova.com\/brasilia\/wp-json\/wp\/v2\/media?parent=12021"}],"wp:term":[{"taxonomy":"category","embeddable":true,"href":"https:\/\/blog.cancaonova.com\/brasilia\/wp-json\/wp\/v2\/categories?post=12021"},{"taxonomy":"post_tag","embeddable":true,"href":"https:\/\/blog.cancaonova.com\/brasilia\/wp-json\/wp\/v2\/tags?post=12021"}],"curies":[{"name":"wp","href":"https:\/\/api.w.org\/{rel}","templated":true}]}}