{"id":12036,"date":"2014-04-18T09:00:58","date_gmt":"2014-04-18T12:00:58","guid":{"rendered":"http:\/\/blog.cancaonova.com\/brasilia\/?p=12036"},"modified":"2014-04-17T16:02:11","modified_gmt":"2014-04-17T19:02:11","slug":"a-paixao-de-cristo-segundo-sao-joao-segunda-parte","status":"publish","type":"post","link":"https:\/\/blog.cancaonova.com\/brasilia\/a-paixao-de-cristo-segundo-sao-joao-segunda-parte\/","title":{"rendered":"A Paix\u00e3o de Cristo segundo S\u00e3o Jo\u00e3o, Segunda Parte"},"content":{"rendered":"<h2 style=\"text-align: center\">Ensinamentos da Paix\u00e3o de Cristo<\/h2>\n<blockquote>\n<p style=\"text-align: center\">&#8220;Ele tomou o vinagre e disse: &#8220;Tudo est\u00e1 realizado.&#8221; E, inclinando a cabe\u00e7a, entregou o esp\u00edrito.&#8221; Jo 19,30<\/p>\n<\/blockquote>\n<p>&nbsp;<\/p>\n<div id=\"attachment_12002\" style=\"width: 213px\" class=\"wp-caption aligncenter\"><a href=\"http:\/\/blog.cancaonova.com\/brasilia\/files\/2014\/04\/1.png\"><img loading=\"lazy\" decoding=\"async\" aria-describedby=\"caption-attachment-12002\" class=\" wp-image-12002\" alt=\"IV esta\u00e7\u00e3o\" src=\"http:\/\/blog.cancaonova.com\/brasilia\/files\/2014\/04\/1-290x290.png\" width=\"203\" height=\"203\" \/><\/a><p id=\"caption-attachment-12002\" class=\"wp-caption-text\">Jesus carrega a Cruz e \u00e9 acompanhado pelos anjos<\/p><\/div>\n<p>&nbsp;<\/p>\n<p>Todos os anos, na sexta feira santa, ouvimos e meditamos o mesmo trecho do Evangelho de S\u00e3o Jo\u00e3o.<\/p>\n<p><em><strong>\u201cA Paix\u00e3o de Cristo segundo Jo\u00e3o<\/strong><\/em>\u201c. Ouvimos, nos emocionamos, rezamos\u2026 mas dentro desta maravilhosa narrativa\u00a0<strong><em>se esconde ensinamentos<\/em><\/strong>\u00a0que por vezes passam despercebidos, ou que deixamos de lado devido a importancia do dia e da celebra\u00e7\u00e3o.<\/p>\n\n\t\t<style type=\"text\/css\">\n\t\t\t#gallery-1 {\n\t\t\t\tmargin: auto;\n\t\t\t}\n\t\t\t#gallery-1 .gallery-item {\n\t\t\t\tfloat: left;\n\t\t\t\tmargin-top: 10px;\n\t\t\t\ttext-align: center;\n\t\t\t\twidth: 33%;\n\t\t\t}\n\t\t\t#gallery-1 img {\n\t\t\t\tborder: 2px solid #cfcfcf;\n\t\t\t}\n\t\t\t#gallery-1 .gallery-caption {\n\t\t\t\tmargin-left: 0;\n\t\t\t}\n\t\t\t\/* see gallery_shortcode() in wp-includes\/media.php *\/\n\t\t<\/style>\n\t\t<div id='gallery-1' class='gallery galleryid-12036 gallery-columns-3 gallery-size-thumbnail'><dl class='gallery-item'>\n\t\t\t<dt class='gallery-icon portrait'>\n\t\t\t\t<a href='https:\/\/blog.cancaonova.com\/brasilia\/a-paixao-de-cristo-segundo-sao-joao\/2-4\/'><img loading=\"lazy\" decoding=\"async\" width=\"290\" height=\"290\" src=\"https:\/\/blog.cancaonova.com\/brasilia\/files\/2014\/04\/21-290x290.png\" class=\"attachment-thumbnail size-thumbnail\" alt=\"\" \/><\/a>\n\t\t\t<\/dt><\/dl><dl class='gallery-item'>\n\t\t\t<dt class='gallery-icon landscape'>\n\t\t\t\t<a href='https:\/\/blog.cancaonova.com\/brasilia\/a-paixao-de-cristo-segundo-sao-joao\/4-4\/'><img loading=\"lazy\" decoding=\"async\" width=\"290\" height=\"290\" src=\"https:\/\/blog.cancaonova.com\/brasilia\/files\/2014\/04\/41-290x290.png\" class=\"attachment-thumbnail size-thumbnail\" alt=\"\" \/><\/a>\n\t\t\t<\/dt><\/dl><dl class='gallery-item'>\n\t\t\t<dt class='gallery-icon portrait'>\n\t\t\t\t<a href='https:\/\/blog.cancaonova.com\/brasilia\/a-paixao-de-cristo-segundo-sao-joao\/5-3\/'><img loading=\"lazy\" decoding=\"async\" width=\"290\" height=\"290\" src=\"https:\/\/blog.cancaonova.com\/brasilia\/files\/2014\/04\/51-290x290.png\" class=\"attachment-thumbnail size-thumbnail\" alt=\"\" \/><\/a>\n\t\t\t<\/dt><\/dl><br style=\"clear: both\" \/>\n\t\t<\/div>\n\n<p style=\"text-align: center\"><em>A narrativa de Jo\u00e3o \u00e9 cheia de detalhes e ensinamentos importantes. E hoje poderemos entender um pouco mais o que Ele queria nos dizer, o que a Igreja atrav\u00e9s da tradi\u00e7\u00e3o foi colhendo\u2026 quais os mist\u00e9rios e ensinamentos contidos neste lindo trecho do Evangelho.<\/em><\/p>\n<p><!--more--><\/p>\n<p style=\"text-align: justify\"><a title=\"A Paix\u00e3o de Cristo segundo S\u00e3o Jo\u00e3o\" href=\"http:\/\/blog.cancaonova.com\/brasilia\/?p=11987\" target=\"_blank\"><em><strong>Dividido em duas partes<\/strong><\/em><\/a>, hoje trago a segunda parte para que voc\u00ea possa entender ainda mais os \u00faltimos momentos de Cristo.<\/p>\n<p style=\"text-align: center\"><iframe loading=\"lazy\" width=\"560\" height=\"315\" src=\"\/\/www.youtube.com\/embed\/videoseries?list=PLST0BB86IthZ40ltdwXK31SX3_rMTRRcW\" frameborder=\"0\" allowfullscreen><\/iframe><\/p>\n<p>&nbsp;<\/p>\n<p>&nbsp;<\/p>\n<p><strong><em>Esta s\u00e9rie de quatro programas com Padre Manns nos conduzir\u00e1 a um amplo conhecimento dos \u00faltimos dias de Jesus em meio aos homens.<\/em><\/strong><\/p>\n\n\t\t<style type=\"text\/css\">\n\t\t\t#gallery-2 {\n\t\t\t\tmargin: auto;\n\t\t\t}\n\t\t\t#gallery-2 .gallery-item {\n\t\t\t\tfloat: left;\n\t\t\t\tmargin-top: 10px;\n\t\t\t\ttext-align: center;\n\t\t\t\twidth: 25%;\n\t\t\t}\n\t\t\t#gallery-2 img {\n\t\t\t\tborder: 2px solid #cfcfcf;\n\t\t\t}\n\t\t\t#gallery-2 .gallery-caption {\n\t\t\t\tmargin-left: 0;\n\t\t\t}\n\t\t\t\/* see gallery_shortcode() in wp-includes\/media.php *\/\n\t\t<\/style>\n\t\t<div id='gallery-2' class='gallery galleryid-12036 gallery-columns-4 gallery-size-thumbnail'><dl class='gallery-item'>\n\t\t\t<dt class='gallery-icon portrait'>\n\t\t\t\t<a href='https:\/\/blog.cancaonova.com\/brasilia\/a-paixao-de-cristo-segundo-sao-joao\/2-4\/'><img loading=\"lazy\" decoding=\"async\" width=\"290\" height=\"290\" src=\"https:\/\/blog.cancaonova.com\/brasilia\/files\/2014\/04\/21-290x290.png\" class=\"attachment-thumbnail size-thumbnail\" alt=\"\" \/><\/a>\n\t\t\t<\/dt><\/dl><dl class='gallery-item'>\n\t\t\t<dt class='gallery-icon landscape'>\n\t\t\t\t<a href='https:\/\/blog.cancaonova.com\/brasilia\/a-paixao-de-cristo-segundo-sao-joao\/4-4\/'><img loading=\"lazy\" decoding=\"async\" width=\"290\" height=\"290\" src=\"https:\/\/blog.cancaonova.com\/brasilia\/files\/2014\/04\/41-290x290.png\" class=\"attachment-thumbnail size-thumbnail\" alt=\"\" \/><\/a>\n\t\t\t<\/dt><\/dl><dl class='gallery-item'>\n\t\t\t<dt class='gallery-icon landscape'>\n\t\t\t\t<a href='https:\/\/blog.cancaonova.com\/brasilia\/semana-santa-os-ultimos-passos-de-jesus-v\/2-3\/'><img loading=\"lazy\" decoding=\"async\" width=\"290\" height=\"290\" src=\"https:\/\/blog.cancaonova.com\/brasilia\/files\/2014\/04\/2-290x290.png\" class=\"attachment-thumbnail size-thumbnail\" alt=\"\" \/><\/a>\n\t\t\t<\/dt><\/dl><dl class='gallery-item'>\n\t\t\t<dt class='gallery-icon landscape'>\n\t\t\t\t<a href='https:\/\/blog.cancaonova.com\/brasilia\/semana-santa-os-ultimos-passos-de-jesus-vi\/6-4\/'><img loading=\"lazy\" decoding=\"async\" width=\"290\" height=\"290\" src=\"https:\/\/blog.cancaonova.com\/brasilia\/files\/2014\/04\/62-290x290.png\" class=\"attachment-thumbnail size-thumbnail\" alt=\"\" \/><\/a>\n\t\t\t<\/dt><\/dl><br style=\"clear: both\" \/>\n\t\t<\/div>\n\n<p>Espero que este document\u00e1rio te ajude a compreender e adentrar no mist\u00e9rio da Salva\u00e7\u00e3o que chega at\u00e9 n\u00f3s atrav\u00e9s da cruz de Cristo.<\/p>\n<p>&nbsp;<\/p>\n<p style=\"text-align: center\"><em><strong>Can\u00e7\u00e3o Nova Bras\u00edlia.<\/strong><\/em><\/p>\n<p>******<\/p>\n<p><span style=\"color: #800000\"><em><strong><a title=\"A Paix\u00e3o de Cristo segundo S\u00e3o Jo\u00e3o\" href=\"http:\/\/blog.cancaonova.com\/brasilia\/?p=11987\" target=\"_blank\"><span style=\"color: #800000\">Aqui voc\u00ea pode encontrar a primeira parte \u00a0do document\u00e1rio&#8230; Assista e deixe nos coment\u00e1rios a sua imprens\u00e3o<\/span><\/a><\/strong><\/em><\/span><\/p>\n","protected":false},"excerpt":{"rendered":"<p>Ensinamentos da Paix\u00e3o de Cristo &#8220;Ele tomou o vinagre e disse: &#8220;Tudo est\u00e1 realizado.&#8221; E, inclinando a cabe\u00e7a, entregou o esp\u00edrito.&#8221; Jo 19,30 &nbsp; &nbsp; Todos os anos, na sexta feira santa, ouvimos e meditamos o mesmo trecho do Evangelho&#8230;<\/p>\n","protected":false},"author":1361,"featured_media":0,"comment_status":"open","ping_status":"closed","sticky":false,"template":"","format":"standard","meta":{"_mi_skip_tracking":false,"_monsterinsights_sitenote_active":false,"_monsterinsights_sitenote_note":"","_monsterinsights_sitenote_category":0,"footnotes":""},"categories":[10341],"tags":[],"_links":{"self":[{"href":"https:\/\/blog.cancaonova.com\/brasilia\/wp-json\/wp\/v2\/posts\/12036"}],"collection":[{"href":"https:\/\/blog.cancaonova.com\/brasilia\/wp-json\/wp\/v2\/posts"}],"about":[{"href":"https:\/\/blog.cancaonova.com\/brasilia\/wp-json\/wp\/v2\/types\/post"}],"author":[{"embeddable":true,"href":"https:\/\/blog.cancaonova.com\/brasilia\/wp-json\/wp\/v2\/users\/1361"}],"replies":[{"embeddable":true,"href":"https:\/\/blog.cancaonova.com\/brasilia\/wp-json\/wp\/v2\/comments?post=12036"}],"version-history":[{"count":7,"href":"https:\/\/blog.cancaonova.com\/brasilia\/wp-json\/wp\/v2\/posts\/12036\/revisions"}],"predecessor-version":[{"id":12043,"href":"https:\/\/blog.cancaonova.com\/brasilia\/wp-json\/wp\/v2\/posts\/12036\/revisions\/12043"}],"wp:attachment":[{"href":"https:\/\/blog.cancaonova.com\/brasilia\/wp-json\/wp\/v2\/media?parent=12036"}],"wp:term":[{"taxonomy":"category","embeddable":true,"href":"https:\/\/blog.cancaonova.com\/brasilia\/wp-json\/wp\/v2\/categories?post=12036"},{"taxonomy":"post_tag","embeddable":true,"href":"https:\/\/blog.cancaonova.com\/brasilia\/wp-json\/wp\/v2\/tags?post=12036"}],"curies":[{"name":"wp","href":"https:\/\/api.w.org\/{rel}","templated":true}]}}