{"id":12044,"date":"2014-04-17T16:58:56","date_gmt":"2014-04-17T19:58:56","guid":{"rendered":"http:\/\/blog.cancaonova.com\/brasilia\/?p=12044"},"modified":"2014-05-23T12:09:53","modified_gmt":"2014-05-23T15:09:53","slug":"cnbsb13anos-a-festa-do-ano","status":"publish","type":"post","link":"https:\/\/blog.cancaonova.com\/brasilia\/cnbsb13anos-a-festa-do-ano\/","title":{"rendered":"#cnbsb13anos, a festa do ano"},"content":{"rendered":"<h2 style=\"text-align: center\">#cnbsb13anos, A festa vai come\u00e7ar<\/h2>\n<div id=\"attachment_12083\" style=\"width: 242px\" class=\"wp-caption aligncenter\"><a href=\"http:\/\/blog.cancaonova.com\/brasilia\/files\/2014\/04\/486689_529023550495329_1970420053_n.jpg\"><img loading=\"lazy\" decoding=\"async\" aria-describedby=\"caption-attachment-12083\" class=\" wp-image-12083 \" alt=\"Anivers\u00e1rio da Miss\u00e3o 2013\" src=\"http:\/\/blog.cancaonova.com\/brasilia\/files\/2014\/04\/486689_529023550495329_1970420053_n-290x290.jpg\" width=\"232\" height=\"232\" \/><\/a><p id=\"caption-attachment-12083\" class=\"wp-caption-text\">Anivers\u00e1rio da Miss\u00e3o 2013<\/p><\/div>\n<p>&nbsp;<\/p>\n<p>A hist\u00f3ria da <b><i>Can\u00e7\u00e3o Nova em Bras\u00edlia teve in\u00edcio nos anos 90<\/i><\/b>, mas o primeiro n\u00facleo da <b>Comunidade de Vida<\/b> s\u00f3 chegou na capital do pa\u00eds, em <b><i>07 de janeiro de 2001.<\/i><\/b><\/p>\n<p>Nos in\u00edcios, a miss\u00e3o acontecia junto com o povo de Deus, <b>nos grupos de ora\u00e7\u00e3o, nos atendimentos e encontros,<\/b> mas Deus tinha algo a mais.<\/p>\n<p><!--more-->\n\t\t<style type=\"text\/css\">\n\t\t\t#gallery-1 {\n\t\t\t\tmargin: auto;\n\t\t\t}\n\t\t\t#gallery-1 .gallery-item {\n\t\t\t\tfloat: left;\n\t\t\t\tmargin-top: 10px;\n\t\t\t\ttext-align: center;\n\t\t\t\twidth: 20%;\n\t\t\t}\n\t\t\t#gallery-1 img {\n\t\t\t\tborder: 2px solid #cfcfcf;\n\t\t\t}\n\t\t\t#gallery-1 .gallery-caption {\n\t\t\t\tmargin-left: 0;\n\t\t\t}\n\t\t\t\/* see gallery_shortcode() in wp-includes\/media.php *\/\n\t\t<\/style>\n\t\t<div id='gallery-1' class='gallery galleryid-12044 gallery-columns-5 gallery-size-thumbnail'><dl class='gallery-item'>\n\t\t\t<dt class='gallery-icon landscape'>\n\t\t\t\t<a href='https:\/\/blog.cancaonova.com\/brasilia\/cnbsb13anos-a-festa-do-ano\/3633486094_acf9dfd6e4_o\/'><img loading=\"lazy\" decoding=\"async\" width=\"290\" height=\"290\" src=\"https:\/\/blog.cancaonova.com\/brasilia\/files\/2014\/04\/3633486094_acf9dfd6e4_o-290x290.jpg\" class=\"attachment-thumbnail size-thumbnail\" alt=\"\" \/><\/a>\n\t\t\t<\/dt><\/dl><dl class='gallery-item'>\n\t\t\t<dt class='gallery-icon landscape'>\n\t\t\t\t<a href='https:\/\/blog.cancaonova.com\/brasilia\/cnbsb13anos-a-festa-do-ano\/3632672811_dbf4d7b636_z\/'><img loading=\"lazy\" decoding=\"async\" width=\"290\" height=\"290\" src=\"https:\/\/blog.cancaonova.com\/brasilia\/files\/2014\/04\/3632672811_dbf4d7b636_z-290x290.jpg\" class=\"attachment-thumbnail size-thumbnail\" alt=\"\" \/><\/a>\n\t\t\t<\/dt><\/dl><dl class='gallery-item'>\n\t\t\t<dt class='gallery-icon landscape'>\n\t\t\t\t<a href='https:\/\/blog.cancaonova.com\/brasilia\/cnbsb13anos-a-festa-do-ano\/3633485696_aa396f30c0_o\/'><img loading=\"lazy\" decoding=\"async\" width=\"290\" height=\"290\" src=\"https:\/\/blog.cancaonova.com\/brasilia\/files\/2014\/04\/3633485696_aa396f30c0_o-290x290.jpg\" class=\"attachment-thumbnail size-thumbnail\" alt=\"\" \/><\/a>\n\t\t\t<\/dt><\/dl><dl class='gallery-item'>\n\t\t\t<dt class='gallery-icon landscape'>\n\t\t\t\t<a href='https:\/\/blog.cancaonova.com\/brasilia\/cnbsb13anos-a-festa-do-ano\/3633482502_d71fd1ff47_z\/'><img loading=\"lazy\" decoding=\"async\" width=\"290\" height=\"290\" src=\"https:\/\/blog.cancaonova.com\/brasilia\/files\/2014\/04\/3633482502_d71fd1ff47_z-290x290.jpg\" class=\"attachment-thumbnail size-thumbnail\" alt=\"\" \/><\/a>\n\t\t\t<\/dt><\/dl><dl class='gallery-item'>\n\t\t\t<dt class='gallery-icon landscape'>\n\t\t\t\t<a href='https:\/\/blog.cancaonova.com\/brasilia\/cnbsb13anos-a-festa-do-ano\/3632675079_4709132d94_z\/'><img loading=\"lazy\" decoding=\"async\" width=\"290\" height=\"290\" src=\"https:\/\/blog.cancaonova.com\/brasilia\/files\/2014\/04\/3632675079_4709132d94_z-290x290.jpg\" class=\"attachment-thumbnail size-thumbnail\" alt=\"\" \/><\/a>\n\t\t\t<\/dt><\/dl><br style=\"clear: both\" \/>\n\t\t<\/div>\n<\/p>\n<p><b>Quatro meses depois<\/b>, a Comunidade adquiriu o primeiro canal de TV, que come\u00e7ou a produzir programas locais<b>, com a miss\u00e3o espec\u00edfica de cobrir as a\u00e7\u00f5es do Congresso Nacional e da Confer\u00eancia Nacional dos Bispos do Brasil (CNBB).<\/b><b><\/b><\/p>\n<p>Em <b>decorr\u00eancias de dificuldades financeiras, o canal saiu do ar,<\/b> mas <b>A ESPERAN\u00c7A N\u00c3O MORREU.<\/b><\/p>\n\n\t\t<style type=\"text\/css\">\n\t\t\t#gallery-2 {\n\t\t\t\tmargin: auto;\n\t\t\t}\n\t\t\t#gallery-2 .gallery-item {\n\t\t\t\tfloat: left;\n\t\t\t\tmargin-top: 10px;\n\t\t\t\ttext-align: center;\n\t\t\t\twidth: 20%;\n\t\t\t}\n\t\t\t#gallery-2 img {\n\t\t\t\tborder: 2px solid #cfcfcf;\n\t\t\t}\n\t\t\t#gallery-2 .gallery-caption {\n\t\t\t\tmargin-left: 0;\n\t\t\t}\n\t\t\t\/* see gallery_shortcode() in wp-includes\/media.php *\/\n\t\t<\/style>\n\t\t<div id='gallery-2' class='gallery galleryid-12044 gallery-columns-5 gallery-size-thumbnail'><dl class='gallery-item'>\n\t\t\t<dt class='gallery-icon landscape'>\n\t\t\t\t<a href='https:\/\/blog.cancaonova.com\/brasilia\/cnbsb13anos-a-festa-do-ano\/247465_529239500473734_159683778_n\/'><img loading=\"lazy\" decoding=\"async\" width=\"290\" height=\"290\" src=\"https:\/\/blog.cancaonova.com\/brasilia\/files\/2014\/04\/247465_529239500473734_159683778_n-290x290.jpg\" class=\"attachment-thumbnail size-thumbnail\" alt=\"\" \/><\/a>\n\t\t\t<\/dt><\/dl><dl class='gallery-item'>\n\t\t\t<dt class='gallery-icon landscape'>\n\t\t\t\t<a href='https:\/\/blog.cancaonova.com\/brasilia\/cnbsb13anos-a-festa-do-ano\/3923715112_5692a46723_z-2\/'><img loading=\"lazy\" decoding=\"async\" width=\"290\" height=\"290\" src=\"https:\/\/blog.cancaonova.com\/brasilia\/files\/2014\/04\/3923715112_5692a46723_z1-290x290.jpg\" class=\"attachment-thumbnail size-thumbnail\" alt=\"\" \/><\/a>\n\t\t\t<\/dt><\/dl><dl class='gallery-item'>\n\t\t\t<dt class='gallery-icon landscape'>\n\t\t\t\t<a href='https:\/\/blog.cancaonova.com\/brasilia\/cnbsb13anos-a-festa-do-ano\/3922929531_ed0cc3b4da_z\/'><img loading=\"lazy\" decoding=\"async\" width=\"290\" height=\"290\" src=\"https:\/\/blog.cancaonova.com\/brasilia\/files\/2014\/04\/3922929531_ed0cc3b4da_z-290x290.jpg\" class=\"attachment-thumbnail size-thumbnail\" alt=\"\" \/><\/a>\n\t\t\t<\/dt><\/dl><dl class='gallery-item'>\n\t\t\t<dt class='gallery-icon landscape'>\n\t\t\t\t<a href='https:\/\/blog.cancaonova.com\/brasilia\/cnbsb13anos-a-festa-do-ano\/5277485364_173ab7ebbb_o\/'><img loading=\"lazy\" decoding=\"async\" width=\"290\" height=\"290\" src=\"https:\/\/blog.cancaonova.com\/brasilia\/files\/2014\/04\/5277485364_173ab7ebbb_o-290x290.jpg\" class=\"attachment-thumbnail size-thumbnail\" alt=\"\" \/><\/a>\n\t\t\t<\/dt><\/dl><dl class='gallery-item'>\n\t\t\t<dt class='gallery-icon landscape'>\n\t\t\t\t<a href='https:\/\/blog.cancaonova.com\/brasilia\/cnbsb13anos-a-festa-do-ano\/4992788617_8a6ccb8ae4_o\/'><img loading=\"lazy\" decoding=\"async\" width=\"290\" height=\"290\" src=\"https:\/\/blog.cancaonova.com\/brasilia\/files\/2014\/04\/4992788617_8a6ccb8ae4_o-290x290.jpg\" class=\"attachment-thumbnail size-thumbnail\" alt=\"\" \/><\/a>\n\t\t\t<\/dt><\/dl><br style=\"clear: both\" \/>\n\t\t<\/div>\n\n<p><!--more-->Os mission\u00e1rios continuaram com as atividades de evangeliza\u00e7\u00e3o, at\u00e9 que em <b>23 de junho de 2008,<\/b> <i>Deus concedeu a gra\u00e7a de termos novamente n\u00e3o s\u00f3 um canal de TV, mas tamb\u00e9m um canal de r\u00e1dio, a 89.1 FM e tamb\u00e9m a loja Can\u00e7\u00e3o Nova.<\/i><\/p>\n<p>Atualmente, <b>a miss\u00e3o Can\u00e7\u00e3o Nova contribui com a evangeliza\u00e7\u00e3o<\/b> <b>na Capital do pa\u00eds com a TV, a r\u00e1dio, a loja, os v\u00e1rios eventos, os grupos de ora\u00e7\u00e3o e tamb\u00e9m com as m\u00eddias digitais.<\/b><\/p>\n\n\t\t<style type=\"text\/css\">\n\t\t\t#gallery-3 {\n\t\t\t\tmargin: auto;\n\t\t\t}\n\t\t\t#gallery-3 .gallery-item {\n\t\t\t\tfloat: left;\n\t\t\t\tmargin-top: 10px;\n\t\t\t\ttext-align: center;\n\t\t\t\twidth: 25%;\n\t\t\t}\n\t\t\t#gallery-3 img {\n\t\t\t\tborder: 2px solid #cfcfcf;\n\t\t\t}\n\t\t\t#gallery-3 .gallery-caption {\n\t\t\t\tmargin-left: 0;\n\t\t\t}\n\t\t\t\/* see gallery_shortcode() in wp-includes\/media.php *\/\n\t\t<\/style>\n\t\t<div id='gallery-3' class='gallery galleryid-12044 gallery-columns-4 gallery-size-thumbnail'><dl class='gallery-item'>\n\t\t\t<dt class='gallery-icon landscape'>\n\t\t\t\t<a href='https:\/\/blog.cancaonova.com\/brasilia\/cnbsb13anos-a-festa-do-ano\/5157765929_0bc05196da_o-2\/'><img loading=\"lazy\" decoding=\"async\" width=\"290\" height=\"290\" src=\"https:\/\/blog.cancaonova.com\/brasilia\/files\/2014\/04\/5157765929_0bc05196da_o1-290x290.jpg\" class=\"attachment-thumbnail size-thumbnail\" alt=\"\" \/><\/a>\n\t\t\t<\/dt><\/dl><dl class='gallery-item'>\n\t\t\t<dt class='gallery-icon landscape'>\n\t\t\t\t<a href='https:\/\/blog.cancaonova.com\/brasilia\/cnbsb13anos-a-festa-do-ano\/4112225387_fb60d441ac_o-2\/'><img loading=\"lazy\" decoding=\"async\" width=\"290\" height=\"290\" src=\"https:\/\/blog.cancaonova.com\/brasilia\/files\/2014\/04\/4112225387_fb60d441ac_o1-290x290.jpg\" class=\"attachment-thumbnail size-thumbnail\" alt=\"\" \/><\/a>\n\t\t\t<\/dt><\/dl><dl class='gallery-item'>\n\t\t\t<dt class='gallery-icon landscape'>\n\t\t\t\t<a href='https:\/\/blog.cancaonova.com\/brasilia\/cnbsb13anos-a-festa-do-ano\/5158374818_17556ae316_o-2\/'><img loading=\"lazy\" decoding=\"async\" width=\"290\" height=\"290\" src=\"https:\/\/blog.cancaonova.com\/brasilia\/files\/2014\/04\/5158374818_17556ae316_o1-290x290.jpg\" class=\"attachment-thumbnail size-thumbnail\" alt=\"\" \/><\/a>\n\t\t\t<\/dt><\/dl><dl class='gallery-item'>\n\t\t\t<dt class='gallery-icon landscape'>\n\t\t\t\t<a href='https:\/\/blog.cancaonova.com\/brasilia\/cnbsb13anos-a-festa-do-ano\/5592312963_07f1a680ea_o-2\/'><img loading=\"lazy\" decoding=\"async\" width=\"290\" height=\"290\" src=\"https:\/\/blog.cancaonova.com\/brasilia\/files\/2014\/04\/5592312963_07f1a680ea_o1-290x290.jpg\" class=\"attachment-thumbnail size-thumbnail\" alt=\"\" \/><\/a>\n\t\t\t<\/dt><\/dl><br style=\"clear: both\" \/>\n\t\t<\/div>\n\n<p align=\"center\"><b><i>A Comunidade Can\u00e7\u00e3o Nova, em Bras\u00edlia, \u00e9 formada por quinze membros da Comunidade de Vida e dezesseis membros da Comunidade de Alian\u00e7a, al\u00e9m de contar com tantos amigos que abra\u00e7am conosco a miss\u00e3o.<\/i><\/b><\/p>\n<p>\u00a0\u00a0\u00a0\u00a0\u00a0\u00a0\u00a0\u00a0 <b>A Can\u00e7\u00e3o Nova se une \u00e0 Arquidiocese de Bras\u00edlia<\/b> e a todos os movimentos e Novas Comunidades presentes na Capital para que, como Igreja, possa realizar a sua miss\u00e3o.<\/p>\n<p><b>Ver o carisma atingindo esse povo e transformando a vida de muitos<\/b> \u00e9 a maior alegria para todo mission\u00e1rio<b>, pois s\u00e3o mais almas para o Reino de Deus, mais pessoas conquistadas para Jesus.<\/b><\/p>\n<p><b><i>Neste ano de 2014 estamos completando 13 anos da Miss\u00e3o Can\u00e7\u00e3o Nova em Bras\u00edlia.<\/i><\/b><\/p>\n\n\t\t<style type=\"text\/css\">\n\t\t\t#gallery-4 {\n\t\t\t\tmargin: auto;\n\t\t\t}\n\t\t\t#gallery-4 .gallery-item {\n\t\t\t\tfloat: left;\n\t\t\t\tmargin-top: 10px;\n\t\t\t\ttext-align: center;\n\t\t\t\twidth: 25%;\n\t\t\t}\n\t\t\t#gallery-4 img {\n\t\t\t\tborder: 2px solid #cfcfcf;\n\t\t\t}\n\t\t\t#gallery-4 .gallery-caption {\n\t\t\t\tmargin-left: 0;\n\t\t\t}\n\t\t\t\/* see gallery_shortcode() in wp-includes\/media.php *\/\n\t\t<\/style>\n\t\t<div id='gallery-4' class='gallery galleryid-12044 gallery-columns-4 gallery-size-thumbnail'><dl class='gallery-item'>\n\t\t\t<dt class='gallery-icon landscape'>\n\t\t\t\t<a href='https:\/\/blog.cancaonova.com\/brasilia\/cnbsb13anos-a-festa-do-ano\/4722135308_8acc1eb836_b\/'><img loading=\"lazy\" decoding=\"async\" width=\"290\" height=\"290\" src=\"https:\/\/blog.cancaonova.com\/brasilia\/files\/2014\/04\/4722135308_8acc1eb836_b-290x290.jpg\" class=\"attachment-thumbnail size-thumbnail\" alt=\"\" \/><\/a>\n\t\t\t<\/dt><\/dl><dl class='gallery-item'>\n\t\t\t<dt class='gallery-icon landscape'>\n\t\t\t\t<a href='https:\/\/blog.cancaonova.com\/brasilia\/cnbsb13anos-a-festa-do-ano\/4668685161_320d8dbef3_o\/'><img loading=\"lazy\" decoding=\"async\" width=\"290\" height=\"290\" src=\"https:\/\/blog.cancaonova.com\/brasilia\/files\/2014\/04\/4668685161_320d8dbef3_o-290x290.jpg\" class=\"attachment-thumbnail size-thumbnail\" alt=\"\" \/><\/a>\n\t\t\t<\/dt><\/dl><dl class='gallery-item'>\n\t\t\t<dt class='gallery-icon landscape'>\n\t\t\t\t<a href='https:\/\/blog.cancaonova.com\/brasilia\/cnbsb13anos-a-festa-do-ano\/4565590724_af722e486f_o\/'><img loading=\"lazy\" decoding=\"async\" width=\"290\" height=\"290\" src=\"https:\/\/blog.cancaonova.com\/brasilia\/files\/2014\/04\/4565590724_af722e486f_o-290x290.jpg\" class=\"attachment-thumbnail size-thumbnail\" alt=\"\" \/><\/a>\n\t\t\t<\/dt><\/dl><dl class='gallery-item'>\n\t\t\t<dt class='gallery-icon landscape'>\n\t\t\t\t<a href='https:\/\/blog.cancaonova.com\/brasilia\/cnbsb13anos-a-festa-do-ano\/4809137021_e1ae3b567d_o\/'><img loading=\"lazy\" decoding=\"async\" width=\"290\" height=\"290\" src=\"https:\/\/blog.cancaonova.com\/brasilia\/files\/2014\/04\/4809137021_e1ae3b567d_o-290x290.jpg\" class=\"attachment-thumbnail size-thumbnail\" alt=\"\" \/><\/a>\n\t\t\t<\/dt><\/dl><br style=\"clear: both\" \/>\n\t\t<\/div>\n\n<p style=\"text-align: center\"><em><strong>Ser\u00e1 uma grande alegria celebrar com voc\u00ea todos estes anos de hist\u00f3ria. Ser\u00e1 um encontro onde teremos m\u00fasica, ora\u00e7\u00e3o, adora\u00e7\u00e3o ao Sant\u00edssimo, celebra\u00e7\u00f5es eucar\u00edsticas e prega\u00e7\u00f5es, tudo isso para proporcionar a voc\u00ea uma profunda experi\u00eancia com Deus atrav\u00e9s do Carisma Can\u00e7\u00e3o Nova.<\/strong><\/em><\/p>\n<div id=\"attachment_12060\" style=\"width: 271px\" class=\"wp-caption aligncenter\"><a href=\"http:\/\/blog.cancaonova.com\/brasilia\/files\/2014\/04\/cnbsb13.png\"><img loading=\"lazy\" decoding=\"async\" aria-describedby=\"caption-attachment-12060\" class=\" wp-image-12060\" alt=\"Cartaz\" src=\"http:\/\/blog.cancaonova.com\/brasilia\/files\/2014\/04\/cnbsb13-290x290.png\" width=\"261\" height=\"261\" \/><\/a><p id=\"caption-attachment-12060\" class=\"wp-caption-text\">Dia 17 e 18 de maio<\/p><\/div>\n<h6 style=\"text-align: left\"><b>Priscila Graziela <\/b><\/h6>\n<h6><b>Can\u00e7\u00e3o Nova Bras\u00edlia<\/b><\/h6>\n<p>&nbsp;<\/p>\n<p style=\"text-align: left\">\u00a0<em><strong>Informa\u00e7\u00f5es do evento: 3252-7050\/ eventosdf@cancaonova.com<\/strong><\/em><\/p>\n<p>&nbsp;<\/p>\n<p>************<\/p>\n<p>Voc\u00ea pode clicar no cartaz e fazer o download para divulgar nas redes sociais e em sua par\u00f3quia.<\/p>\n<p>Nos Ajude a Divulgar.<\/p>\n","protected":false},"excerpt":{"rendered":"<p>#cnbsb13anos, A festa vai come\u00e7ar &nbsp; A hist\u00f3ria da Can\u00e7\u00e3o Nova em Bras\u00edlia teve in\u00edcio nos anos 90, mas o primeiro n\u00facleo da Comunidade de Vida s\u00f3 chegou na capital do pa\u00eds, em 07 de janeiro de 2001. Nos in\u00edcios,&#8230;<\/p>\n","protected":false},"author":1361,"featured_media":12060,"comment_status":"open","ping_status":"closed","sticky":false,"template":"","format":"standard","meta":{"_mi_skip_tracking":false,"_monsterinsights_sitenote_active":false,"_monsterinsights_sitenote_note":"","_monsterinsights_sitenote_category":0,"footnotes":""},"categories":[10341],"tags":[16504,168160,20382,17409,10381,16541,80],"_links":{"self":[{"href":"https:\/\/blog.cancaonova.com\/brasilia\/wp-json\/wp\/v2\/posts\/12044"}],"collection":[{"href":"https:\/\/blog.cancaonova.com\/brasilia\/wp-json\/wp\/v2\/posts"}],"about":[{"href":"https:\/\/blog.cancaonova.com\/brasilia\/wp-json\/wp\/v2\/types\/post"}],"author":[{"embeddable":true,"href":"https:\/\/blog.cancaonova.com\/brasilia\/wp-json\/wp\/v2\/users\/1361"}],"replies":[{"embeddable":true,"href":"https:\/\/blog.cancaonova.com\/brasilia\/wp-json\/wp\/v2\/comments?post=12044"}],"version-history":[{"count":9,"href":"https:\/\/blog.cancaonova.com\/brasilia\/wp-json\/wp\/v2\/posts\/12044\/revisions"}],"predecessor-version":[{"id":12155,"href":"https:\/\/blog.cancaonova.com\/brasilia\/wp-json\/wp\/v2\/posts\/12044\/revisions\/12155"}],"wp:featuredmedia":[{"embeddable":true,"href":"https:\/\/blog.cancaonova.com\/brasilia\/wp-json\/wp\/v2\/media\/12060"}],"wp:attachment":[{"href":"https:\/\/blog.cancaonova.com\/brasilia\/wp-json\/wp\/v2\/media?parent=12044"}],"wp:term":[{"taxonomy":"category","embeddable":true,"href":"https:\/\/blog.cancaonova.com\/brasilia\/wp-json\/wp\/v2\/categories?post=12044"},{"taxonomy":"post_tag","embeddable":true,"href":"https:\/\/blog.cancaonova.com\/brasilia\/wp-json\/wp\/v2\/tags?post=12044"}],"curies":[{"name":"wp","href":"https:\/\/api.w.org\/{rel}","templated":true}]}}