{"id":12097,"date":"2014-04-19T09:06:10","date_gmt":"2014-04-19T12:06:10","guid":{"rendered":"http:\/\/blog.cancaonova.com\/brasilia\/?p=12097"},"modified":"2014-04-18T22:40:54","modified_gmt":"2014-04-19T01:40:54","slug":"festa-aniversario-da-daniela","status":"publish","type":"post","link":"https:\/\/blog.cancaonova.com\/brasilia\/festa-aniversario-da-daniela\/","title":{"rendered":"FESTA: Anivers\u00e1rio da Daniela !!!"},"content":{"rendered":"<h2 style=\"text-align: center\">Feliz\u00a0Anivers\u00e1rio da Dani<\/h2>\n<div id=\"attachment_12099\" style=\"width: 213px\" class=\"wp-caption aligncenter\"><a href=\"http:\/\/blog.cancaonova.com\/brasilia\/files\/2014\/04\/397798_529570083774009_1322809832_n.jpg\"><img loading=\"lazy\" decoding=\"async\" aria-describedby=\"caption-attachment-12099\" class=\" wp-image-12099\" alt=\"Dani Gomide\" src=\"http:\/\/blog.cancaonova.com\/brasilia\/files\/2014\/04\/397798_529570083774009_1322809832_n-290x290.jpg\" width=\"203\" height=\"203\" \/><\/a><p id=\"caption-attachment-12099\" class=\"wp-caption-text\">Dani Gomide<br \/>Mission\u00e1ria da Can\u00e7\u00e3o Nova<\/p><\/div>\n<p style=\"text-align: center\">Hoje tamb\u00e9m \u00e9 dia de celebrar <strong>o DOM da vida da Dani Gomide.<\/strong> Mission\u00e1ria da Comunidade Can\u00e7\u00e3o Nova que mora aqui em Bras\u00edlia.<\/p>\n<p style=\"text-align: justify\"><em><strong>Sua vida Dani \u00e9 um presente para n\u00f3s<\/strong><\/em>. \u00c9 uma alegria hoje poder celebrar o Dom da sua vida. Agradecemos a Deus por termos voc\u00ea ao nosso lado na miss\u00e3o de Evangelizar.<\/p>\n<p style=\"text-align: center\"><em>Obrigado por entregar seu DOM mais precioso: A vida, na luta pela evangeliza\u00e7\u00e3o.<\/em><\/p>\n<p style=\"text-align: justify\">Que o Cristo que HOJE ressuscitar\u00e1 para n\u00f3s, traga para voc\u00ea muitas gra\u00e7as e surpresas, que realize verdadeiramente em sua vida a P\u00e1scoa. Que seja este novo ano, um tempo de grandes gra\u00e7as de Deus.<\/p>\n<p style=\"text-align: justify\">Parab\u00e9ns e muitas felicidades&#8230;<\/p>\n\n\t\t<style type=\"text\/css\">\n\t\t\t#gallery-1 {\n\t\t\t\tmargin: auto;\n\t\t\t}\n\t\t\t#gallery-1 .gallery-item {\n\t\t\t\tfloat: left;\n\t\t\t\tmargin-top: 10px;\n\t\t\t\ttext-align: center;\n\t\t\t\twidth: 25%;\n\t\t\t}\n\t\t\t#gallery-1 img {\n\t\t\t\tborder: 2px solid #cfcfcf;\n\t\t\t}\n\t\t\t#gallery-1 .gallery-caption {\n\t\t\t\tmargin-left: 0;\n\t\t\t}\n\t\t\t\/* see gallery_shortcode() in wp-includes\/media.php *\/\n\t\t<\/style>\n\t\t<div id='gallery-1' class='gallery galleryid-12097 gallery-columns-4 gallery-size-thumbnail'><dl class='gallery-item'>\n\t\t\t<dt class='gallery-icon landscape'>\n\t\t\t\t<a href='https:\/\/blog.cancaonova.com\/brasilia\/festa-aniversario-da-daniela\/1052744_508106729259722_2081901739_o\/'><img loading=\"lazy\" decoding=\"async\" width=\"290\" height=\"290\" src=\"https:\/\/blog.cancaonova.com\/brasilia\/files\/2014\/04\/1052744_508106729259722_2081901739_o-290x290.jpg\" class=\"attachment-thumbnail size-thumbnail\" alt=\"\" \/><\/a>\n\t\t\t<\/dt><\/dl><dl class='gallery-item'>\n\t\t\t<dt class='gallery-icon portrait'>\n\t\t\t\t<a href='https:\/\/blog.cancaonova.com\/brasilia\/festa-aniversario-da-daniela\/1546308_666102953454054_1511516445_n\/'><img loading=\"lazy\" decoding=\"async\" width=\"290\" height=\"290\" src=\"https:\/\/blog.cancaonova.com\/brasilia\/files\/2014\/04\/1546308_666102953454054_1511516445_n-290x290.jpg\" class=\"attachment-thumbnail size-thumbnail\" alt=\"\" \/><\/a>\n\t\t\t<\/dt><\/dl><dl class='gallery-item'>\n\t\t\t<dt class='gallery-icon landscape'>\n\t\t\t\t<a href='https:\/\/blog.cancaonova.com\/brasilia\/festa-aniversario-da-daniela\/67046_10151736149141693_722917597_n\/'><img loading=\"lazy\" decoding=\"async\" width=\"290\" height=\"290\" src=\"https:\/\/blog.cancaonova.com\/brasilia\/files\/2014\/04\/67046_10151736149141693_722917597_n-290x290.jpg\" class=\"attachment-thumbnail size-thumbnail\" alt=\"\" srcset=\"https:\/\/blog.cancaonova.com\/brasilia\/files\/2014\/04\/67046_10151736149141693_722917597_n-290x290.jpg 290w, https:\/\/blog.cancaonova.com\/brasilia\/files\/2014\/04\/67046_10151736149141693_722917597_n-300x300.jpg 300w, https:\/\/blog.cancaonova.com\/brasilia\/files\/2014\/04\/67046_10151736149141693_722917597_n.jpg 886w\" sizes=\"(max-width: 290px) 100vw, 290px\" \/><\/a>\n\t\t\t<\/dt><\/dl><dl class='gallery-item'>\n\t\t\t<dt class='gallery-icon landscape'>\n\t\t\t\t<a href='https:\/\/blog.cancaonova.com\/brasilia\/festa-aniversario-da-daniela\/1176155_644442915580196_1356522661_n\/'><img loading=\"lazy\" decoding=\"async\" width=\"290\" height=\"290\" src=\"https:\/\/blog.cancaonova.com\/brasilia\/files\/2014\/04\/1176155_644442915580196_1356522661_n-290x290.jpg\" class=\"attachment-thumbnail size-thumbnail\" alt=\"\" \/><\/a>\n\t\t\t<\/dt><\/dl><br style=\"clear: both\" \/>\n\t\t<\/div>\n\n<p style=\"text-align: justify\">Felicidades&#8230; Que a Virgem Maria vele sempre por ti.<\/p>\n<p>&nbsp;<\/p>\n<p><em><strong>Can\u00e7\u00e3o Nova Bras\u00edlia.<\/strong><\/em><\/p>\n<p>***<\/p>\n<p>se alegre conosco neste dia, e deixe nos coment\u00e1rios uma mensagem para a Dani.<\/p>\n<p>&nbsp;<\/p>\n<p>&nbsp;<\/p>\n<p>&nbsp;<\/p>\n","protected":false},"excerpt":{"rendered":"<p>Feliz\u00a0Anivers\u00e1rio da Dani Hoje tamb\u00e9m \u00e9 dia de celebrar o DOM da vida da Dani Gomide. Mission\u00e1ria da Comunidade Can\u00e7\u00e3o Nova que mora aqui em Bras\u00edlia. Sua vida Dani \u00e9 um presente para n\u00f3s. \u00c9 uma alegria hoje poder celebrar&#8230;<\/p>\n","protected":false},"author":1361,"featured_media":12099,"comment_status":"open","ping_status":"closed","sticky":false,"template":"","format":"standard","meta":{"_mi_skip_tracking":false,"_monsterinsights_sitenote_active":false,"_monsterinsights_sitenote_note":"","_monsterinsights_sitenote_category":0,"footnotes":""},"categories":[10341],"tags":[16504,19296,5011,17377,29247,16076,39],"_links":{"self":[{"href":"https:\/\/blog.cancaonova.com\/brasilia\/wp-json\/wp\/v2\/posts\/12097"}],"collection":[{"href":"https:\/\/blog.cancaonova.com\/brasilia\/wp-json\/wp\/v2\/posts"}],"about":[{"href":"https:\/\/blog.cancaonova.com\/brasilia\/wp-json\/wp\/v2\/types\/post"}],"author":[{"embeddable":true,"href":"https:\/\/blog.cancaonova.com\/brasilia\/wp-json\/wp\/v2\/users\/1361"}],"replies":[{"embeddable":true,"href":"https:\/\/blog.cancaonova.com\/brasilia\/wp-json\/wp\/v2\/comments?post=12097"}],"version-history":[{"count":4,"href":"https:\/\/blog.cancaonova.com\/brasilia\/wp-json\/wp\/v2\/posts\/12097\/revisions"}],"predecessor-version":[{"id":12106,"href":"https:\/\/blog.cancaonova.com\/brasilia\/wp-json\/wp\/v2\/posts\/12097\/revisions\/12106"}],"wp:featuredmedia":[{"embeddable":true,"href":"https:\/\/blog.cancaonova.com\/brasilia\/wp-json\/wp\/v2\/media\/12099"}],"wp:attachment":[{"href":"https:\/\/blog.cancaonova.com\/brasilia\/wp-json\/wp\/v2\/media?parent=12097"}],"wp:term":[{"taxonomy":"category","embeddable":true,"href":"https:\/\/blog.cancaonova.com\/brasilia\/wp-json\/wp\/v2\/categories?post=12097"},{"taxonomy":"post_tag","embeddable":true,"href":"https:\/\/blog.cancaonova.com\/brasilia\/wp-json\/wp\/v2\/tags?post=12097"}],"curies":[{"name":"wp","href":"https:\/\/api.w.org\/{rel}","templated":true}]}}