{"id":12128,"date":"2014-04-22T11:07:38","date_gmt":"2014-04-22T14:07:38","guid":{"rendered":"http:\/\/blog.cancaonova.com\/brasilia\/?p=12128"},"modified":"2014-04-22T11:07:38","modified_gmt":"2014-04-22T14:07:38","slug":"terra-de-santa-cruz","status":"publish","type":"post","link":"https:\/\/blog.cancaonova.com\/brasilia\/terra-de-santa-cruz\/","title":{"rendered":"Terra de Santa Cruz"},"content":{"rendered":"<h2 style=\"text-align: center\">\u00a0Somos Terra de Santa Cruz<\/h2>\n<div id=\"attachment_12129\" style=\"width: 184px\" class=\"wp-caption aligncenter\"><a href=\"http:\/\/blog.cancaonova.com\/brasilia\/files\/2014\/04\/Oscar_Pereira_da_Silva_-_Desembarque_de_Pedro_\u00c1lvares_Cabral_em_Porto_Seguro_em_1500.jpg\"><img loading=\"lazy\" decoding=\"async\" aria-describedby=\"caption-attachment-12129\" class=\" wp-image-12129 \" title=\"Desembarque de Pedro \u00c1lvares Cabral  (\u00f3leo sobre tela), autor: Oscar Pereira da Silva, 1904. Acervo do Museu Hist\u00f3rico Nacional, Rio de Janeiro.\" alt=\"Desembarque de Pedro \u00c1lvares Cabral em Porto Seguro em 1500.\" src=\"http:\/\/blog.cancaonova.com\/brasilia\/files\/2014\/04\/Oscar_Pereira_da_Silva_-_Desembarque_de_Pedro_\u00c1lvares_Cabral_em_Porto_Seguro_em_1500-290x290.jpg\" width=\"174\" height=\"174\" \/><\/a><p id=\"caption-attachment-12129\" class=\"wp-caption-text\">Desembarque de Pedro \u00c1lvares Cabral em Porto Seguro em 1500.<\/p><\/div>\n<p>&nbsp;<\/p>\n<p>Muitas vezes <strong>o dia de hoje passa despercebido,<\/strong> n\u00e3o damos muito valor, ou tratamos como um dia normal&#8230; <strong>Mas para n\u00f3s brasileiros n\u00e3o pode ser assim.\u00a0<\/strong><\/p>\n<p style=\"text-align: center\"><em>Celebramos os anivers\u00e1rios, as datas importantes dos amigos, filhos, parentes&#8230; n\u00e3o podemos deixar tamb\u00e9m de celebrar o dia onde nossa <strong>Terra m\u00e3e foi descoberta.\u00a0<\/strong><\/em><\/p>\n<p>Hoje \u00e9 <strong>22 de Abril, dia do Descobrimento do Brasil.<\/strong> E al\u00e9m de celebrar <strong>precisamos rezar,<\/strong> por esta Terra que primeiramente foi chamada <em><strong>&#8220;Terra de Santa Cruz&#8221;.<\/strong><\/em><\/p>\n\n\t\t<style type=\"text\/css\">\n\t\t\t#gallery-1 {\n\t\t\t\tmargin: auto;\n\t\t\t}\n\t\t\t#gallery-1 .gallery-item {\n\t\t\t\tfloat: left;\n\t\t\t\tmargin-top: 10px;\n\t\t\t\ttext-align: center;\n\t\t\t\twidth: 50%;\n\t\t\t}\n\t\t\t#gallery-1 img {\n\t\t\t\tborder: 2px solid #cfcfcf;\n\t\t\t}\n\t\t\t#gallery-1 .gallery-caption {\n\t\t\t\tmargin-left: 0;\n\t\t\t}\n\t\t\t\/* see gallery_shortcode() in wp-includes\/media.php *\/\n\t\t<\/style>\n\t\t<div id='gallery-1' class='gallery galleryid-12128 gallery-columns-2 gallery-size-thumbnail'><dl class='gallery-item'>\n\t\t\t<dt class='gallery-icon portrait'>\n\t\t\t\t<a href='https:\/\/blog.cancaonova.com\/brasilia\/terra-de-santa-cruz\/432px-carta-caminha\/'><img loading=\"lazy\" decoding=\"async\" width=\"290\" height=\"290\" src=\"https:\/\/blog.cancaonova.com\/brasilia\/files\/2014\/04\/432px-Carta-caminha-290x290.png\" class=\"attachment-thumbnail size-thumbnail\" alt=\"\" \/><\/a>\n\t\t\t<\/dt><\/dl><dl class='gallery-item'>\n\t\t\t<dt class='gallery-icon landscape'>\n\t\t\t\t<a href='https:\/\/blog.cancaonova.com\/brasilia\/terra-de-santa-cruz\/brasil\/'><img loading=\"lazy\" decoding=\"async\" width=\"290\" height=\"290\" src=\"https:\/\/blog.cancaonova.com\/brasilia\/files\/2014\/04\/brasil-290x290.jpg\" class=\"attachment-thumbnail size-thumbnail\" alt=\"\" \/><\/a>\n\t\t\t<\/dt><\/dl><br style=\"clear: both\" \/>\n\t\t<\/div>\n\n<p style=\"text-align: center\">Q<em>ue no dia de hoje possamos clamar ao Senhor para o nosso pa\u00eds&#8230; Que a for\u00e7a da Cruz, possa desterrar de nossas terras todos os males, que Reine sobre n\u00f3s verdadeiramente o SENHOR.<\/em><\/p>\n<p>&nbsp;<\/p>\n<p>Parab\u00e9ns Brasil, parab\u00e9ns Terra de Santa Cruz.<\/p>\n<p>&nbsp;<\/p>\n<h5><em><strong>Can\u00e7\u00e3o Nova Bras\u00edlia<\/strong><\/em><\/h5>\n","protected":false},"excerpt":{"rendered":"<p>\u00a0Somos Terra de Santa Cruz &nbsp; Muitas vezes o dia de hoje passa despercebido, n\u00e3o damos muito valor, ou tratamos como um dia normal&#8230; Mas para n\u00f3s brasileiros n\u00e3o pode ser assim.\u00a0 Celebramos os anivers\u00e1rios, as datas importantes dos amigos,&#8230;<\/p>\n","protected":false},"author":1361,"featured_media":10901,"comment_status":"open","ping_status":"closed","sticky":false,"template":"","format":"standard","meta":{"_mi_skip_tracking":false,"_monsterinsights_sitenote_active":false,"_monsterinsights_sitenote_note":"","_monsterinsights_sitenote_category":0,"footnotes":""},"categories":[1331],"tags":[2251,168166,261,21474],"_links":{"self":[{"href":"https:\/\/blog.cancaonova.com\/brasilia\/wp-json\/wp\/v2\/posts\/12128"}],"collection":[{"href":"https:\/\/blog.cancaonova.com\/brasilia\/wp-json\/wp\/v2\/posts"}],"about":[{"href":"https:\/\/blog.cancaonova.com\/brasilia\/wp-json\/wp\/v2\/types\/post"}],"author":[{"embeddable":true,"href":"https:\/\/blog.cancaonova.com\/brasilia\/wp-json\/wp\/v2\/users\/1361"}],"replies":[{"embeddable":true,"href":"https:\/\/blog.cancaonova.com\/brasilia\/wp-json\/wp\/v2\/comments?post=12128"}],"version-history":[{"count":4,"href":"https:\/\/blog.cancaonova.com\/brasilia\/wp-json\/wp\/v2\/posts\/12128\/revisions"}],"predecessor-version":[{"id":12136,"href":"https:\/\/blog.cancaonova.com\/brasilia\/wp-json\/wp\/v2\/posts\/12128\/revisions\/12136"}],"wp:featuredmedia":[{"embeddable":true,"href":"https:\/\/blog.cancaonova.com\/brasilia\/wp-json\/wp\/v2\/media\/10901"}],"wp:attachment":[{"href":"https:\/\/blog.cancaonova.com\/brasilia\/wp-json\/wp\/v2\/media?parent=12128"}],"wp:term":[{"taxonomy":"category","embeddable":true,"href":"https:\/\/blog.cancaonova.com\/brasilia\/wp-json\/wp\/v2\/categories?post=12128"},{"taxonomy":"post_tag","embeddable":true,"href":"https:\/\/blog.cancaonova.com\/brasilia\/wp-json\/wp\/v2\/tags?post=12128"}],"curies":[{"name":"wp","href":"https:\/\/api.w.org\/{rel}","templated":true}]}}