{"id":12139,"date":"2014-04-24T16:05:46","date_gmt":"2014-04-24T19:05:46","guid":{"rendered":"http:\/\/blog.cancaonova.com\/brasilia\/?p=12139"},"modified":"2014-04-24T16:36:06","modified_gmt":"2014-04-24T19:36:06","slug":"pontos-de-troca-dos-convites-cnbsb13anos","status":"publish","type":"post","link":"https:\/\/blog.cancaonova.com\/brasilia\/pontos-de-troca-dos-convites-cnbsb13anos\/","title":{"rendered":"Pontos de Troca dos Convites #cnbsb13anos"},"content":{"rendered":"<h1 style=\"text-align: center\">Onde retirar seu convite?<\/h1>\n<div id=\"attachment_12060\" style=\"width: 213px\" class=\"wp-caption aligncenter\"><a href=\"http:\/\/blog.cancaonova.com\/brasilia\/files\/2014\/04\/cnbsb13.png\"><img loading=\"lazy\" decoding=\"async\" aria-describedby=\"caption-attachment-12060\" class=\" wp-image-12060\" alt=\"cnbsb13\" src=\"http:\/\/blog.cancaonova.com\/brasilia\/files\/2014\/04\/cnbsb13-290x290.png\" width=\"203\" height=\"203\" \/><\/a><p id=\"caption-attachment-12060\" class=\"wp-caption-text\">Anivers\u00e1rio da Miss\u00e3o Can\u00e7\u00e3o Nova Bras\u00edlia<\/p><\/div>\n<p style=\"text-align: justify\">Voc\u00ea est\u00e1 se preparando para estar no <a title=\"#cnbsb13anos, a festa do ano\" href=\"http:\/\/blog.cancaonova.com\/brasilia\/?p=12044\"><strong>maior evento da Miss\u00e3o Can\u00e7\u00e3o Nova de Bras\u00edlia<\/strong><\/a> n\u00e9?<\/p>\n<p style=\"text-align: justify\">E para garantir j\u00e1 o seu lugar, voc\u00ea precisa <em><strong>apenas trocar 1kg de alimento n\u00e3o perec\u00edvel por um convite,<\/strong><\/em> simples e f\u00e1cil n\u00e9?<strong><span style=\"text-decoration: underline\"> E onde trocar estes convites?\u00a0<\/span><\/strong><\/p>\n<p style=\"text-align: justify\">Para facilitar<strong> a Can\u00e7\u00e3o Nova espalhou em v\u00e1rios lugares de Bras\u00edlia e regi\u00e3o<\/strong> os pontos de troca. Confira na apresenta\u00e7\u00e3o abaixo os locais onde voc\u00ea pode levar seu alimento.<\/p>\n<p style=\"text-align: center\"><iframe loading=\"lazy\" src=\"https:\/\/prezi.com\/embed\/u5kzfspdhr4j\/?bgcolor=ffffff&lock_to_path=0&autoplay=0&autohide_ctrls=0&features=undefined&disabled_features=undefined\" width=\"550\" height=\"400\" frameBorder=\"0\" webkitAllowFullScreen mozAllowFullscreen allowfullscreen><\/iframe><\/p>\n<h6 style=\"text-align: center\"><em><strong>(clique na setinha e encontre o local mais proximo de voc\u00ea)<\/strong><\/em><\/h6>\n<p style=\"text-align: justify\">N\u00e3o deixe de participar<em><strong> deste momento, corra hoje mesmo para algum destes locais e retire seu convite&#8230;<\/strong><\/em> Vamos nos unir para louvar a Deus e agradecer por mais um ano de <strong>Evangeliza\u00e7\u00e3o no Cora\u00e7\u00e3o do Brasil.<\/strong><\/p>\n<p style=\"text-align: justify\"><span style=\"color: #ff0000\"><em><strong>Inf.: (61) 3252-7050 \/\/ eventosdf@cancaonova.com<\/strong><\/em><\/span><\/p>\n<p style=\"text-align: justify\">Esperamos por voc\u00ea.<\/p>\n<h5 style=\"text-align: justify\"><em><strong>Can\u00e7\u00e3o Nova Bras\u00edlia<\/strong><\/em><\/h5>\n","protected":false},"excerpt":{"rendered":"<p>Onde retirar seu convite? Voc\u00ea est\u00e1 se preparando para estar no maior evento da Miss\u00e3o Can\u00e7\u00e3o Nova de Bras\u00edlia n\u00e9? E para garantir j\u00e1 o seu lugar, voc\u00ea precisa apenas trocar 1kg de alimento n\u00e3o perec\u00edvel por um convite, simples&#8230;<\/p>\n","protected":false},"author":1361,"featured_media":12060,"comment_status":"open","ping_status":"closed","sticky":false,"template":"","format":"standard","meta":{"_mi_skip_tracking":false,"_monsterinsights_sitenote_active":false,"_monsterinsights_sitenote_note":"","_monsterinsights_sitenote_category":0,"footnotes":""},"categories":[10341,20896],"tags":[16961,16504,25677,33103,80,32240],"_links":{"self":[{"href":"https:\/\/blog.cancaonova.com\/brasilia\/wp-json\/wp\/v2\/posts\/12139"}],"collection":[{"href":"https:\/\/blog.cancaonova.com\/brasilia\/wp-json\/wp\/v2\/posts"}],"about":[{"href":"https:\/\/blog.cancaonova.com\/brasilia\/wp-json\/wp\/v2\/types\/post"}],"author":[{"embeddable":true,"href":"https:\/\/blog.cancaonova.com\/brasilia\/wp-json\/wp\/v2\/users\/1361"}],"replies":[{"embeddable":true,"href":"https:\/\/blog.cancaonova.com\/brasilia\/wp-json\/wp\/v2\/comments?post=12139"}],"version-history":[{"count":4,"href":"https:\/\/blog.cancaonova.com\/brasilia\/wp-json\/wp\/v2\/posts\/12139\/revisions"}],"predecessor-version":[{"id":12143,"href":"https:\/\/blog.cancaonova.com\/brasilia\/wp-json\/wp\/v2\/posts\/12139\/revisions\/12143"}],"wp:featuredmedia":[{"embeddable":true,"href":"https:\/\/blog.cancaonova.com\/brasilia\/wp-json\/wp\/v2\/media\/12060"}],"wp:attachment":[{"href":"https:\/\/blog.cancaonova.com\/brasilia\/wp-json\/wp\/v2\/media?parent=12139"}],"wp:term":[{"taxonomy":"category","embeddable":true,"href":"https:\/\/blog.cancaonova.com\/brasilia\/wp-json\/wp\/v2\/categories?post=12139"},{"taxonomy":"post_tag","embeddable":true,"href":"https:\/\/blog.cancaonova.com\/brasilia\/wp-json\/wp\/v2\/tags?post=12139"}],"curies":[{"name":"wp","href":"https:\/\/api.w.org\/{rel}","templated":true}]}}