{"id":12146,"date":"2014-04-25T13:32:53","date_gmt":"2014-04-25T16:32:53","guid":{"rendered":"http:\/\/blog.cancaonova.com\/brasilia\/?p=12146"},"modified":"2014-04-25T13:36:27","modified_gmt":"2014-04-25T16:36:27","slug":"cnbsb13anos-a-programacao-esta-disponivel","status":"publish","type":"post","link":"https:\/\/blog.cancaonova.com\/brasilia\/cnbsb13anos-a-programacao-esta-disponivel\/","title":{"rendered":"#cnbsb13anos, A Programa\u00e7\u00e3o est\u00e1 dispon\u00edvel"},"content":{"rendered":"<h2 style=\"text-align: center\">A Festa vai come\u00e7ar!!!<\/h2>\n<p style=\"text-align: justify\">Est\u00e1 chegando o grande dia, a festa da Can\u00e7\u00e3o Nova Bras\u00edlia est\u00e1 para come\u00e7ar, e voc\u00ea \u00e9 o grande convidado para esta festa. Voc\u00ea vem n\u00e9? Ent\u00e3o confira a\u00a0<strong>programa\u00e7\u00e3o<\/strong>\u00a0deste\u00a0<a title=\"#cnbsb13anos, a festa do ano\" href=\"http:\/\/blog.cancaonova.com\/brasilia\/?p=12044\"><strong>grande evento<\/strong><\/a>\u00a0que acontecer\u00e1 nos dias\u00a0<strong>17 e 18 de maio!<\/strong><\/p>\n<p>&nbsp;<\/p>\n<p style=\"text-align: center\"><iframe loading=\"lazy\" src=\"https:\/\/www.slideshare.net\/slideshow\/embed_code\/33942537\" width=\"512\" height=\"421\" frameborder=\"0\" marginwidth=\"0\" marginheight=\"0\" scrolling=\"no\" style=\"border:1px solid #CCC; border-width:1px 1px 0; margin-bottom:5px; max-width: 100%;\" allowfullscreen> <\/iframe> <div style=\"margin-bottom:5px\"> <strong> <a href=\"https:\/\/www.slideshare.net\/giselecnova\/programao-dos-13-anos-da-cano-nova-em-braslia\" title=\"Programa\u00e7\u00e3o dos 13 anos da Can\u00e7\u00e3o Nova em Bras\u00edlia\" target=\"_blank\"><\/div><\/p>\n<h5 style=\"text-align: center\"><em>Confira a programa\u00e7\u00e3o acima e compartilhe com seus amigos<\/em><\/h5>\n<h5><\/h5>\n<p style=\"text-align: justify\">Venha participe conosco, a entrada \u00e9 1kg de alimento n\u00e3o perec\u00edvel, veja\u00a0<a title=\"Pontos de Troca dos Convites #cnbsb13anos\" href=\"http:\/\/blog.cancaonova.com\/brasilia\/?p=12139\">AQUI<\/a>\u00a0os pontos de troca, escolha o seu, pegue o seu convite e venha\u00a0<strong>celebrar conosco!!!<\/strong><\/p>\n<h5><\/h5>\n<h5><em><strong>Can\u00e7\u00e3o Nova Brasilia<\/strong><\/em><\/h5>\n<p><em><strong>\u00a0<\/strong><\/em><\/p>\n","protected":false},"excerpt":{"rendered":"<p>A Festa vai come\u00e7ar!!! Est\u00e1 chegando o grande dia, a festa da Can\u00e7\u00e3o Nova Bras\u00edlia est\u00e1 para come\u00e7ar, e voc\u00ea \u00e9 o grande convidado para esta festa. Voc\u00ea vem n\u00e9? Ent\u00e3o confira a\u00a0programa\u00e7\u00e3o\u00a0deste\u00a0grande evento\u00a0que acontecer\u00e1 nos dias\u00a017 e 18 de&#8230;<\/p>\n","protected":false},"author":1361,"featured_media":12060,"comment_status":"open","ping_status":"closed","sticky":false,"template":"","format":"standard","meta":{"_mi_skip_tracking":false,"_monsterinsights_sitenote_active":false,"_monsterinsights_sitenote_note":"","_monsterinsights_sitenote_category":0,"footnotes":""},"categories":[10341,20896],"tags":[16504,5011,168160,17409,27513,70,155056,136082,104,26976],"_links":{"self":[{"href":"https:\/\/blog.cancaonova.com\/brasilia\/wp-json\/wp\/v2\/posts\/12146"}],"collection":[{"href":"https:\/\/blog.cancaonova.com\/brasilia\/wp-json\/wp\/v2\/posts"}],"about":[{"href":"https:\/\/blog.cancaonova.com\/brasilia\/wp-json\/wp\/v2\/types\/post"}],"author":[{"embeddable":true,"href":"https:\/\/blog.cancaonova.com\/brasilia\/wp-json\/wp\/v2\/users\/1361"}],"replies":[{"embeddable":true,"href":"https:\/\/blog.cancaonova.com\/brasilia\/wp-json\/wp\/v2\/comments?post=12146"}],"version-history":[{"count":7,"href":"https:\/\/blog.cancaonova.com\/brasilia\/wp-json\/wp\/v2\/posts\/12146\/revisions"}],"predecessor-version":[{"id":12152,"href":"https:\/\/blog.cancaonova.com\/brasilia\/wp-json\/wp\/v2\/posts\/12146\/revisions\/12152"}],"wp:featuredmedia":[{"embeddable":true,"href":"https:\/\/blog.cancaonova.com\/brasilia\/wp-json\/wp\/v2\/media\/12060"}],"wp:attachment":[{"href":"https:\/\/blog.cancaonova.com\/brasilia\/wp-json\/wp\/v2\/media?parent=12146"}],"wp:term":[{"taxonomy":"category","embeddable":true,"href":"https:\/\/blog.cancaonova.com\/brasilia\/wp-json\/wp\/v2\/categories?post=12146"},{"taxonomy":"post_tag","embeddable":true,"href":"https:\/\/blog.cancaonova.com\/brasilia\/wp-json\/wp\/v2\/tags?post=12146"}],"curies":[{"name":"wp","href":"https:\/\/api.w.org\/{rel}","templated":true}]}}