{"id":12156,"date":"2014-04-30T09:10:55","date_gmt":"2014-04-30T12:10:55","guid":{"rendered":"http:\/\/blog.cancaonova.com\/brasilia\/?p=12156"},"modified":"2014-04-29T18:04:09","modified_gmt":"2014-04-29T21:04:09","slug":"festa-aniversario-da-paty-mendes","status":"publish","type":"post","link":"https:\/\/blog.cancaonova.com\/brasilia\/festa-aniversario-da-paty-mendes\/","title":{"rendered":"FESTA: Anivers\u00e1rio da Paty Mendes"},"content":{"rendered":"<h2 style=\"text-align: center\">Parab\u00e9ns Patricia!!!<\/h2>\n<div id=\"attachment_12157\" style=\"width: 213px\" class=\"wp-caption aligncenter\"><a href=\"http:\/\/blog.cancaonova.com\/brasilia\/files\/2014\/04\/547863_659911480710440_1458135021_n.jpg\"><img loading=\"lazy\" decoding=\"async\" aria-describedby=\"caption-attachment-12157\" class=\" wp-image-12157\" alt=\"Patr\u00edcia Mendes\" src=\"http:\/\/blog.cancaonova.com\/brasilia\/files\/2014\/04\/547863_659911480710440_1458135021_n-290x290.jpg\" width=\"203\" height=\"203\" \/><\/a><p id=\"caption-attachment-12157\" class=\"wp-caption-text\">Patr\u00edcia Mendes<\/p><\/div>\n<p>Hoje c<em><strong>elebramos com alegria a vida da<a title=\"Perfil da Patricia Mendes \" href=\"https:\/\/www.facebook.com\/patriciamendescn\" target=\"_blank\"> Patr\u00edcia Mendes,<\/a><\/strong> membro da Comunidade Can\u00e7\u00e3o Nova<\/em>, que atualmente mora aqui em Bras\u00edlia.<\/p>\n<p>Sua vida e presen\u00e7a nesta miss\u00e3o \u00e9 um DOM, <strong>um presente de Deus para todos n\u00f3s.<\/strong> Nos alegramos com voc\u00ea neste dia especial e queremos clamar a Deus por sua vida neste dia, <strong>pedindo a Ele que derrame profundamente Sua Miseric\u00f3rdia sobre voc\u00ea. <\/strong><\/p>\n<p>Que nos bra\u00e7os de Jesus Misericordioso voc\u00ea possa descansar. E que a cada dia deste <strong>novo Tempo de Deus<\/strong> voc\u00ea possa colher os frutos de sua entrega a Ele.<\/p>\n<p>&nbsp;<\/p>\n\n\t\t<style type=\"text\/css\">\n\t\t\t#gallery-1 {\n\t\t\t\tmargin: auto;\n\t\t\t}\n\t\t\t#gallery-1 .gallery-item {\n\t\t\t\tfloat: left;\n\t\t\t\tmargin-top: 10px;\n\t\t\t\ttext-align: center;\n\t\t\t\twidth: 25%;\n\t\t\t}\n\t\t\t#gallery-1 img {\n\t\t\t\tborder: 2px solid #cfcfcf;\n\t\t\t}\n\t\t\t#gallery-1 .gallery-caption {\n\t\t\t\tmargin-left: 0;\n\t\t\t}\n\t\t\t\/* see gallery_shortcode() in wp-includes\/media.php *\/\n\t\t<\/style>\n\t\t<div id='gallery-1' class='gallery galleryid-12156 gallery-columns-4 gallery-size-thumbnail'><dl class='gallery-item'>\n\t\t\t<dt class='gallery-icon landscape'>\n\t\t\t\t<a href='https:\/\/blog.cancaonova.com\/brasilia\/festa-aniversario-da-paty-mendes\/425339_10200234269999574_1858124395_n\/'><img loading=\"lazy\" decoding=\"async\" width=\"290\" height=\"290\" src=\"https:\/\/blog.cancaonova.com\/brasilia\/files\/2014\/04\/425339_10200234269999574_1858124395_n-290x290.jpg\" class=\"attachment-thumbnail size-thumbnail\" alt=\"\" \/><\/a>\n\t\t\t<\/dt><\/dl><dl class='gallery-item'>\n\t\t\t<dt class='gallery-icon landscape'>\n\t\t\t\t<a href='https:\/\/blog.cancaonova.com\/brasilia\/festa-aniversario-da-paty-mendes\/10155193_10201971549550477_501206386_n\/'><img loading=\"lazy\" decoding=\"async\" width=\"290\" height=\"290\" src=\"https:\/\/blog.cancaonova.com\/brasilia\/files\/2014\/04\/10155193_10201971549550477_501206386_n-290x290.jpg\" class=\"attachment-thumbnail size-thumbnail\" alt=\"\" \/><\/a>\n\t\t\t<\/dt><\/dl><dl class='gallery-item'>\n\t\t\t<dt class='gallery-icon landscape'>\n\t\t\t\t<a href='https:\/\/blog.cancaonova.com\/brasilia\/festa-aniversario-da-paty-mendes\/270054_443545012368628_466632941_n\/'><img loading=\"lazy\" decoding=\"async\" width=\"290\" height=\"290\" src=\"https:\/\/blog.cancaonova.com\/brasilia\/files\/2014\/04\/270054_443545012368628_466632941_n-290x290.jpg\" class=\"attachment-thumbnail size-thumbnail\" alt=\"\" \/><\/a>\n\t\t\t<\/dt><\/dl><dl class='gallery-item'>\n\t\t\t<dt class='gallery-icon landscape'>\n\t\t\t\t<a href='https:\/\/blog.cancaonova.com\/brasilia\/festa-aniversario-da-paty-mendes\/883844_10202530735564343_1187500584402975270_o\/'><img loading=\"lazy\" decoding=\"async\" width=\"290\" height=\"290\" src=\"https:\/\/blog.cancaonova.com\/brasilia\/files\/2014\/04\/883844_10202530735564343_1187500584402975270_o-290x290.jpg\" class=\"attachment-thumbnail size-thumbnail\" alt=\"\" \/><\/a>\n\t\t\t<\/dt><\/dl><br style=\"clear: both\" \/>\n\t\t<\/div>\n\n<p style=\"text-align: center\"><em><strong>Parab\u00e9ns Patricia&#8230;<\/strong><\/em><\/p>\n<p>&nbsp;<\/p>\n<h5><strong>Can\u00e7\u00e3o Nova Bras\u00edlia<\/strong><\/h5>\n<p>***<\/p>\n<p>Celebre conosco e deixe nos coment\u00e1rios sua mensagem para ela. E reze uma Ave-Maria em sua inten\u00e7\u00e3o.<\/p>\n","protected":false},"excerpt":{"rendered":"<p>Parab\u00e9ns Patricia!!! Hoje celebramos com alegria a vida da Patr\u00edcia Mendes, membro da Comunidade Can\u00e7\u00e3o Nova, que atualmente mora aqui em Bras\u00edlia. Sua vida e presen\u00e7a nesta miss\u00e3o \u00e9 um DOM, um presente de Deus para todos n\u00f3s. Nos alegramos&#8230;<\/p>\n","protected":false},"author":1361,"featured_media":12157,"comment_status":"open","ping_status":"closed","sticky":false,"template":"","format":"standard","meta":{"_mi_skip_tracking":false,"_monsterinsights_sitenote_active":false,"_monsterinsights_sitenote_note":"","_monsterinsights_sitenote_category":0,"footnotes":""},"categories":[10341],"tags":[16504,5011,17377,16541,168173,39],"_links":{"self":[{"href":"https:\/\/blog.cancaonova.com\/brasilia\/wp-json\/wp\/v2\/posts\/12156"}],"collection":[{"href":"https:\/\/blog.cancaonova.com\/brasilia\/wp-json\/wp\/v2\/posts"}],"about":[{"href":"https:\/\/blog.cancaonova.com\/brasilia\/wp-json\/wp\/v2\/types\/post"}],"author":[{"embeddable":true,"href":"https:\/\/blog.cancaonova.com\/brasilia\/wp-json\/wp\/v2\/users\/1361"}],"replies":[{"embeddable":true,"href":"https:\/\/blog.cancaonova.com\/brasilia\/wp-json\/wp\/v2\/comments?post=12156"}],"version-history":[{"count":2,"href":"https:\/\/blog.cancaonova.com\/brasilia\/wp-json\/wp\/v2\/posts\/12156\/revisions"}],"predecessor-version":[{"id":12163,"href":"https:\/\/blog.cancaonova.com\/brasilia\/wp-json\/wp\/v2\/posts\/12156\/revisions\/12163"}],"wp:featuredmedia":[{"embeddable":true,"href":"https:\/\/blog.cancaonova.com\/brasilia\/wp-json\/wp\/v2\/media\/12157"}],"wp:attachment":[{"href":"https:\/\/blog.cancaonova.com\/brasilia\/wp-json\/wp\/v2\/media?parent=12156"}],"wp:term":[{"taxonomy":"category","embeddable":true,"href":"https:\/\/blog.cancaonova.com\/brasilia\/wp-json\/wp\/v2\/categories?post=12156"},{"taxonomy":"post_tag","embeddable":true,"href":"https:\/\/blog.cancaonova.com\/brasilia\/wp-json\/wp\/v2\/tags?post=12156"}],"curies":[{"name":"wp","href":"https:\/\/api.w.org\/{rel}","templated":true}]}}