{"id":12167,"date":"2014-05-08T10:10:47","date_gmt":"2014-05-08T13:10:47","guid":{"rendered":"http:\/\/blog.cancaonova.com\/brasilia\/?p=12167"},"modified":"2014-05-23T12:16:10","modified_gmt":"2014-05-23T15:16:10","slug":"festa-aniversario-da-flavia","status":"publish","type":"post","link":"https:\/\/blog.cancaonova.com\/brasilia\/festa-aniversario-da-flavia\/","title":{"rendered":"FESTA: Anivers\u00e1rio da Fl\u00e1via..."},"content":{"rendered":"<h1 style=\"text-align: center\">Feliz Anivers\u00e1rio Fl\u00e1via!!!<\/h1>\n<div id=\"attachment_12171\" style=\"width: 184px\" class=\"wp-caption aligncenter\"><a href=\"http:\/\/blog.cancaonova.com\/brasilia\/files\/2014\/05\/945080_519014584824148_1212241773_n.jpg\"><img loading=\"lazy\" decoding=\"async\" aria-describedby=\"caption-attachment-12171\" class=\" wp-image-12171\" alt=\"Fl\u00e1via Soares\" src=\"http:\/\/blog.cancaonova.com\/brasilia\/files\/2014\/05\/945080_519014584824148_1212241773_n-290x290.jpg\" width=\"174\" height=\"174\" \/><\/a><p id=\"caption-attachment-12171\" class=\"wp-caption-text\">Fl\u00e1via Soares<br \/>Membro da Comunidade Can\u00e7\u00e3o Nova<\/p><\/div>\n<p style=\"text-align: center\"><strong>Na Can\u00e7\u00e3o Nova celebramos a VIDA.<\/strong> Celebramos cada pessoa em sua particularidade.<\/p>\n<p style=\"text-align: justify\">E hoje queremos agradecer a Deus pelo <em><strong>DOM da vida da Fl\u00e1via Soares<\/strong><\/em>. Membro da Comunidade Can\u00e7\u00e3o Nova, que hoje vive aqui em Bras\u00edlia.<\/p>\n<p style=\"text-align: center\">Sua vida \u00e9 um presente, um DOM para todos n\u00f3s, que sua vida seja sempre repleta de alegrias e ben\u00e7\u00e3os do c\u00e9u. Que a Sua entrega, seja recompensada no c\u00e9u.<\/p>\n\n\t\t<style type=\"text\/css\">\n\t\t\t#gallery-1 {\n\t\t\t\tmargin: auto;\n\t\t\t}\n\t\t\t#gallery-1 .gallery-item {\n\t\t\t\tfloat: left;\n\t\t\t\tmargin-top: 10px;\n\t\t\t\ttext-align: center;\n\t\t\t\twidth: 25%;\n\t\t\t}\n\t\t\t#gallery-1 img {\n\t\t\t\tborder: 2px solid #cfcfcf;\n\t\t\t}\n\t\t\t#gallery-1 .gallery-caption {\n\t\t\t\tmargin-left: 0;\n\t\t\t}\n\t\t\t\/* see gallery_shortcode() in wp-includes\/media.php *\/\n\t\t<\/style>\n\t\t<div id='gallery-1' class='gallery galleryid-12167 gallery-columns-4 gallery-size-thumbnail'><dl class='gallery-item'>\n\t\t\t<dt class='gallery-icon landscape'>\n\t\t\t\t<a href='https:\/\/blog.cancaonova.com\/brasilia\/festa-aniversario-da-flavia\/1230005_577804505611822_1036611975_n\/'><img loading=\"lazy\" decoding=\"async\" width=\"290\" height=\"290\" src=\"https:\/\/blog.cancaonova.com\/brasilia\/files\/2014\/05\/1230005_577804505611822_1036611975_n-290x290.jpg\" class=\"attachment-thumbnail size-thumbnail\" alt=\"\" \/><\/a>\n\t\t\t<\/dt><\/dl><dl class='gallery-item'>\n\t\t\t<dt class='gallery-icon landscape'>\n\t\t\t\t<a href='https:\/\/blog.cancaonova.com\/brasilia\/festa-aniversario-da-flavia\/383143_509853112406962_1211080497_n\/'><img loading=\"lazy\" decoding=\"async\" width=\"290\" height=\"290\" src=\"https:\/\/blog.cancaonova.com\/brasilia\/files\/2014\/05\/383143_509853112406962_1211080497_n-290x290.jpg\" class=\"attachment-thumbnail size-thumbnail\" alt=\"\" \/><\/a>\n\t\t\t<\/dt><\/dl><dl class='gallery-item'>\n\t\t\t<dt class='gallery-icon landscape'>\n\t\t\t\t<a href='https:\/\/blog.cancaonova.com\/brasilia\/festa-aniversario-da-flavia\/579597_555570137835259_382594412_n\/'><img loading=\"lazy\" decoding=\"async\" width=\"290\" height=\"290\" src=\"https:\/\/blog.cancaonova.com\/brasilia\/files\/2014\/05\/579597_555570137835259_382594412_n-290x290.jpg\" class=\"attachment-thumbnail size-thumbnail\" alt=\"\" \/><\/a>\n\t\t\t<\/dt><\/dl><dl class='gallery-item'>\n\t\t\t<dt class='gallery-icon portrait'>\n\t\t\t\t<a href='https:\/\/blog.cancaonova.com\/brasilia\/festa-aniversario-da-flavia\/374522_610909492301323_1737166990_n\/'><img loading=\"lazy\" decoding=\"async\" width=\"290\" height=\"290\" src=\"https:\/\/blog.cancaonova.com\/brasilia\/files\/2014\/05\/374522_610909492301323_1737166990_n-290x290.jpg\" class=\"attachment-thumbnail size-thumbnail\" alt=\"\" \/><\/a>\n\t\t\t<\/dt><\/dl><br style=\"clear: both\" \/>\n\t\t<\/div>\n\n<h5 style=\"text-align: center\"><strong><em>Felicidades neste dia e em todos os outros da sua vida&#8230;Parab\u00e9ns&#8230;<\/em><\/strong><\/h5>\n<h6 style=\"text-align: left\"><\/h6>\n<h6 style=\"text-align: left\"><\/h6>\n<h6 style=\"text-align: left\"><em><strong>Can\u00e7\u00e3o Nova Bras\u00edlia<\/strong><\/em><\/h6>\n<p>&nbsp;<\/p>\n<p>*****<\/p>\n<p>Deixe nos coment\u00e1rios sua mensagem para a Fl\u00e1via e aproveite o dia de hoje e reze pelo DOM da vida dela.<\/p>\n","protected":false},"excerpt":{"rendered":"<p>Feliz Anivers\u00e1rio Fl\u00e1via!!! Na Can\u00e7\u00e3o Nova celebramos a VIDA. Celebramos cada pessoa em sua particularidade. E hoje queremos agradecer a Deus pelo DOM da vida da Fl\u00e1via Soares. Membro da Comunidade Can\u00e7\u00e3o Nova, que hoje vive aqui em Bras\u00edlia. Sua&#8230;<\/p>\n","protected":false},"author":1361,"featured_media":12169,"comment_status":"open","ping_status":"closed","sticky":false,"template":"","format":"standard","meta":{"_mi_skip_tracking":false,"_monsterinsights_sitenote_active":false,"_monsterinsights_sitenote_note":"","_monsterinsights_sitenote_category":0,"footnotes":""},"categories":[10341],"tags":[],"_links":{"self":[{"href":"https:\/\/blog.cancaonova.com\/brasilia\/wp-json\/wp\/v2\/posts\/12167"}],"collection":[{"href":"https:\/\/blog.cancaonova.com\/brasilia\/wp-json\/wp\/v2\/posts"}],"about":[{"href":"https:\/\/blog.cancaonova.com\/brasilia\/wp-json\/wp\/v2\/types\/post"}],"author":[{"embeddable":true,"href":"https:\/\/blog.cancaonova.com\/brasilia\/wp-json\/wp\/v2\/users\/1361"}],"replies":[{"embeddable":true,"href":"https:\/\/blog.cancaonova.com\/brasilia\/wp-json\/wp\/v2\/comments?post=12167"}],"version-history":[{"count":5,"href":"https:\/\/blog.cancaonova.com\/brasilia\/wp-json\/wp\/v2\/posts\/12167\/revisions"}],"predecessor-version":[{"id":12189,"href":"https:\/\/blog.cancaonova.com\/brasilia\/wp-json\/wp\/v2\/posts\/12167\/revisions\/12189"}],"wp:featuredmedia":[{"embeddable":true,"href":"https:\/\/blog.cancaonova.com\/brasilia\/wp-json\/wp\/v2\/media\/12169"}],"wp:attachment":[{"href":"https:\/\/blog.cancaonova.com\/brasilia\/wp-json\/wp\/v2\/media?parent=12167"}],"wp:term":[{"taxonomy":"category","embeddable":true,"href":"https:\/\/blog.cancaonova.com\/brasilia\/wp-json\/wp\/v2\/categories?post=12167"},{"taxonomy":"post_tag","embeddable":true,"href":"https:\/\/blog.cancaonova.com\/brasilia\/wp-json\/wp\/v2\/tags?post=12167"}],"curies":[{"name":"wp","href":"https:\/\/api.w.org\/{rel}","templated":true}]}}