{"id":12179,"date":"2014-05-14T09:44:53","date_gmt":"2014-05-14T12:44:53","guid":{"rendered":"http:\/\/blog.cancaonova.com\/brasilia\/?p=12179"},"modified":"2014-05-14T09:46:09","modified_gmt":"2014-05-14T12:46:09","slug":"um-ato-de-generosidade","status":"publish","type":"post","link":"https:\/\/blog.cancaonova.com\/brasilia\/um-ato-de-generosidade\/","title":{"rendered":"Um ato de generosidade"},"content":{"rendered":"<h2 style=\"text-align: center\">Sua participa\u00e7\u00e3o=Generosidade<\/h2>\n<p style=\"text-align: justify\">\n<p style=\"text-align: justify\">Para o anivers\u00e1rio da<a title=\"#cnbsb13anos, a festa do ano\" href=\"http:\/\/blog.cancaonova.com\/brasilia\/?p=12044\"><strong> Can\u00e7\u00e3o Nova em Bras\u00edlia<\/strong><\/a>, Deus nos inspirou para que <strong>ajud\u00e1ssemos<\/strong> outras institui\u00e7\u00f5es que <strong>atendem os mais necessitados,<\/strong>\u00a0atrav\u00e9s da doa\u00e7\u00e3o de alimentos n\u00e3o perec\u00edveis. Com sua ajuda ao participar deste evento poderemos levar a frente esta inspira\u00e7\u00e3o.<\/p>\n<p style=\"text-align: center\">Vejam quais institui\u00e7\u00f5es j\u00e1 foram beneficiadas com a sua doa\u00e7\u00e3o!<\/p>\n<p style=\"text-align: left\"><strong><em>Comunidade Cat\u00f3lica Gratid\u00e3o (61)3879-4959<\/em><\/strong><br \/>\n<strong><em>Lumen Dei &#8211; Creche na Estrutural Tel. 3244-9231<\/em><\/strong><br \/>\n<strong><em>Vila do Pequenino Jesus &#8211; Casa de acolhida para crian\u00e7as especiais\/Tel: (61)3526-0506 8140-0198<\/em><\/strong><br \/>\n<strong><em>Associa\u00e7\u00e3o S\u00e3o Vicente de Paula &#8211; Lar dos Velinhos de Tag. Sul 3561-4672<\/em><\/strong><br \/>\n<strong><em>Centro S\u00f3cioeducativo Santo An\u00edbal \u2013 3301- 1160 \u2013 Guar\u00e1 II<\/em><\/strong><\/p>\n<p style=\"text-align: center\"><a href=\"http:\/\/blog.cancaonova.com\/brasilia\/files\/2014\/05\/doa\u00e7\u00e3o.png\"><img loading=\"lazy\" decoding=\"async\" class=\"aligncenter  wp-image-12180\" alt=\"doa\u00e7\u00e3o\" src=\"http:\/\/blog.cancaonova.com\/brasilia\/files\/2014\/05\/doa\u00e7\u00e3o-600x300.png\" width=\"360\" height=\"180\" srcset=\"https:\/\/blog.cancaonova.com\/brasilia\/files\/2014\/05\/doa\u00e7\u00e3o-600x300.png 600w, https:\/\/blog.cancaonova.com\/brasilia\/files\/2014\/05\/doa\u00e7\u00e3o-300x150.png 300w, https:\/\/blog.cancaonova.com\/brasilia\/files\/2014\/05\/doa\u00e7\u00e3o-150x75.png 150w\" sizes=\"(max-width: 360px) 100vw, 360px\" \/><\/a><\/p>\n<p style=\"text-align: justify\"><em><strong>Deus aben\u00e7oe sua generosidade!<\/strong><\/em> Com certeza estas pessoas ser\u00e3o eternamente gratas!<\/p>\n<h6 style=\"text-align: justify\"><em><strong>Can\u00e7\u00e3o Nova Bras\u00edlia<\/strong><\/em><\/h6>\n<p>&nbsp;<\/p>\n<p>&nbsp;<\/p>\n<p>&nbsp;<\/p>\n","protected":false},"excerpt":{"rendered":"<p>Para o anivers\u00e1rio da Can\u00e7\u00e3o Nova em Bras\u00edlia, Deus nos inspirou para que ajud\u00e1ssemos outras institui\u00e7\u00f5es que atendem os mais necessitados, atrav\u00e9s da doa\u00e7\u00e3o de alimentos n\u00e3o perec\u00edveis. Com sua ajuda ao participar deste evento poderemos levar a frente esta inspira\u00e7\u00e3o. <a href=\"https:\/\/blog.cancaonova.com\/brasilia\/um-ato-de-generosidade\/\">Continue lendo <span class=\"meta-nav\">&rarr;<\/span><\/a><\/p>\n","protected":false},"author":1361,"featured_media":12180,"comment_status":"open","ping_status":"closed","sticky":false,"template":"","format":"standard","meta":{"_mi_skip_tracking":false,"_monsterinsights_sitenote_active":false,"_monsterinsights_sitenote_note":"","_monsterinsights_sitenote_category":0,"footnotes":""},"categories":[10341,20896],"tags":[6721,28188,5011,15812,168160,12051,17604,18047],"_links":{"self":[{"href":"https:\/\/blog.cancaonova.com\/brasilia\/wp-json\/wp\/v2\/posts\/12179"}],"collection":[{"href":"https:\/\/blog.cancaonova.com\/brasilia\/wp-json\/wp\/v2\/posts"}],"about":[{"href":"https:\/\/blog.cancaonova.com\/brasilia\/wp-json\/wp\/v2\/types\/post"}],"author":[{"embeddable":true,"href":"https:\/\/blog.cancaonova.com\/brasilia\/wp-json\/wp\/v2\/users\/1361"}],"replies":[{"embeddable":true,"href":"https:\/\/blog.cancaonova.com\/brasilia\/wp-json\/wp\/v2\/comments?post=12179"}],"version-history":[{"count":8,"href":"https:\/\/blog.cancaonova.com\/brasilia\/wp-json\/wp\/v2\/posts\/12179\/revisions"}],"predecessor-version":[{"id":12188,"href":"https:\/\/blog.cancaonova.com\/brasilia\/wp-json\/wp\/v2\/posts\/12179\/revisions\/12188"}],"wp:featuredmedia":[{"embeddable":true,"href":"https:\/\/blog.cancaonova.com\/brasilia\/wp-json\/wp\/v2\/media\/12180"}],"wp:attachment":[{"href":"https:\/\/blog.cancaonova.com\/brasilia\/wp-json\/wp\/v2\/media?parent=12179"}],"wp:term":[{"taxonomy":"category","embeddable":true,"href":"https:\/\/blog.cancaonova.com\/brasilia\/wp-json\/wp\/v2\/categories?post=12179"},{"taxonomy":"post_tag","embeddable":true,"href":"https:\/\/blog.cancaonova.com\/brasilia\/wp-json\/wp\/v2\/tags?post=12179"}],"curies":[{"name":"wp","href":"https:\/\/api.w.org\/{rel}","templated":true}]}}