{"id":12192,"date":"2014-05-23T12:01:44","date_gmt":"2014-05-23T15:01:44","guid":{"rendered":"http:\/\/blog.cancaonova.com\/brasilia\/?p=12192"},"modified":"2014-05-23T12:07:24","modified_gmt":"2014-05-23T15:07:24","slug":"festa-aniversario-da-gi-pires","status":"publish","type":"post","link":"https:\/\/blog.cancaonova.com\/brasilia\/festa-aniversario-da-gi-pires\/","title":{"rendered":"FESTA: Anivers\u00e1rio da Gi Pires"},"content":{"rendered":"<h2 style=\"text-align: center\">Feliz Anivers\u00e1rio Gisele<\/h2>\n<h1 style=\"text-align: center\"><a href=\"http:\/\/blog.cancaonova.com\/brasilia\/files\/2014\/05\/1005443_537374572982715_749825981_n.jpg\"><img loading=\"lazy\" decoding=\"async\" class=\"aligncenter  wp-image-12196\" alt=\"Gi Pires\" src=\"http:\/\/blog.cancaonova.com\/brasilia\/files\/2014\/05\/1005443_537374572982715_749825981_n-600x300.jpg\" width=\"360\" height=\"180\" srcset=\"https:\/\/blog.cancaonova.com\/brasilia\/files\/2014\/05\/1005443_537374572982715_749825981_n-600x300.jpg 600w, https:\/\/blog.cancaonova.com\/brasilia\/files\/2014\/05\/1005443_537374572982715_749825981_n-300x150.jpg 300w, https:\/\/blog.cancaonova.com\/brasilia\/files\/2014\/05\/1005443_537374572982715_749825981_n-150x75.jpg 150w\" sizes=\"(max-width: 360px) 100vw, 360px\" \/><\/a><\/h1>\n<p>Hoje <strong>celebramos o DOM da vida de nossa irm\u00e3 Gisele Pires,<\/strong> membro da comunidade Can\u00e7\u00e3o Nova aqui em Bras\u00edlia<strong>.<\/strong> Nos alegramos por poder vivermos contigo mais este ano. Sua vida \u00e9 canal de Deus para aqueles que est\u00e3o a sua volta.<\/p>\n<p>Que <em><strong>sua vida seja repleta de realiza\u00e7\u00f5es e de ben\u00e7\u00e3os do c\u00e9u<\/strong><\/em>. O senhor recompensa aqueles que d\u00e3o com alegria. Que a sua vida seja sempre esta resposta ao Amor de Deus.<\/p>\n<p>Felicidades e que a Virgem Maria esteja sempre ao seu lado&#8230;<\/p>\n\n\t\t<style type=\"text\/css\">\n\t\t\t#gallery-1 {\n\t\t\t\tmargin: auto;\n\t\t\t}\n\t\t\t#gallery-1 .gallery-item {\n\t\t\t\tfloat: left;\n\t\t\t\tmargin-top: 10px;\n\t\t\t\ttext-align: center;\n\t\t\t\twidth: 25%;\n\t\t\t}\n\t\t\t#gallery-1 img {\n\t\t\t\tborder: 2px solid #cfcfcf;\n\t\t\t}\n\t\t\t#gallery-1 .gallery-caption {\n\t\t\t\tmargin-left: 0;\n\t\t\t}\n\t\t\t\/* see gallery_shortcode() in wp-includes\/media.php *\/\n\t\t<\/style>\n\t\t<div id='gallery-1' class='gallery galleryid-12192 gallery-columns-4 gallery-size-thumbnail'><dl class='gallery-item'>\n\t\t\t<dt class='gallery-icon landscape'>\n\t\t\t\t<a href='https:\/\/blog.cancaonova.com\/brasilia\/festa-aniversario-da-gi-pires\/1012721_10202367678096326_428443144_n\/'><img loading=\"lazy\" decoding=\"async\" width=\"290\" height=\"290\" src=\"https:\/\/blog.cancaonova.com\/brasilia\/files\/2014\/05\/1012721_10202367678096326_428443144_n-290x290.jpg\" class=\"attachment-thumbnail size-thumbnail\" alt=\"\" \/><\/a>\n\t\t\t<\/dt><\/dl><dl class='gallery-item'>\n\t\t\t<dt class='gallery-icon landscape'>\n\t\t\t\t<a href='https:\/\/blog.cancaonova.com\/brasilia\/festa-aniversario-da-gi-pires\/992639_10201054621987861_1975101265_n\/'><img loading=\"lazy\" decoding=\"async\" width=\"290\" height=\"290\" src=\"https:\/\/blog.cancaonova.com\/brasilia\/files\/2014\/05\/992639_10201054621987861_1975101265_n-290x290.jpg\" class=\"attachment-thumbnail size-thumbnail\" alt=\"\" \/><\/a>\n\t\t\t<\/dt><\/dl><dl class='gallery-item'>\n\t\t\t<dt class='gallery-icon landscape'>\n\t\t\t\t<a href='https:\/\/blog.cancaonova.com\/brasilia\/festa-aniversario-da-gi-pires\/1240602_552999808086858_1469793438_n\/'><img loading=\"lazy\" decoding=\"async\" width=\"290\" height=\"290\" src=\"https:\/\/blog.cancaonova.com\/brasilia\/files\/2014\/05\/1240602_552999808086858_1469793438_n-290x290.jpg\" class=\"attachment-thumbnail size-thumbnail\" alt=\"\" \/><\/a>\n\t\t\t<\/dt><\/dl><dl class='gallery-item'>\n\t\t\t<dt class='gallery-icon landscape'>\n\t\t\t\t<a href='https:\/\/blog.cancaonova.com\/brasilia\/festa-aniversario-da-gi-pires\/1779108_10203120315951802_47264386_n\/'><img loading=\"lazy\" decoding=\"async\" width=\"290\" height=\"290\" src=\"https:\/\/blog.cancaonova.com\/brasilia\/files\/2014\/05\/1779108_10203120315951802_47264386_n-290x290.jpg\" class=\"attachment-thumbnail size-thumbnail\" alt=\"\" \/><\/a>\n\t\t\t<\/dt><\/dl><br style=\"clear: both\" \/>\n\t\t<\/div>\n\n<p style=\"text-align: center\"><strong><em>Feliz Anivers\u00e1rio.<\/em><\/strong><\/p>\n<p>&nbsp;<\/p>\n<p>&nbsp;<\/p>\n<p>Can\u00e7\u00e3o Nova Brasilia<\/p>\n<p>***<\/p>\n<p>Celebre conosco, rezando uma Ave-Maria por ela e deixando sua mensagem nos coment\u00e1rios.<\/p>\n","protected":false},"excerpt":{"rendered":"<p>Feliz Anivers\u00e1rio Gisele Hoje celebramos o DOM da vida de nossa irm\u00e3 Gisele Pires, membro da comunidade Can\u00e7\u00e3o Nova aqui em Bras\u00edlia. Nos alegramos por poder vivermos contigo mais este ano. Sua vida \u00e9 canal de Deus para aqueles que&#8230;<\/p>\n","protected":false},"author":1361,"featured_media":12196,"comment_status":"open","ping_status":"closed","sticky":false,"template":"","format":"standard","meta":{"_mi_skip_tracking":false,"_monsterinsights_sitenote_active":false,"_monsterinsights_sitenote_note":"","_monsterinsights_sitenote_category":0,"footnotes":""},"categories":[10341],"tags":[16504,19296,5011,20382,16541,168178,39],"_links":{"self":[{"href":"https:\/\/blog.cancaonova.com\/brasilia\/wp-json\/wp\/v2\/posts\/12192"}],"collection":[{"href":"https:\/\/blog.cancaonova.com\/brasilia\/wp-json\/wp\/v2\/posts"}],"about":[{"href":"https:\/\/blog.cancaonova.com\/brasilia\/wp-json\/wp\/v2\/types\/post"}],"author":[{"embeddable":true,"href":"https:\/\/blog.cancaonova.com\/brasilia\/wp-json\/wp\/v2\/users\/1361"}],"replies":[{"embeddable":true,"href":"https:\/\/blog.cancaonova.com\/brasilia\/wp-json\/wp\/v2\/comments?post=12192"}],"version-history":[{"count":3,"href":"https:\/\/blog.cancaonova.com\/brasilia\/wp-json\/wp\/v2\/posts\/12192\/revisions"}],"predecessor-version":[{"id":12203,"href":"https:\/\/blog.cancaonova.com\/brasilia\/wp-json\/wp\/v2\/posts\/12192\/revisions\/12203"}],"wp:featuredmedia":[{"embeddable":true,"href":"https:\/\/blog.cancaonova.com\/brasilia\/wp-json\/wp\/v2\/media\/12196"}],"wp:attachment":[{"href":"https:\/\/blog.cancaonova.com\/brasilia\/wp-json\/wp\/v2\/media?parent=12192"}],"wp:term":[{"taxonomy":"category","embeddable":true,"href":"https:\/\/blog.cancaonova.com\/brasilia\/wp-json\/wp\/v2\/categories?post=12192"},{"taxonomy":"post_tag","embeddable":true,"href":"https:\/\/blog.cancaonova.com\/brasilia\/wp-json\/wp\/v2\/tags?post=12192"}],"curies":[{"name":"wp","href":"https:\/\/api.w.org\/{rel}","templated":true}]}}