{"id":12204,"date":"2014-05-27T12:30:53","date_gmt":"2014-05-27T15:30:53","guid":{"rendered":"http:\/\/blog.cancaonova.com\/brasilia\/?p=12204"},"modified":"2014-05-27T10:15:29","modified_gmt":"2014-05-27T13:15:29","slug":"festa-da-loja-cancao-nova-brasilia","status":"publish","type":"post","link":"https:\/\/blog.cancaonova.com\/brasilia\/festa-da-loja-cancao-nova-brasilia\/","title":{"rendered":"Festa da Loja Can\u00e7\u00e3o Nova Bras\u00edlia"},"content":{"rendered":"<h2 style=\"text-align: center\"><strong>Loja Can\u00e7\u00e3o Nova Bras\u00edlia, 06 anos<\/strong><\/h2>\n<div id=\"attachment_12209\" style=\"width: 184px\" class=\"wp-caption aligncenter\"><a href=\"http:\/\/blog.cancaonova.com\/brasilia\/files\/2014\/05\/580041_438096486201722_2067311213_n.jpg\"><img loading=\"lazy\" decoding=\"async\" aria-describedby=\"caption-attachment-12209\" class=\" wp-image-12209\" alt=\"Padre Vagner Ba\u00eda\" src=\"http:\/\/blog.cancaonova.com\/brasilia\/files\/2014\/05\/580041_438096486201722_2067311213_n-290x290.jpg\" width=\"174\" height=\"174\" \/><\/a><p id=\"caption-attachment-12209\" class=\"wp-caption-text\">Padre Vagner Ba\u00eda<\/p><\/div>\n<p>A <strong>Loja Can\u00e7\u00e3o Nova Bras\u00edlia<\/strong> est\u00e1 celebrando mais um <strong>anivers\u00e1rio<\/strong> e <strong>quem ganha a festa \u00e9 voc\u00ea&#8230;<\/strong><\/p>\n<p>Venha celebrar conosco este dia de festa e de celebra\u00e7\u00e3o. Um dia inteiro de promo\u00e7\u00e3o e tamb\u00e9m de encontro com Deus.<\/p>\n<p style=\"text-align: center\">No dia 09 tarde de oracional com o <a title=\"Perfil Padre Vagner\" href=\"https:\/\/www.facebook.com\/padrevagner\"><strong>Pe. Vagner Ba\u00eda<\/strong><\/a>, na loja Can\u00e7\u00e3o Nova em Bras\u00edlia, na W3 Sul,502 em frente ao Santu\u00e1rio Dom Bosco. E no dia 10 \u00e0s 20h, uma <em><strong>Santa Missa com o Pe. Vagner Ba\u00eda na \u00a0Igreja Nossa Senhora Consolata<\/strong><\/em> na 913 Norte.<\/p>\n<p style=\"text-align: justify\"><a href=\"http:\/\/blog.cancaonova.com\/brasilia\/files\/2014\/05\/niver-loja3.png\"><img loading=\"lazy\" decoding=\"async\" class=\"aligncenter  wp-image-12208\" alt=\"niver-loja3\" src=\"http:\/\/blog.cancaonova.com\/brasilia\/files\/2014\/05\/niver-loja3.png\" width=\"233\" height=\"311\" srcset=\"https:\/\/blog.cancaonova.com\/brasilia\/files\/2014\/05\/niver-loja3.png 1078w, https:\/\/blog.cancaonova.com\/brasilia\/files\/2014\/05\/niver-loja3-224x300.png 224w, https:\/\/blog.cancaonova.com\/brasilia\/files\/2014\/05\/niver-loja3-150x200.png 150w\" sizes=\"(max-width: 233px) 100vw, 233px\" \/><\/a>Voc\u00ea n\u00e3o pode ficar de fora deste grande momento. Venha Celebrar conosco..<\/p>\n<p style=\"text-align: center\"><strong>Dias 09 e 10 de Junho, loja Can\u00e7\u00e3o Nova Bras\u00edlia 06 anos.<\/strong><\/p>\n<p style=\"text-align: center\">\n<p style=\"text-align: center\">\n<p style=\"text-align: center\">\n","protected":false},"excerpt":{"rendered":"<p>Loja Can\u00e7\u00e3o Nova Bras\u00edlia, 06 anos A Loja Can\u00e7\u00e3o Nova Bras\u00edlia est\u00e1 celebrando mais um anivers\u00e1rio e quem ganha a festa \u00e9 voc\u00ea&#8230; Venha celebrar conosco este dia de festa e de celebra\u00e7\u00e3o. Um dia inteiro de promo\u00e7\u00e3o e tamb\u00e9m&#8230;<\/p>\n","protected":false},"author":1361,"featured_media":12210,"comment_status":"open","ping_status":"closed","sticky":false,"template":"","format":"standard","meta":{"_mi_skip_tracking":false,"_monsterinsights_sitenote_active":false,"_monsterinsights_sitenote_note":"","_monsterinsights_sitenote_category":0,"footnotes":""},"categories":[10341,20896,15717],"tags":[22038,19296,5011,16091,14601,951,17129],"_links":{"self":[{"href":"https:\/\/blog.cancaonova.com\/brasilia\/wp-json\/wp\/v2\/posts\/12204"}],"collection":[{"href":"https:\/\/blog.cancaonova.com\/brasilia\/wp-json\/wp\/v2\/posts"}],"about":[{"href":"https:\/\/blog.cancaonova.com\/brasilia\/wp-json\/wp\/v2\/types\/post"}],"author":[{"embeddable":true,"href":"https:\/\/blog.cancaonova.com\/brasilia\/wp-json\/wp\/v2\/users\/1361"}],"replies":[{"embeddable":true,"href":"https:\/\/blog.cancaonova.com\/brasilia\/wp-json\/wp\/v2\/comments?post=12204"}],"version-history":[{"count":3,"href":"https:\/\/blog.cancaonova.com\/brasilia\/wp-json\/wp\/v2\/posts\/12204\/revisions"}],"predecessor-version":[{"id":12212,"href":"https:\/\/blog.cancaonova.com\/brasilia\/wp-json\/wp\/v2\/posts\/12204\/revisions\/12212"}],"wp:featuredmedia":[{"embeddable":true,"href":"https:\/\/blog.cancaonova.com\/brasilia\/wp-json\/wp\/v2\/media\/12210"}],"wp:attachment":[{"href":"https:\/\/blog.cancaonova.com\/brasilia\/wp-json\/wp\/v2\/media?parent=12204"}],"wp:term":[{"taxonomy":"category","embeddable":true,"href":"https:\/\/blog.cancaonova.com\/brasilia\/wp-json\/wp\/v2\/categories?post=12204"},{"taxonomy":"post_tag","embeddable":true,"href":"https:\/\/blog.cancaonova.com\/brasilia\/wp-json\/wp\/v2\/tags?post=12204"}],"curies":[{"name":"wp","href":"https:\/\/api.w.org\/{rel}","templated":true}]}}