{"id":12206,"date":"2014-05-29T11:20:52","date_gmt":"2014-05-29T14:20:52","guid":{"rendered":"http:\/\/blog.cancaonova.com\/brasilia\/?p=12206"},"modified":"2014-05-29T13:48:23","modified_gmt":"2014-05-29T16:48:23","slug":"festa-aniversario-da-lucia-andreia","status":"publish","type":"post","link":"https:\/\/blog.cancaonova.com\/brasilia\/festa-aniversario-da-lucia-andreia\/","title":{"rendered":"Festa: Anivers\u00e1rio da L\u00facia Andr\u00e9ia"},"content":{"rendered":"<h2 style=\"text-align: center\">Feliz Anivers\u00e1rio L\u00facia Andr\u00e9ia<\/h2>\n<div id=\"attachment_12224\" style=\"width: 239px\" class=\"wp-caption aligncenter\"><a href=\"http:\/\/blog.cancaonova.com\/brasilia\/files\/2014\/05\/10402818_763526533682267_4042300747214434979_n.jpg\"><img loading=\"lazy\" decoding=\"async\" aria-describedby=\"caption-attachment-12224\" class=\" wp-image-12224\" alt=\"lucia andreia\" src=\"http:\/\/blog.cancaonova.com\/brasilia\/files\/2014\/05\/10402818_763526533682267_4042300747214434979_n.jpg\" width=\"229\" height=\"229\" srcset=\"https:\/\/blog.cancaonova.com\/brasilia\/files\/2014\/05\/10402818_763526533682267_4042300747214434979_n.jpg 960w, https:\/\/blog.cancaonova.com\/brasilia\/files\/2014\/05\/10402818_763526533682267_4042300747214434979_n-290x290.jpg 290w, https:\/\/blog.cancaonova.com\/brasilia\/files\/2014\/05\/10402818_763526533682267_4042300747214434979_n-300x300.jpg 300w\" sizes=\"(max-width: 229px) 100vw, 229px\" \/><\/a><p id=\"caption-attachment-12224\" class=\"wp-caption-text\">L\u00facia Andr\u00e9ia<br \/>Comunidade Can\u00e7\u00e3o Nova<\/p><\/div>\n<p style=\"text-align: justify\">Hoje<strong> celebramos com o cora\u00e7\u00e3o alegre<\/strong> o anivers\u00e1rio da nossa irm\u00e3 <em><strong>L\u00facia Andr\u00e9ia, <\/strong>membro da Comunidade Can\u00e7\u00e3o Nova.<\/em><\/p>\n<p style=\"text-align: justify\">Sua vida, sua presen\u00e7a \u00e9 sinal do amor de Deus para n\u00f3s.\u00a0N\u00f3s nos alegramos contigo e com o Dom da sua vida neste dia.<\/p>\n<p style=\"text-align: justify\">Que o <strong>Bom Deus te cubra com toda sorte de ben\u00e7\u00e3os<\/strong> e que Ele esteja sempre ao seu lado cuidando de suas necessidades.<\/p>\n<h5 style=\"text-align: center\">\n\t\t<style type=\"text\/css\">\n\t\t\t#gallery-1 {\n\t\t\t\tmargin: auto;\n\t\t\t}\n\t\t\t#gallery-1 .gallery-item {\n\t\t\t\tfloat: left;\n\t\t\t\tmargin-top: 10px;\n\t\t\t\ttext-align: center;\n\t\t\t\twidth: 25%;\n\t\t\t}\n\t\t\t#gallery-1 img {\n\t\t\t\tborder: 2px solid #cfcfcf;\n\t\t\t}\n\t\t\t#gallery-1 .gallery-caption {\n\t\t\t\tmargin-left: 0;\n\t\t\t}\n\t\t\t\/* see gallery_shortcode() in wp-includes\/media.php *\/\n\t\t<\/style>\n\t\t<div id='gallery-1' class='gallery galleryid-12206 gallery-columns-4 gallery-size-thumbnail'><dl class='gallery-item'>\n\t\t\t<dt class='gallery-icon landscape'>\n\t\t\t\t<a href='https:\/\/blog.cancaonova.com\/brasilia\/festa-aniversario-da-lucia-andreia\/1551753_704334922934762_62285563_n\/'><img loading=\"lazy\" decoding=\"async\" width=\"290\" height=\"290\" src=\"https:\/\/blog.cancaonova.com\/brasilia\/files\/2014\/05\/1551753_704334922934762_62285563_n-290x290.jpg\" class=\"attachment-thumbnail size-thumbnail\" alt=\"\" \/><\/a>\n\t\t\t<\/dt><\/dl><dl class='gallery-item'>\n\t\t\t<dt class='gallery-icon landscape'>\n\t\t\t\t<a href='https:\/\/blog.cancaonova.com\/brasilia\/festa-aniversario-da-lucia-andreia\/10314628_755866371114950_7691953457920978195_n\/'><img loading=\"lazy\" decoding=\"async\" width=\"290\" height=\"290\" src=\"https:\/\/blog.cancaonova.com\/brasilia\/files\/2014\/05\/10314628_755866371114950_7691953457920978195_n-290x290.jpg\" class=\"attachment-thumbnail size-thumbnail\" alt=\"\" \/><\/a>\n\t\t\t<\/dt><\/dl><dl class='gallery-item'>\n\t\t\t<dt class='gallery-icon landscape'>\n\t\t\t\t<a href='https:\/\/blog.cancaonova.com\/brasilia\/festa-aniversario-da-lucia-andreia\/10177389_755855587782695_3763185615952401410_n\/'><img loading=\"lazy\" decoding=\"async\" width=\"290\" height=\"290\" src=\"https:\/\/blog.cancaonova.com\/brasilia\/files\/2014\/05\/10177389_755855587782695_3763185615952401410_n-290x290.jpg\" class=\"attachment-thumbnail size-thumbnail\" alt=\"\" \/><\/a>\n\t\t\t<\/dt><\/dl><dl class='gallery-item'>\n\t\t\t<dt class='gallery-icon landscape'>\n\t\t\t\t<a href='https:\/\/blog.cancaonova.com\/brasilia\/festa-aniversario-da-lucia-andreia\/10155032_750134268354827_619767441348475123_n\/'><img loading=\"lazy\" decoding=\"async\" width=\"290\" height=\"290\" src=\"https:\/\/blog.cancaonova.com\/brasilia\/files\/2014\/05\/10155032_750134268354827_619767441348475123_n-290x290.jpg\" class=\"attachment-thumbnail size-thumbnail\" alt=\"\" \/><\/a>\n\t\t\t<\/dt><\/dl><br style=\"clear: both\" \/>\n\t\t<\/div>\n<\/h5>\n<p><em><strong>Felicidades neste dia e em todos os outros de sua vida.<\/strong><\/em><\/p>\n<p>&nbsp;<\/p>\n<p><em><strong>Feliz Anivers\u00e1rio!!!<\/strong><\/em><\/p>\n<h6><\/h6>\n<h6><em><strong>Can\u00e7\u00e3o Nova Bras\u00edlia<\/strong><\/em><\/h6>\n<p>&nbsp;<\/p>\n<p>&nbsp;<\/p>\n<p>***<\/p>\n<p>Celebre conosco e deixe nos coment\u00e1rios sua mensagem para a L\u00facia.<\/p>\n","protected":false},"excerpt":{"rendered":"<p>Feliz Anivers\u00e1rio L\u00facia Andr\u00e9ia Hoje celebramos com o cora\u00e7\u00e3o alegre o anivers\u00e1rio da nossa irm\u00e3 L\u00facia Andr\u00e9ia, membro da Comunidade Can\u00e7\u00e3o Nova. Sua vida, sua presen\u00e7a \u00e9 sinal do amor de Deus para n\u00f3s.\u00a0N\u00f3s nos alegramos contigo e com o&#8230;<\/p>\n","protected":false},"author":1361,"featured_media":12224,"comment_status":"open","ping_status":"closed","sticky":false,"template":"","format":"standard","meta":{"_mi_skip_tracking":false,"_monsterinsights_sitenote_active":false,"_monsterinsights_sitenote_note":"","_monsterinsights_sitenote_category":0,"footnotes":""},"categories":[10341,159277],"tags":[16504,5011,17377,16541,168184,39],"_links":{"self":[{"href":"https:\/\/blog.cancaonova.com\/brasilia\/wp-json\/wp\/v2\/posts\/12206"}],"collection":[{"href":"https:\/\/blog.cancaonova.com\/brasilia\/wp-json\/wp\/v2\/posts"}],"about":[{"href":"https:\/\/blog.cancaonova.com\/brasilia\/wp-json\/wp\/v2\/types\/post"}],"author":[{"embeddable":true,"href":"https:\/\/blog.cancaonova.com\/brasilia\/wp-json\/wp\/v2\/users\/1361"}],"replies":[{"embeddable":true,"href":"https:\/\/blog.cancaonova.com\/brasilia\/wp-json\/wp\/v2\/comments?post=12206"}],"version-history":[{"count":6,"href":"https:\/\/blog.cancaonova.com\/brasilia\/wp-json\/wp\/v2\/posts\/12206\/revisions"}],"predecessor-version":[{"id":12228,"href":"https:\/\/blog.cancaonova.com\/brasilia\/wp-json\/wp\/v2\/posts\/12206\/revisions\/12228"}],"wp:featuredmedia":[{"embeddable":true,"href":"https:\/\/blog.cancaonova.com\/brasilia\/wp-json\/wp\/v2\/media\/12224"}],"wp:attachment":[{"href":"https:\/\/blog.cancaonova.com\/brasilia\/wp-json\/wp\/v2\/media?parent=12206"}],"wp:term":[{"taxonomy":"category","embeddable":true,"href":"https:\/\/blog.cancaonova.com\/brasilia\/wp-json\/wp\/v2\/categories?post=12206"},{"taxonomy":"post_tag","embeddable":true,"href":"https:\/\/blog.cancaonova.com\/brasilia\/wp-json\/wp\/v2\/tags?post=12206"}],"curies":[{"name":"wp","href":"https:\/\/api.w.org\/{rel}","templated":true}]}}