{"id":12213,"date":"2014-05-27T10:24:47","date_gmt":"2014-05-27T13:24:47","guid":{"rendered":"http:\/\/blog.cancaonova.com\/brasilia\/?p=12213"},"modified":"2014-05-27T10:32:27","modified_gmt":"2014-05-27T13:32:27","slug":"missa-do-clube-da-evangelizacao-6","status":"publish","type":"post","link":"https:\/\/blog.cancaonova.com\/brasilia\/missa-do-clube-da-evangelizacao-6\/","title":{"rendered":"MISSA do Clube da Evangeliza\u00e7\u00e3o"},"content":{"rendered":"<h2 style=\"text-align: center\">\u00a0Missa do Clube da Evangeliza\u00e7\u00e3o<\/h2>\n<p>&nbsp;<\/p>\n<p>Nesta Quinta-feira, venha rezar conosco. Uma Santa Missa para voc\u00ea que faz parte da Familia Can\u00e7\u00e3o Nova, que evangeliza conosco atrav\u00e9s de sua contribui\u00e7\u00e3o e ajuda.<\/p>\n<p style=\"text-align: center\"><img loading=\"lazy\" decoding=\"async\" class=\"aligncenter  wp-image-12214\" alt=\"missadoclubemaio\" src=\"http:\/\/blog.cancaonova.com\/brasilia\/files\/2014\/05\/missadoclubemaio.png\" width=\"346\" height=\"468\" srcset=\"https:\/\/blog.cancaonova.com\/brasilia\/files\/2014\/05\/missadoclubemaio.png 960w, https:\/\/blog.cancaonova.com\/brasilia\/files\/2014\/05\/missadoclubemaio-221x300.png 221w\" sizes=\"(max-width: 346px) 100vw, 346px\" \/><\/p>\n<p style=\"text-align: center\">A missa ser\u00e1 presidida pelo <strong>Padre Vanilson<\/strong>, <em><strong>nesta Quinta, dia 29\/05 <\/strong>\u00e0s 20h no Santu\u00e1rio S\u00e3o Francisco de Assis, 915 Norte.\u00a0<\/em><\/p>\n<p style=\"text-align: left\">N\u00e3o fique de fora, reze conosco e experimente o Poder de Deus.<\/p>\n<h6 style=\"text-align: left\"><span style=\"text-decoration: underline\"><strong><em>Can\u00e7\u00e3o Nova Bras\u00edlia<\/em><\/strong><\/span><\/h6>\n","protected":false},"excerpt":{"rendered":"<p>\u00a0Missa do Clube da Evangeliza\u00e7\u00e3o &nbsp; Nesta Quinta-feira, venha rezar conosco. Uma Santa Missa para voc\u00ea que faz parte da Familia Can\u00e7\u00e3o Nova, que evangeliza conosco atrav\u00e9s de sua contribui\u00e7\u00e3o e ajuda. A missa ser\u00e1 presidida pelo Padre Vanilson, nesta&#8230;<\/p>\n","protected":false},"author":1361,"featured_media":12216,"comment_status":"open","ping_status":"closed","sticky":false,"template":"","format":"standard","meta":{"_mi_skip_tracking":false,"_monsterinsights_sitenote_active":false,"_monsterinsights_sitenote_note":"","_monsterinsights_sitenote_category":0,"footnotes":""},"categories":[10341,16673,20896],"tags":[17377,16963,1851,951,168181,16294],"_links":{"self":[{"href":"https:\/\/blog.cancaonova.com\/brasilia\/wp-json\/wp\/v2\/posts\/12213"}],"collection":[{"href":"https:\/\/blog.cancaonova.com\/brasilia\/wp-json\/wp\/v2\/posts"}],"about":[{"href":"https:\/\/blog.cancaonova.com\/brasilia\/wp-json\/wp\/v2\/types\/post"}],"author":[{"embeddable":true,"href":"https:\/\/blog.cancaonova.com\/brasilia\/wp-json\/wp\/v2\/users\/1361"}],"replies":[{"embeddable":true,"href":"https:\/\/blog.cancaonova.com\/brasilia\/wp-json\/wp\/v2\/comments?post=12213"}],"version-history":[{"count":2,"href":"https:\/\/blog.cancaonova.com\/brasilia\/wp-json\/wp\/v2\/posts\/12213\/revisions"}],"predecessor-version":[{"id":12217,"href":"https:\/\/blog.cancaonova.com\/brasilia\/wp-json\/wp\/v2\/posts\/12213\/revisions\/12217"}],"wp:featuredmedia":[{"embeddable":true,"href":"https:\/\/blog.cancaonova.com\/brasilia\/wp-json\/wp\/v2\/media\/12216"}],"wp:attachment":[{"href":"https:\/\/blog.cancaonova.com\/brasilia\/wp-json\/wp\/v2\/media?parent=12213"}],"wp:term":[{"taxonomy":"category","embeddable":true,"href":"https:\/\/blog.cancaonova.com\/brasilia\/wp-json\/wp\/v2\/categories?post=12213"},{"taxonomy":"post_tag","embeddable":true,"href":"https:\/\/blog.cancaonova.com\/brasilia\/wp-json\/wp\/v2\/tags?post=12213"}],"curies":[{"name":"wp","href":"https:\/\/api.w.org\/{rel}","templated":true}]}}