{"id":12235,"date":"2014-06-19T08:14:06","date_gmt":"2014-06-19T11:14:06","guid":{"rendered":"http:\/\/blog.cancaonova.com\/brasilia\/?p=12235"},"modified":"2014-06-18T15:14:29","modified_gmt":"2014-06-18T18:14:29","slug":"agenda-segundo-semestre","status":"publish","type":"post","link":"https:\/\/blog.cancaonova.com\/brasilia\/agenda-segundo-semestre\/","title":{"rendered":"AGENDA: Segundo Semestre"},"content":{"rendered":"<h2 style=\"text-align: center\">Segundo Semestre na Can\u00e7\u00e3o Nova<\/h2>\n<p>&nbsp;<\/p>\n<div id=\"attachment_12236\" style=\"width: 284px\" class=\"wp-caption aligncenter\"><a href=\"http:\/\/blog.cancaonova.com\/brasilia\/files\/2014\/06\/agenda2014-2semok-1.png\"><img loading=\"lazy\" decoding=\"async\" aria-describedby=\"caption-attachment-12236\" class=\" wp-image-12236\" alt=\"Cartaz Eventos no Segundo Semestre\" src=\"http:\/\/blog.cancaonova.com\/brasilia\/files\/2014\/06\/agenda2014-2semok-1.png\" width=\"274\" height=\"350\" srcset=\"https:\/\/blog.cancaonova.com\/brasilia\/files\/2014\/06\/agenda2014-2semok-1.png 2117w, https:\/\/blog.cancaonova.com\/brasilia\/files\/2014\/06\/agenda2014-2semok-1-235x300.png 235w\" sizes=\"(max-width: 274px) 100vw, 274px\" \/><\/a><p id=\"caption-attachment-12236\" class=\"wp-caption-text\">(clique na imagem para ampliar)<\/p><\/div>\n<p style=\"text-align: center\">J\u00e1 v\u00e1 se preparando&#8230;<\/p>\n<p style=\"text-align: center\">Segundo semestre cheio de eventos para levar voc\u00ea a um encontro pessoal com Deus.<\/p>\n<p style=\"text-align: left\">Confira no cartaz acima algumas datas, j\u00e1 marque em sua agenda e venha participar conosco.<\/p>\n<p style=\"text-align: left\"><strong>Informa\u00e7\u00f5es:<\/strong> (61) 3253-7050 ou eventosdf@cancaonova.com<\/p>\n<p style=\"text-align: left\">Esperamos por voc\u00ea.<\/p>\n<h5 style=\"text-align: left\"><strong>Can\u00e7\u00e3o Nova Bras\u00edlia<\/strong><\/h5>\n<p>&nbsp;<\/p>\n<p>&nbsp;<\/p>\n","protected":false},"excerpt":{"rendered":"<p>Segundo Semestre na Can\u00e7\u00e3o Nova &nbsp; J\u00e1 v\u00e1 se preparando&#8230; Segundo semestre cheio de eventos para levar voc\u00ea a um encontro pessoal com Deus. Confira no cartaz acima algumas datas, j\u00e1 marque em sua agenda e venha participar conosco. Informa\u00e7\u00f5es:&#8230;<\/p>\n","protected":false},"author":1361,"featured_media":0,"comment_status":"open","ping_status":"closed","sticky":false,"template":"","format":"standard","meta":{"_mi_skip_tracking":false,"_monsterinsights_sitenote_active":false,"_monsterinsights_sitenote_note":"","_monsterinsights_sitenote_category":0,"footnotes":""},"categories":[10341,20896],"tags":[168186,31898,10381],"_links":{"self":[{"href":"https:\/\/blog.cancaonova.com\/brasilia\/wp-json\/wp\/v2\/posts\/12235"}],"collection":[{"href":"https:\/\/blog.cancaonova.com\/brasilia\/wp-json\/wp\/v2\/posts"}],"about":[{"href":"https:\/\/blog.cancaonova.com\/brasilia\/wp-json\/wp\/v2\/types\/post"}],"author":[{"embeddable":true,"href":"https:\/\/blog.cancaonova.com\/brasilia\/wp-json\/wp\/v2\/users\/1361"}],"replies":[{"embeddable":true,"href":"https:\/\/blog.cancaonova.com\/brasilia\/wp-json\/wp\/v2\/comments?post=12235"}],"version-history":[{"count":4,"href":"https:\/\/blog.cancaonova.com\/brasilia\/wp-json\/wp\/v2\/posts\/12235\/revisions"}],"predecessor-version":[{"id":12240,"href":"https:\/\/blog.cancaonova.com\/brasilia\/wp-json\/wp\/v2\/posts\/12235\/revisions\/12240"}],"wp:attachment":[{"href":"https:\/\/blog.cancaonova.com\/brasilia\/wp-json\/wp\/v2\/media?parent=12235"}],"wp:term":[{"taxonomy":"category","embeddable":true,"href":"https:\/\/blog.cancaonova.com\/brasilia\/wp-json\/wp\/v2\/categories?post=12235"},{"taxonomy":"post_tag","embeddable":true,"href":"https:\/\/blog.cancaonova.com\/brasilia\/wp-json\/wp\/v2\/tags?post=12235"}],"curies":[{"name":"wp","href":"https:\/\/api.w.org\/{rel}","templated":true}]}}